{"id":37616,"date":"2021-06-30T13:30:00","date_gmt":"2021-06-30T19:30:00","guid":{"rendered":"https:\/\/redsemlac.com\/semmexico\/?p=37616"},"modified":"2023-07-21T17:03:40","modified_gmt":"2023-07-21T22:03:40","slug":"amlo-pide-acabar-con-el-machismo-en-el-foro-igualdad-2021","status":"publish","type":"post","link":"https:\/\/redsemlac.com\/semmexico\/amlo-pide-acabar-con-el-machismo-en-el-foro-igualdad-2021\/","title":{"rendered":"AMLO pide acabar con el machismo en el Foro Igualdad 2021"},"content":{"rendered":"\n<ul class=\"wp-block-list\"><li><strong>Pone como ejemplo a Jos\u00e9 Ma. Morelos y Pav\u00f3n porque lo es la igualdad econ\u00f3mica y social<\/strong><\/li><li><strong>Olvid\u00f3 hablar de la esclavitud que elimin\u00f3 el Siervo de la Naci\u00f3n<\/strong><\/li><\/ul>\n\n\n\n<p class=\"wp-block-paragraph\"><strong>Lizbeth \u00c1lvarez Mart\u00ednez.<\/strong><\/p>\n\n\n\n<p class=\"wp-block-paragraph\">SemM\u00e9xico, Cd. de M\u00e9xico, 30 de junio, 2021.- A trav\u00e9s de un video difundido en sus redes sociales, el presidente Andr\u00e9s Manuel L\u00f3pez Obrador habl\u00f3 sobre el Foro Igualdad 2021 que se celebr\u00f3 es el mes de marzo en M\u00e9xico y que desde hoy hasta el mi\u00e9rcoles la sede ser\u00e1 en Francia para concluir, con la opini\u00f3n de m\u00e1s de 13 mil mujeres.<\/p>\n\n\n\n<p class=\"wp-block-paragraph\">El jefe del ejecutivo &nbsp;inici\u00f3&nbsp; su discurso mencionando lo importante que es combatir el machismo, pero pidi\u00f3 no olvidar que la igualdad econ\u00f3mica y social es el fundamento para lograr una sociedad mejor.<\/p>\n\n\n\n<p class=\"wp-block-paragraph\">Al participar de forma virtual en el cierre del Foro Generaci\u00f3n Igualdad 2021 conclusiones que se iniciaron&nbsp; hoy en Francia, el mandatario puso como ejemplo a Jos\u00e9 &nbsp;Mar\u00eda Morelos y Pav\u00f3n quien con planteamientos sencillos luch\u00f3 por la justicia y la igualdad. Desterr\u00f3 la esclavitud.<\/p>\n\n\n\n<p class=\"wp-block-paragraph\">En la trasmisi\u00f3n en video,&nbsp; el Ejecutivo Federal mostr\u00f3 una figura de Morelos a quien calific\u00f3 de ser un cura rebelde y justo, gracias a quien se estableci\u00f3 que en M\u00e9xico deber\u00eda existir igualdad con ideas que dicen \u201centre otras cosas se dice que se modere la indigencia y la opulencia\u201d.<\/p>\n\n\n\n<p class=\"wp-block-paragraph\">\u201cEn ese documento tambi\u00e9n Morelos planteaba que se eleve el salario del pe\u00f3n, que se eleve el salario de los trabajadores, dec\u00eda Morelos de manera sencilla, que se eduque al hijo del campesino y al hijo del barretero, el que trabajaba en las minas con la barreta igual que al hijo del m\u00e1s rico hacendado y dec\u00eda Morelos que se constituya que haya tribunales que defiendan al d\u00e9bil de los abusos que comete el fuerte, ese era Morelos en su lucha por la igualdad\u201d, expuso el presidente.<\/p>\n\n\n\n<p class=\"wp-block-paragraph\">Expuso que a Morelos se le deben estas ideas profundas que han ense\u00f1ado a los mexicanos a luchar por la igualdad y la justicia, tal como hicieron los h\u00e9roes de la revoluci\u00f3n francesa, con ideales como la libertad, la igualdad y la fraternidad.<\/p>\n\n\n\n<p class=\"wp-block-paragraph\">El Presidente particip\u00f3 de manera virtual en el evento, en el que estuvo presente el presidente de Francia, Emmanuel Macron. De acuerdo con el secretario de Relaciones Exteriores, Marcelo Ebrard, este foro tuvo su primera edici\u00f3n en M\u00e9xico, con m\u00e1s de 13 mil participantes, cuyo objetivo es&nbsp; \u201cconstruir sociedades igualitarias a partir de la igualdad de g\u00e9nero\u201d.<\/p>\n","protected":false},"excerpt":{"rendered":"<p>A trav\u00e9s de un video difundido en sus redes sociales, el presidente Andr\u00e9s Manuel L\u00f3pez Obrador habl\u00f3 sobre el Foro Igualdad 2021 que se celebr\u00f3 es el mes de marzo en M\u00e9xico<\/p>\n","protected":false},"author":3,"featured_media":37617,"comment_status":"open","ping_status":"open","sticky":false,"template":"","format":"standard","meta":{"_monsterinsights_skip_tracking":false,"footnotes":""},"categories":[692,51],"tags":[],"class_list":["post-37616","post","type-post","status-publish","format-standard","has-post-thumbnail","category-692","category-ejecutivo"],"_links":{"self":[{"href":"https:\/\/redsemlac.com\/semmexico\/wp-json\/wp\/v2\/posts\/37616","targetHints":{"allow":["GET"]}}],"collection":[{"href":"https:\/\/redsemlac.com\/semmexico\/wp-json\/wp\/v2\/posts"}],"about":[{"href":"https:\/\/redsemlac.com\/semmexico\/wp-json\/wp\/v2\/types\/post"}],"author":[{"embeddable":true,"href":"https:\/\/redsemlac.com\/semmexico\/wp-json\/wp\/v2\/users\/3"}],"replies":[{"embeddable":true,"href":"https:\/\/redsemlac.com\/semmexico\/wp-json\/wp\/v2\/comments?post=37616"}],"version-history":[{"count":0,"href":"https:\/\/redsemlac.com\/semmexico\/wp-json\/wp\/v2\/posts\/37616\/revisions"}],"wp:featuredmedia":[{"embeddable":true,"href":"https:\/\/redsemlac.com\/semmexico\/wp-json\/wp\/v2\/media\/37617"}],"wp:attachment":[{"href":"https:\/\/redsemlac.com\/semmexico\/wp-json\/wp\/v2\/media?parent=37616"}],"wp:term":[{"taxonomy":"category","embeddable":true,"href":"https:\/\/redsemlac.com\/semmexico\/wp-json\/wp\/v2\/categories?post=37616"},{"taxonomy":"post_tag","embeddable":true,"href":"https:\/\/redsemlac.com\/semmexico\/wp-json\/wp\/v2\/tags?post=37616"}],"curies":[{"name":"wp","href":"https:\/\/api.w.org\/{rel}","templated":true}]}}