{"id":37610,"date":"2021-06-30T11:44:50","date_gmt":"2021-06-30T17:44:50","guid":{"rendered":"https:\/\/redsemlac.com\/semmexico\/?p=37610"},"modified":"2023-07-21T17:03:40","modified_gmt":"2023-07-21T22:03:40","slug":"aprueba-el-congreso-la-interrupcion-legal-del-embarazo-en-hidalgo-es-medio-dia","status":"publish","type":"post","link":"https:\/\/redsemlac.com\/semmexico\/aprueba-el-congreso-la-interrupcion-legal-del-embarazo-en-hidalgo-es-medio-dia\/","title":{"rendered":"Aprueba el Congreso la Interrupci\u00f3n Legal del Embarazo en Hidalgo es medio d\u00eda"},"content":{"rendered":"\n<ul class=\"wp-block-list\"><li><strong>Feministas empiezan a manifestar su j\u00fabilo en sede alterna: 30 de junio d\u00eda hist\u00f3rico<\/strong><\/li><\/ul>\n\n\n\n<ul class=\"wp-block-list\"><li><strong>Las comisiones de Salud y Puntos Constitucionales la hab\u00edan aprobado anoche<\/strong><\/li><\/ul>\n\n\n\n<p class=\"wp-block-paragraph\"><strong>&nbsp;Ignacio Garc\u00eda<\/strong><\/p>\n\n\n\n<p class=\"wp-block-paragraph\">SemM\u00e9xico, Pachuca, Hidalgo, 30 de junio.- Al medio d\u00eda de hoy la C\u00e1mara de Diputados del Estado de Hidalgo aprob\u00f3 la reforma al c\u00f3digo penal de la entidad y a la Ley de Salud del estado que permite la Interrupci\u00f3n Legal del Embarazo hasta las 12 semanas de gestaci\u00f3n.<\/p>\n\n\n\n<p class=\"wp-block-paragraph\">La minuta fue preparada por la comisi\u00f3n&nbsp; de Legislaci\u00f3n y Puntos Constitucionales del Congreso, que anoche&nbsp; se aprob\u00f3 en comisiones y que en sesi\u00f3n p\u00fablica se pudo ver la discusi\u00f3n.<\/p>\n\n\n\n<p class=\"wp-block-paragraph\">La demanda de las feministas data de 2001, y dos veces fue rechazada su discusi\u00f3n. De este modo el estado de Hidalgo se convierte en la tercera entidad del pa\u00eds con una legislaci\u00f3n que protege la libre decisi\u00f3n de las mujeres. Antes, en 2007 se aprob\u00f3 en el entonces Distrito Federal, hoy ciudad de M\u00e9xico y en Oaxaca en 2019.<\/p>\n\n\n\n<p class=\"wp-block-paragraph\">La decisi\u00f3n en Hidalgo no obstan &nbsp;las manifestaciones de los integrantes de las organizaciones denominadas \u201ca favor de la vida\u201d que exig\u00edan no permitir &nbsp;el aborto, pero &nbsp;los integrantes del \u00f3rgano legislativo local avalaron esta modificaci\u00f3n al interior del Congreso local, por lo que esta propuesta&nbsp; fue turnada al pleno legislativo este mi\u00e9rcoles&nbsp; y aprobada..<\/p>\n\n\n\n<p class=\"wp-block-paragraph\">La presidenta de la comisi\u00f3n de Legislaci\u00f3n y Puntos Constitucionales, Roxana Montealegre Salvador, se\u00f1al\u00f3 que se trata de un tema que debe garantizar justicia para las mujeres y que se permitan todos los derechos para decidir sobre sus cuerpos, por lo que se trat\u00f3 de un tema de relevancia para la ciudadan\u00eda.<\/p>\n\n\n\n<p class=\"wp-block-paragraph\">Sin embargo, legisladoras locales de oposici\u00f3n como Jajaira Aceves Calva y Claudia Lilia Luna Islas se\u00f1alaron que esta modificaci\u00f3n fue contraria a lo establecido en la Ley Org\u00e1nica del Poder Legislativo de la entidad, por lo que acusaron que se violaron los estatutos internos.<\/p>\n\n\n\n<p class=\"wp-block-paragraph\">Aunque en el interior del recinto legislativo ingresaron los manifestantes que realizaron algunos rezos y demandaron que se realizara un parlamento abierto, los legisladores locales determinaron votar por esa propuesta en comisiones, en otro espacio de la torre legislativa, por lo que este d\u00eda fue &nbsp;sometida a votaci\u00f3n en el pleno.<\/p>\n\n\n\n<p class=\"wp-block-paragraph\">El pasado 12 de diciembre de 2019, esta iniciativa fue sometida a votaci\u00f3n en el recinto legislativo, sin embargo, fue rechazada tras no alcanzar los suficientes votos por parte de los legisladores locales, como Roxana Montealegre Salvador, Ricardo Baptista Gonz\u00e1lez y Rosalba Calva Garc\u00eda, ahora promoventes de la iniciativa, quienes en su momento se abstuvieron.<\/p>\n\n\n\n<p class=\"wp-block-paragraph\">Al respecto, integrantes de organizaciones defensoras de los derechos de las mujeres como Marea Verde manifestaron que podr\u00eda tratarse de un hecho hist\u00f3rico en el que se garanticen los derechos de las mujeres para decidir sobre sus cuerpos, por lo que esperar\u00e1n la resoluci\u00f3n en el interior del recinto legislativo.<\/p>\n\n\n\n<p class=\"wp-block-paragraph\">Asimismo, otras colectivas feministas pugnaron por defender los derechos de las mujeres, por lo que a las 13 horas empezaron a manifestar su j\u00fabilo. Y que ello es en justicia&nbsp; puesto de se trata de un derecho acorde con el acceso de las mujeres hidalguense a &nbsp;los derechos humanos.<\/p>\n","protected":false},"excerpt":{"rendered":"<p>Feministas empiezan a manifestar su j\u00fabilo en sede alterna: 30 de junio d\u00eda hist\u00f3rico<\/p>\n","protected":false},"author":3,"featured_media":37611,"comment_status":"open","ping_status":"open","sticky":false,"template":"","format":"standard","meta":{"_monsterinsights_skip_tracking":false,"footnotes":""},"categories":[692,50],"tags":[],"class_list":["post-37610","post","type-post","status-publish","format-standard","has-post-thumbnail","category-692","category-congreso"],"_links":{"self":[{"href":"https:\/\/redsemlac.com\/semmexico\/wp-json\/wp\/v2\/posts\/37610","targetHints":{"allow":["GET"]}}],"collection":[{"href":"https:\/\/redsemlac.com\/semmexico\/wp-json\/wp\/v2\/posts"}],"about":[{"href":"https:\/\/redsemlac.com\/semmexico\/wp-json\/wp\/v2\/types\/post"}],"author":[{"embeddable":true,"href":"https:\/\/redsemlac.com\/semmexico\/wp-json\/wp\/v2\/users\/3"}],"replies":[{"embeddable":true,"href":"https:\/\/redsemlac.com\/semmexico\/wp-json\/wp\/v2\/comments?post=37610"}],"version-history":[{"count":0,"href":"https:\/\/redsemlac.com\/semmexico\/wp-json\/wp\/v2\/posts\/37610\/revisions"}],"wp:featuredmedia":[{"embeddable":true,"href":"https:\/\/redsemlac.com\/semmexico\/wp-json\/wp\/v2\/media\/37611"}],"wp:attachment":[{"href":"https:\/\/redsemlac.com\/semmexico\/wp-json\/wp\/v2\/media?parent=37610"}],"wp:term":[{"taxonomy":"category","embeddable":true,"href":"https:\/\/redsemlac.com\/semmexico\/wp-json\/wp\/v2\/categories?post=37610"},{"taxonomy":"post_tag","embeddable":true,"href":"https:\/\/redsemlac.com\/semmexico\/wp-json\/wp\/v2\/tags?post=37610"}],"curies":[{"name":"wp","href":"https:\/\/api.w.org\/{rel}","templated":true}]}}