{"id":37595,"date":"2021-06-21T19:42:00","date_gmt":"2021-06-22T01:42:00","guid":{"rendered":"https:\/\/redsemlac.com\/semmexico\/?p=37595"},"modified":"2023-07-21T17:03:13","modified_gmt":"2023-07-21T22:03:13","slug":"participa-michoacan-en-el-primer-simulacro-nacional-de-sismo-2021","status":"publish","type":"post","link":"https:\/\/redsemlac.com\/semmexico\/participa-michoacan-en-el-primer-simulacro-nacional-de-sismo-2021\/","title":{"rendered":"Participa Michoac\u00e1n en el Primer Simulacro Nacional de sismo 2021"},"content":{"rendered":"\n<p class=\"wp-block-paragraph\">Redacci\u00f3n<\/p>\n\n\n\n<p class=\"wp-block-paragraph\">SemM\u00e9xico. Morelia, Michoac\u00e1n, 21 de junio de 2021.- Con la finalidad de contribuir a la promoci\u00f3n de la cultura de la prevenci\u00f3n y de la protecci\u00f3n civil ante situaciones de riesgo por un sismo, el estado de Michoac\u00e1n particip\u00f3 en el Primer Simulacro Nacional 2021.<\/p>\n\n\n\n<p class=\"wp-block-paragraph\">Para tal efecto, la Secretar\u00eda de Gobierno, a trav\u00e9s de Protecci\u00f3n Civil, coordin\u00f3 los preparativos a nivel estatal, tanto para la inscripci\u00f3n de los inmuebles participantes, como en los protocolos de actuaci\u00f3n previa, durante y posterior al simulacro.<\/p>\n\n\n\n<p class=\"wp-block-paragraph\">En esta ocasi\u00f3n, participaron en Michoac\u00e1n diversas dependencias y entidades de los tres \u00f3rdenes de gobierno y de los tres poderes del Estado, instituciones privadas, educativas, comerciales e industriales.<\/p>\n\n\n\n<p class=\"wp-block-paragraph\">Espec\u00edficamente, este ejercicio convocado por la coordinaci\u00f3n Nacional de Protecci\u00f3n Civil, fue encabezado en la sede del Poder Ejecutivo por el secretario de Gobierno, Armando Hurtado Ar\u00e9valo, el cual se llev\u00f3 a cabo con la participaci\u00f3n de las y los trabajadores de las oficinas ubicadas en este edificio y quienes atendieron las indicaciones del personal capacitado para este tipo de contingencias.<\/p>\n\n\n\n<p class=\"wp-block-paragraph\">En punto de las 11:30 horas, las alarmas s\u00edsmicas fueron activadas manualmente para dar paso a los protocolos de actuaci\u00f3n que consisten en el abandono ordenado del edificio y su resguardo en zona segura.<\/p>\n\n\n\n<p class=\"wp-block-paragraph\">Al t\u00e9rmino del simulacro, el secretario de Gobierno destac\u00f3 la participaci\u00f3n ordenada y seria de las y los trabajadores de las distintas \u00e1reas del Gobierno de Michoac\u00e1n, no s\u00f3lo de quienes laboran en este edificio, sino en todas las dependencias y entidades distribuidas a lo largo y ancho del estado, as\u00ed como de las y los michoacanos que se sumaron a esta ejercicio nacional.<\/p>\n\n\n\n<p class=\"wp-block-paragraph\">Hurtado Ar\u00e9valo dio a conocer que seg\u00fan el reporte en poder de Protecci\u00f3n Civil Estatal, se tuvo una participaci\u00f3n de 54 mil 734 personas en mil 104 inmuebles de 85 municipios, registrados en la plataforma de Protecci\u00f3n Civil Nacional.<\/p>\n\n\n\n<p class=\"wp-block-paragraph\">\u201cCon este tipo de ejercicios cumplimos las recomendaciones a nivel nacional en aras de prevenir las afectaciones a causa de estos fen\u00f3menos naturales, este simulacro permiten que la gente est\u00e9 atenta y a la expectativa de una alarma s\u00edsmica y puedan salir en tiempo y forma para salvar vidas, este es el objetivo del simulacro, capacitar a nuestra gente para salir en tiempo y forma\u201d, apunt\u00f3.<\/p>\n\n\n\n<p class=\"wp-block-paragraph\">Finaliz\u00f3 al asegurar que a partir del conocimiento que trae consigo un simulacro, las personas podr\u00e1n actuar de manera r\u00e1pida, ordenada, cuidada y responsable para evitar aglomeraciones a partir de un esquema de orden, de disciplina y de tiempos para tratar de salir cuanto antes.<\/p>\n\n\n\n<p class=\"wp-block-paragraph\">Cabe se\u00f1alar que tan solo en el ejercicio realizado en Palacio de Gobierno, se cont\u00f3 con la participaci\u00f3n de m\u00e1s de 100 personas, entre ellas, el subsecretario de Gobernaci\u00f3n, Gustavo Arias Gardun\u00f1o; el director de Gobernaci\u00f3n, Noel Garc\u00eda Cancino y la directora de Transparencia y Acceso a la Informaci\u00f3n P\u00fablica del Poder Ejecutivo, Irma Nora Valencia Vargas, as\u00ed como jefes de departamento y trabajadoras y trabajadores de base y sindicalizados.<\/p>\n","protected":false},"excerpt":{"rendered":"<p>Redacci\u00f3n SemM\u00e9xico. Morelia, Michoac\u00e1n, 21 de junio de 2021.- Con la finalidad de contribuir a la promoci\u00f3n de la cultura de la prevenci\u00f3n y de la protecci\u00f3n civil ante situaciones de riesgo por un sismo, el estado de Michoac\u00e1n particip\u00f3 en el Primer Simulacro Nacional 2021. Para tal efecto, la Secretar\u00eda de Gobierno, a trav\u00e9s [&hellip;]<\/p>\n","protected":false},"author":3,"featured_media":37596,"comment_status":"open","ping_status":"open","sticky":false,"template":"","format":"standard","meta":{"_monsterinsights_skip_tracking":false,"footnotes":""},"categories":[692,51],"tags":[],"class_list":["post-37595","post","type-post","status-publish","format-standard","has-post-thumbnail","category-692","category-ejecutivo"],"_links":{"self":[{"href":"https:\/\/redsemlac.com\/semmexico\/wp-json\/wp\/v2\/posts\/37595","targetHints":{"allow":["GET"]}}],"collection":[{"href":"https:\/\/redsemlac.com\/semmexico\/wp-json\/wp\/v2\/posts"}],"about":[{"href":"https:\/\/redsemlac.com\/semmexico\/wp-json\/wp\/v2\/types\/post"}],"author":[{"embeddable":true,"href":"https:\/\/redsemlac.com\/semmexico\/wp-json\/wp\/v2\/users\/3"}],"replies":[{"embeddable":true,"href":"https:\/\/redsemlac.com\/semmexico\/wp-json\/wp\/v2\/comments?post=37595"}],"version-history":[{"count":0,"href":"https:\/\/redsemlac.com\/semmexico\/wp-json\/wp\/v2\/posts\/37595\/revisions"}],"wp:featuredmedia":[{"embeddable":true,"href":"https:\/\/redsemlac.com\/semmexico\/wp-json\/wp\/v2\/media\/37596"}],"wp:attachment":[{"href":"https:\/\/redsemlac.com\/semmexico\/wp-json\/wp\/v2\/media?parent=37595"}],"wp:term":[{"taxonomy":"category","embeddable":true,"href":"https:\/\/redsemlac.com\/semmexico\/wp-json\/wp\/v2\/categories?post=37595"},{"taxonomy":"post_tag","embeddable":true,"href":"https:\/\/redsemlac.com\/semmexico\/wp-json\/wp\/v2\/tags?post=37595"}],"curies":[{"name":"wp","href":"https:\/\/api.w.org\/{rel}","templated":true}]}}