{"id":37592,"date":"2021-06-18T19:40:00","date_gmt":"2021-06-19T01:40:00","guid":{"rendered":"https:\/\/redsemlac.com\/semmexico\/?p=37592"},"modified":"2023-07-21T17:02:16","modified_gmt":"2023-07-21T22:02:16","slug":"este-martes-inicia-vacunacion-a-personas-de-40-a-49-anos-en-morelia","status":"publish","type":"post","link":"https:\/\/redsemlac.com\/semmexico\/este-martes-inicia-vacunacion-a-personas-de-40-a-49-anos-en-morelia\/","title":{"rendered":"Este martes inicia vacunaci\u00f3n a personas de 40 a 49 a\u00f1os en Morelia"},"content":{"rendered":"\n<p class=\"wp-block-paragraph\">Redacci\u00f3n<\/p>\n\n\n\n<p class=\"wp-block-paragraph\">SemM\u00e9xico. Morelia, Michoac\u00e1n, a 18 de junio de 2021.- Este martes 22 de junio iniciar\u00e1 la vacunaci\u00f3n contra COVID-19 a personas de 40 a 49 a\u00f1os de edad y mujeres embarazadas mayores de 18 a\u00f1os, en Morelia.<\/p>\n\n\n\n<p class=\"wp-block-paragraph\">En coordinaci\u00f3n con las autoridades del sector salud, Secretar\u00eda de Salud de Michoac\u00e1n (SSM), Instituto Mexicano del Seguro Social (IMSS) e Instituto de Seguridad y Servicios Sociales de los Trabajadores del Estado (ISSSTE), Secretar\u00eda de la Defensa Nacional (Sedena) y Secretar\u00eda de Bienestar acordaron que los centros de vacunaci\u00f3n abiertos ser\u00e1n los siguientes:<\/p>\n\n\n\n<ul class=\"wp-block-list\"><li>Del martes 22 al jueves 24 de junio, en el Recinto Ferial.<\/li><li>El viernes 25 de junio, la Unidad Deportiva \u00abEj\u00e9rcito de la Revoluci\u00f3n\u00bb (para quienes que no puedan acudir los d\u00edas previos al Recinto Ferial).<\/li><\/ul>\n\n\n\n<p class=\"wp-block-paragraph\">Las personas de 40 a 49 a\u00f1os de edad y mujeres embarazadas podr\u00e1n acudir a cualquiera de estas dos sedes de vacunaci\u00f3n, independientemente de su apellido.<\/p>\n\n\n\n<p class=\"wp-block-paragraph\">Para acceder al centro de vacunaci\u00f3n deber\u00e1n presentar su Expediente de Vacunaci\u00f3n que pueden descargar de la p\u00e1gina de Internet mivacuna.salud.gob.mx e identificaci\u00f3n oficial.<\/p>\n\n\n\n<p class=\"wp-block-paragraph\">Instalar\u00e1n puestos de vacunaci\u00f3n en tenencias<\/p>\n\n\n\n<p class=\"wp-block-paragraph\">Con la finalidad de abarcar mayor cantidad de personas inmunizadas contra el COVID-19, se instalar\u00e1n puestos de vacunaci\u00f3n en las tenencias, donde ser\u00e1n atendidas personas de 40 a 49 a\u00f1os, de 50 a 59 a\u00f1os y adultos mayores, que no se hayan podido trasladar a la ciudad:<\/p>\n\n\n\n<p class=\"wp-block-paragraph\">Martes 22 en el CECyTEM de Capula; mi\u00e9rcoles 23 en el Sal\u00f3n de Usos M\u00faltiples de Teremendo y el jueves 24 en la Escuela Primaria \u201cFray Alonso de la Veracruz\u201d en Tiripet\u00edo.<\/p>\n\n\n\n<p class=\"wp-block-paragraph\">Lunes, \u00faltimo d\u00eda de vacunaci\u00f3n para personas de 50 a 59 a\u00f1os<\/p>\n\n\n\n<p class=\"wp-block-paragraph\">Debido a la demanda, este lunes 21 de junio ser\u00e1 el \u00faltimo d\u00eda de aplicaci\u00f3n de segundas dosis a personas de 50 a 59 a\u00f1os y adultos mayores de 60 a\u00f1os, en la Unidad Deportiva \u201cEj\u00e9rcito de la Revoluci\u00f3n\u201d, en la capital michoacana.<\/p>\n","protected":false},"excerpt":{"rendered":"<p>Redacci\u00f3n SemM\u00e9xico. Morelia, Michoac\u00e1n, a 18 de junio de 2021.- Este martes 22 de junio iniciar\u00e1 la vacunaci\u00f3n contra COVID-19 a personas de 40 a 49 a\u00f1os de edad y mujeres embarazadas mayores de 18 a\u00f1os, en Morelia. En coordinaci\u00f3n con las autoridades del sector salud, Secretar\u00eda de Salud de Michoac\u00e1n (SSM), Instituto Mexicano del [&hellip;]<\/p>\n","protected":false},"author":3,"featured_media":37593,"comment_status":"open","ping_status":"open","sticky":false,"template":"","format":"standard","meta":{"_monsterinsights_skip_tracking":false,"footnotes":""},"categories":[692,51],"tags":[],"class_list":["post-37592","post","type-post","status-publish","format-standard","has-post-thumbnail","category-692","category-ejecutivo"],"_links":{"self":[{"href":"https:\/\/redsemlac.com\/semmexico\/wp-json\/wp\/v2\/posts\/37592","targetHints":{"allow":["GET"]}}],"collection":[{"href":"https:\/\/redsemlac.com\/semmexico\/wp-json\/wp\/v2\/posts"}],"about":[{"href":"https:\/\/redsemlac.com\/semmexico\/wp-json\/wp\/v2\/types\/post"}],"author":[{"embeddable":true,"href":"https:\/\/redsemlac.com\/semmexico\/wp-json\/wp\/v2\/users\/3"}],"replies":[{"embeddable":true,"href":"https:\/\/redsemlac.com\/semmexico\/wp-json\/wp\/v2\/comments?post=37592"}],"version-history":[{"count":0,"href":"https:\/\/redsemlac.com\/semmexico\/wp-json\/wp\/v2\/posts\/37592\/revisions"}],"wp:featuredmedia":[{"embeddable":true,"href":"https:\/\/redsemlac.com\/semmexico\/wp-json\/wp\/v2\/media\/37593"}],"wp:attachment":[{"href":"https:\/\/redsemlac.com\/semmexico\/wp-json\/wp\/v2\/media?parent=37592"}],"wp:term":[{"taxonomy":"category","embeddable":true,"href":"https:\/\/redsemlac.com\/semmexico\/wp-json\/wp\/v2\/categories?post=37592"},{"taxonomy":"post_tag","embeddable":true,"href":"https:\/\/redsemlac.com\/semmexico\/wp-json\/wp\/v2\/tags?post=37592"}],"curies":[{"name":"wp","href":"https:\/\/api.w.org\/{rel}","templated":true}]}}