{"id":37577,"date":"2021-06-14T19:31:00","date_gmt":"2021-06-15T01:31:00","guid":{"rendered":"https:\/\/redsemlac.com\/semmexico\/?p=37577"},"modified":"2023-07-21T17:02:20","modified_gmt":"2023-07-21T22:02:20","slug":"vacunada-contra-covid-19-25-de-la-poblacion-en-michoacan","status":"publish","type":"post","link":"https:\/\/redsemlac.com\/semmexico\/vacunada-contra-covid-19-25-de-la-poblacion-en-michoacan\/","title":{"rendered":"Vacunada contra COVID-19, 25% de la poblaci\u00f3n en Michoac\u00e1n"},"content":{"rendered":"\n<p class=\"wp-block-paragraph\"><strong>Redacci\u00f3n<\/strong><\/p>\n\n\n\n<p class=\"wp-block-paragraph\">SemM\u00e9xico. Morelia, Michoac\u00e1n, 14 de junio de 2021.- En el estado de Michoac\u00e1n el 25 por ciento de la poblaci\u00f3n ha sido vacunada contra el COVID-19 y las jornadas para inmunizar al resto de la sociedad contin\u00faan conforme a lo establecido en el calendario de la Federaci\u00f3n.<\/p>\n\n\n\n<p class=\"wp-block-paragraph\">\u201cEst\u00e1 epidemia ha llegado a afectarnos a todos los sectores, pero me es muy grato saber que en Michoac\u00e1n la hemos manejado de la mejor forma, el proceso de vacunaci\u00f3n ha avanzado satisfactoriamente y un buen porcentaje de la poblaci\u00f3n, principalmente los m\u00e1s vulnerables han sido vacunados\u201d, asever\u00f3 el gobernador Silvano Aureoles Conejo.<\/p>\n\n\n\n<p class=\"wp-block-paragraph\">Al encabezar la reuni\u00f3n, el mandatario estatal destac\u00f3 que las jornadas de vacunaci\u00f3n han sido exitosas y se prev\u00e9 que la pr\u00f3xima semana se aplique el biol\u00f3gico a los adultos de 40 a 49 a\u00f1os.<\/p>\n\n\n\n<p class=\"wp-block-paragraph\">Las autoridades que integran el Comit\u00e9 de Crisis precisaron que la ocupaci\u00f3n hospitalaria del estado es del 11.5 por ciento y los municipios de Morelia, Uruapan y L\u00e1zaro C\u00e1rdenas son los que contabilizan el mayor n\u00famero de casos activos y defunciones, siendo Uruapan el m\u00e1s complicado.<\/p>\n\n\n\n<p class=\"wp-block-paragraph\">Detallaron la nueva din\u00e1mica que seguir\u00e1 para informar sobre la situaci\u00f3n epidemiol\u00f3gica de la entidad. Por ello, comentaron que, aunque las labores de monitoreo permanecer\u00e1n, a partir del siguiente lunes ser\u00e1n reportes semanales los que se compartan para informar a la poblaci\u00f3n sobre la situaci\u00f3n epidemiol\u00f3gica del estado.<\/p>\n\n\n\n<p class=\"wp-block-paragraph\">\u201cAunque esta sea la \u00faltima semana en la que la Secretar\u00eda de Salud del estado (SSM) presente reportes diarios sobre el COVID-19, se deben reiterar las medidas sanitarias que prevalecen, porque con vacuna o sin vacuna, todos y todas deben seguirse cuidando\u201d, dijo el mandatario.<\/p>\n\n\n\n<p class=\"wp-block-paragraph\">Reiteraron que para romper las cadenas de contagios, el uso de cubrebocas sigue siendo obligatorio, se deben respetar los aforos permitidos en los negocios y establecimientos, las personas deben lavarse las manos continuamente, guardar sana distancia y estar alertas en caso de viajar al extranjero o recibir visitas de personas que provengan de otro pa\u00eds.<\/p>\n","protected":false},"excerpt":{"rendered":"<p>Redacci\u00f3n SemM\u00e9xico. Morelia, Michoac\u00e1n, 14 de junio de 2021.- En el estado de Michoac\u00e1n el 25 por ciento de la poblaci\u00f3n ha sido vacunada contra el COVID-19 y las jornadas para inmunizar al resto de la sociedad contin\u00faan conforme a lo establecido en el calendario de la Federaci\u00f3n. \u201cEst\u00e1 epidemia ha llegado a afectarnos a [&hellip;]<\/p>\n","protected":false},"author":3,"featured_media":37578,"comment_status":"open","ping_status":"open","sticky":false,"template":"","format":"standard","meta":{"_monsterinsights_skip_tracking":false,"footnotes":""},"categories":[692,51],"tags":[],"class_list":["post-37577","post","type-post","status-publish","format-standard","has-post-thumbnail","category-692","category-ejecutivo"],"_links":{"self":[{"href":"https:\/\/redsemlac.com\/semmexico\/wp-json\/wp\/v2\/posts\/37577","targetHints":{"allow":["GET"]}}],"collection":[{"href":"https:\/\/redsemlac.com\/semmexico\/wp-json\/wp\/v2\/posts"}],"about":[{"href":"https:\/\/redsemlac.com\/semmexico\/wp-json\/wp\/v2\/types\/post"}],"author":[{"embeddable":true,"href":"https:\/\/redsemlac.com\/semmexico\/wp-json\/wp\/v2\/users\/3"}],"replies":[{"embeddable":true,"href":"https:\/\/redsemlac.com\/semmexico\/wp-json\/wp\/v2\/comments?post=37577"}],"version-history":[{"count":0,"href":"https:\/\/redsemlac.com\/semmexico\/wp-json\/wp\/v2\/posts\/37577\/revisions"}],"wp:featuredmedia":[{"embeddable":true,"href":"https:\/\/redsemlac.com\/semmexico\/wp-json\/wp\/v2\/media\/37578"}],"wp:attachment":[{"href":"https:\/\/redsemlac.com\/semmexico\/wp-json\/wp\/v2\/media?parent=37577"}],"wp:term":[{"taxonomy":"category","embeddable":true,"href":"https:\/\/redsemlac.com\/semmexico\/wp-json\/wp\/v2\/categories?post=37577"},{"taxonomy":"post_tag","embeddable":true,"href":"https:\/\/redsemlac.com\/semmexico\/wp-json\/wp\/v2\/tags?post=37577"}],"curies":[{"name":"wp","href":"https:\/\/api.w.org\/{rel}","templated":true}]}}