{"id":37570,"date":"2021-06-09T19:27:00","date_gmt":"2021-06-10T01:27:00","guid":{"rendered":"https:\/\/redsemlac.com\/semmexico\/?p=37570"},"modified":"2023-07-21T17:01:37","modified_gmt":"2023-07-21T22:01:37","slug":"tendra-michoacan-un-regreso-progresivo-y-seguro-a-las-aulas","status":"publish","type":"post","link":"https:\/\/redsemlac.com\/semmexico\/tendra-michoacan-un-regreso-progresivo-y-seguro-a-las-aulas\/","title":{"rendered":"Tendr\u00e1 Michoac\u00e1n un regreso progresivo y seguro a las aulas"},"content":{"rendered":"\n<p class=\"wp-block-paragraph\"><strong>Redacci\u00f3n<\/strong><\/p>\n\n\n\n<p class=\"wp-block-paragraph\">SemM\u00e9xico. Morelia, Michoac\u00e1n, 09 de junio de 2021.- En Michoac\u00e1n la educaci\u00f3n no se detiene y en apego a la Nueva Convivencia y en el marco del nivel de riesgo que tiene la entidad en el sem\u00e1foro nacional, las Secretar\u00edas estatales de Educaci\u00f3n y de Salud presentaron el protocolo para un regreso progresivo, seguro y ordenado de ni\u00f1as, ni\u00f1os y j\u00f3venes a partir del siguiente ciclo escolar.<\/p>\n\n\n\n<p class=\"wp-block-paragraph\">\u201cNo habr\u00e1 clases presenciales hasta cerrar el presente ciclo escolar, pero se podr\u00e1 atender a los alumnos que se quedaron rezagados de sexto de primaria y tercero de secundaria, los cuales podr\u00e1n nivelarse y ponerse al corriente para continuar su formaci\u00f3n acad\u00e9mica\u201d, afirm\u00f3 el Gobernador Silvano Aureoles Conejo, al encabezar la sesi\u00f3n del Comit\u00e9 Estatal de Seguridad en Salud.<\/p>\n\n\n\n<p class=\"wp-block-paragraph\">Destac\u00f3 que en Michoac\u00e1n se hab\u00eda logrado disminuir el \u00edndice de deserci\u00f3n escolar y mejorado la cobertura educativa en todos los niveles, por lo que pidi\u00f3 a las autoridades educativas, directores y rectores de escuelas y universidades, tomar acuerdos y aplicar las medidas sanitarias pertinentes para que estudiantes y docentes regresen a las aulas sin exponer su salud o la de sus familias.<\/p>\n\n\n\n<p class=\"wp-block-paragraph\">Por su parte, el secretario de Educaci\u00f3n, H\u00e9ctor Ayala Morales, confirm\u00f3 que este ciclo escolar se cerrar\u00e1 a la distancia y que se mantendr\u00e1 el programa Aprende en Casa hasta el pr\u00f3ximo 25 de junio.<\/p>\n\n\n\n<p class=\"wp-block-paragraph\">En el protocolo presentado, se establecen medidas permanentes de prevenci\u00f3n como el uso obligatorio de cubrebocas, la asistencia rotativa, la capacitaci\u00f3n y entrenamiento formal del personal, el acceso al agua y al jab\u00f3n, el m\u00e1ximo uso de espacios abiertos y la suspensi\u00f3n de ceremonias o reuniones.<\/p>\n\n\n\n<p class=\"wp-block-paragraph\">Para el cierre del ciclo escolar, el titular de la SEE precis\u00f3 que se autoriza la apertura de escuelas para la valoraci\u00f3n diagn\u00f3stica de alumnos de sexto de primaria y tercero de secundaria en riesgo de rezago, del lunes 14 al 25 de junio de 2021.<\/p>\n\n\n\n<p class=\"wp-block-paragraph\">La participaci\u00f3n ser\u00e1 voluntaria y solamente significa que los docentes est\u00e1n autorizados para reunirse, siguiendo protocolos rigurosos, con alumnos de sexto de primaria y tercero de secundaria para, en caso de que lo consideren necesario, realicen una valoraci\u00f3n que les permita conocer su logro en los aprendizajes.<\/p>\n\n\n\n<p class=\"wp-block-paragraph\">\u201cEn todos los casos est\u00e1 garantizada la continuidad del servicio educativo para el pr\u00f3ximo ciclo escolar y se ofrecer\u00e1n remediales para todos los alumnos\u201d, enfatiz\u00f3 H\u00e9ctor Ayala.<\/p>\n\n\n\n<p class=\"wp-block-paragraph\">A su vez, la secretaria de Salud, Diana Carpio R\u00edos indic\u00f3 que en el retorno a las aulas de preescolar y primaria es prioritario que la sociedad est\u00e9 bien informada y que las ni\u00f1as y ni\u00f1os cuenten con un sistema de vacunaci\u00f3n completo.<\/p>\n\n\n\n<p class=\"wp-block-paragraph\">Dijo que se pedir\u00e1 que las ni\u00f1as y ni\u00f1os asistan a la escuela con sistemas de vacunaci\u00f3n completos, como es la del hexavalente y triple viral, para evitar que se generen contagios de otras enfermedades.<\/p>\n\n\n\n<p class=\"wp-block-paragraph\">Recalc\u00f3 que, el regreso a las aulas debe ser voluntario y que se dispondr\u00e1 de pruebas de ant\u00edgeno (r\u00e1pidas) aleatorias en escuelas, as\u00ed como de pruebas en las unidades de APS y se capacitar\u00e1 a comit\u00e9s escolares.<\/p>\n\n\n\n<p class=\"wp-block-paragraph\">\u201cEn materia epidemiol\u00f3gica estamos listos para recibir a las y los ni\u00f1os y j\u00f3venes en las aulas\u201d, concluy\u00f3 Carpio R\u00edos.<\/p>\n","protected":false},"excerpt":{"rendered":"<p>Redacci\u00f3n SemM\u00e9xico. Morelia, Michoac\u00e1n, 09 de junio de 2021.- En Michoac\u00e1n la educaci\u00f3n no se detiene y en apego a la Nueva Convivencia y en el marco del nivel de riesgo que tiene la entidad en el sem\u00e1foro nacional, las Secretar\u00edas estatales de Educaci\u00f3n y de Salud presentaron el protocolo para un regreso progresivo, seguro [&hellip;]<\/p>\n","protected":false},"author":3,"featured_media":37571,"comment_status":"open","ping_status":"open","sticky":false,"template":"","format":"standard","meta":{"_monsterinsights_skip_tracking":false,"footnotes":""},"categories":[692,51],"tags":[],"class_list":["post-37570","post","type-post","status-publish","format-standard","has-post-thumbnail","category-692","category-ejecutivo"],"_links":{"self":[{"href":"https:\/\/redsemlac.com\/semmexico\/wp-json\/wp\/v2\/posts\/37570","targetHints":{"allow":["GET"]}}],"collection":[{"href":"https:\/\/redsemlac.com\/semmexico\/wp-json\/wp\/v2\/posts"}],"about":[{"href":"https:\/\/redsemlac.com\/semmexico\/wp-json\/wp\/v2\/types\/post"}],"author":[{"embeddable":true,"href":"https:\/\/redsemlac.com\/semmexico\/wp-json\/wp\/v2\/users\/3"}],"replies":[{"embeddable":true,"href":"https:\/\/redsemlac.com\/semmexico\/wp-json\/wp\/v2\/comments?post=37570"}],"version-history":[{"count":0,"href":"https:\/\/redsemlac.com\/semmexico\/wp-json\/wp\/v2\/posts\/37570\/revisions"}],"wp:featuredmedia":[{"embeddable":true,"href":"https:\/\/redsemlac.com\/semmexico\/wp-json\/wp\/v2\/media\/37571"}],"wp:attachment":[{"href":"https:\/\/redsemlac.com\/semmexico\/wp-json\/wp\/v2\/media?parent=37570"}],"wp:term":[{"taxonomy":"category","embeddable":true,"href":"https:\/\/redsemlac.com\/semmexico\/wp-json\/wp\/v2\/categories?post=37570"},{"taxonomy":"post_tag","embeddable":true,"href":"https:\/\/redsemlac.com\/semmexico\/wp-json\/wp\/v2\/tags?post=37570"}],"curies":[{"name":"wp","href":"https:\/\/api.w.org\/{rel}","templated":true}]}}