{"id":37551,"date":"2021-06-29T09:30:00","date_gmt":"2021-06-29T15:30:00","guid":{"rendered":"https:\/\/redsemlac.com\/semmexico\/?p=37551"},"modified":"2023-07-21T17:03:06","modified_gmt":"2023-07-21T22:03:06","slug":"el-ine-no-quiere-ser-fiscalizado-y-se-parapeta-en-los-medios-de-comunicacion","status":"publish","type":"post","link":"https:\/\/redsemlac.com\/semmexico\/el-ine-no-quiere-ser-fiscalizado-y-se-parapeta-en-los-medios-de-comunicacion\/","title":{"rendered":"El INE no quiere ser fiscalizado y se parapeta en los medios de comunicaci\u00f3n"},"content":{"rendered":"\n<h2 class=\"wp-block-heading\"><strong>ESCARAMUZAS POLITICAS<\/strong><\/h2>\n\n\n\n<p class=\"wp-block-paragraph\"><strong>Gloria Analco Aguilar<\/strong><\/p>\n\n\n\n<p class=\"wp-block-paragraph\">SemM\u00e9xico, Cd. de M\u00e9xico, 29 de junio, 2021.- El INE se comporta como un partido pol\u00edtico m\u00e1s, en toda regla, y ahora que la Unidad de Inteligencia Financiera (UIF) est\u00e1 encontrando elementos graves de corrupci\u00f3n en su seno, sus principales titulares acuden a los medios de comunicaci\u00f3n para denunciar \u201cpersecuci\u00f3n pol\u00edtica\u201d, lo cual no cabe por representar en sus cargos algo distinto a la pol\u00edtica en s\u00ed misma.<\/p>\n\n\n\n<p class=\"wp-block-paragraph\">Lorenzo C\u00f3rdova est\u00e1 interpretando mal \u201cAutonom\u00eda\u201d con tener \u201clas manos libres\u201d para disponer a su antojo de los recursos p\u00fablicos con que ha sido dotado el INE para su ejercicio fiscal, ignorando que es obligaci\u00f3n de los sistemas de fiscalizaci\u00f3n supervisar el buen manejo financiero de esa instituci\u00f3n.<\/p>\n\n\n\n<p class=\"wp-block-paragraph\">Santiago Nieto, titular de la UIF, ha movido la cabeza con desaprobaci\u00f3n por esta actitud de los consejeros del INE que se comportan con las cl\u00e1sicas estratagemas de los pol\u00edticos, cuando ellos no los son de ninguna manera.<\/p>\n\n\n\n<p class=\"wp-block-paragraph\">Sus afanes de protagonismo los ha conducido a adoptar un papel que est\u00e1 lejos de corresponder a su campo de actuaci\u00f3n, raz\u00f3n por la cual se han puesto nuevamente en capilla y est\u00e1n al borde de que el mundo se les venga encima, lo cual no ser\u00eda ninguna sorpresa.<\/p>\n\n\n\n<p class=\"wp-block-paragraph\">En un tuit, Ciro Muruyama entre otras cosas afirm\u00f3:<\/p>\n\n\n\n<p class=\"wp-block-paragraph\">\u201cResulta que el Gobierno usa a la UIF para ver c\u00f3mo atacarme\u201d, d\u00e1ndose \u00e9l una importancia que en materia pol\u00edtica definitivamente no tiene. S\u00f3lo se espera de \u00e9l que realice un buen trabajo y no sea corrupto, no hay otro inter\u00e9s m\u00e1s en su persona.<\/p>\n\n\n\n<p class=\"wp-block-paragraph\">Y como su mancuerna en todos los trances pol\u00edticos en los que no deber\u00edan estar, que ellos s\u00ed lo hacen \u201csin ton ni son\u201d, C\u00f3rdova tuite\u00f3:<\/p>\n\n\n\n<p class=\"wp-block-paragraph\">\u201cVa todo mi respaldo y solidaridad a mi colega y amigo @CiroMurayamaINE\u201d, dando ambos una figura p\u00fablica de claro enfrentamiento con el Gobierno Federal que no viene a cuento, pues si son inocentes, no tienen nada porque temer.<\/p>\n\n\n\n<p class=\"wp-block-paragraph\">Para colmo, en su tuit C\u00f3rdova agreg\u00f3:<\/p>\n\n\n\n<p class=\"wp-block-paragraph\">\u201cEn una democracia no es aceptable el uso de las instituciones del Estado con fines pol\u00edticos\u201d.<\/p>\n\n\n\n<p class=\"wp-block-paragraph\">Pero esta reacci\u00f3n del Consejero Presidente del INE resulta ser una balbuceante defensa que se echa por tierra con base en las indagaciones de la periodista Peniley Ramir\u00e9z, que publico en el diario Reforma, y que si bien no lo involucra a \u00e9l directamente, como titular de ese instituto, s\u00ed lo hace responsable.<\/p>\n\n\n\n<p class=\"wp-block-paragraph\">Con base en su escrito, Hay claros indicios de malos manejos en el INE.<\/p>\n\n\n\n<p class=\"wp-block-paragraph\">Santiago Nieto ya confirm\u00f3 que no hay una investigaci\u00f3n abierta en contra de ellos dos, como lo asegur\u00f3 la periodista, pero s\u00ed confirm\u00f3 a la propia periodista Santiago Nieto algunos indicios de corrupci\u00f3n que fueron encontrados al interior del INE.<\/p>\n\n\n\n<p class=\"wp-block-paragraph\">Y eso obedece a que en las investigaciones de la UIF se encontraron varias irregularidades en el INE de mucha consideraci\u00f3n, y siendo C\u00f3rdova el titular, indirectamente lo involucra, al igual que a su mano derecha, Muruyama.<\/p>\n\n\n\n<p class=\"wp-block-paragraph\">Las investigaciones se iniciaron a partir de que el \u00d3rgano Interno de Control del INE firm\u00f3 un Convenio de Colaboraci\u00f3n con la UIF, el pasado 29 de abril, que sirviera de apoyo para la prevenci\u00f3n de los delitos de operaciones con recursos de procedencia il\u00edcita, incluyendo hechos de corrupci\u00f3n, entre otros.<\/p>\n\n\n\n<p class=\"wp-block-paragraph\">En esa ocasi\u00f3n, Santiago Nieto Castillo se\u00f1al\u00f3 que ese convenio permitir\u00eda combatir actos de corrupci\u00f3n al interior del INE, ya que los movimientos de los funcionarios ser\u00edan fundamentales para saber si hay movimientos inusuales en sus finanzas, parte de las atribuciones de la UIF que debe revisar a toda la administraci\u00f3n p\u00fablica.<\/p>\n\n\n\n<p class=\"wp-block-paragraph\">En sus indagaciones la UIF encontr\u00f3 riqueza inexplicable entre sus funcionarios, lo cual ya confirm\u00f3 Santiago Nieto.<\/p>\n\n\n\n<p class=\"wp-block-paragraph\">En un tuit que Nieto public\u00f3 el pasado 26 de junio, se\u00f1al\u00f3:<\/p>\n\n\n\n<p class=\"wp-block-paragraph\">\u201cEs falso que haya instruido una investigaci\u00f3n vs CiroMurayamaINE o @Liladows. Hubo un requerimiento como parte del modelo de riesgo PEPs que se aplica a todas las autoridades que ha sido cancelado. El modelo detect\u00f3 irregularidades en un director ejecutivo. Se entregar\u00e1 al OIC.<\/p>\n\n\n\n<p class=\"wp-block-paragraph\">Preocupados, C\u00f3rdova y Murayama por ese hallazgo de un alto ejecutivo del INE, empezaron a mover a todo el sistema medi\u00e1tico porque seguro tienen cola que les pisen, y se han adelantado present\u00e1ndose como v\u00edctimas por sufrir de persecuci\u00f3n pol\u00edtica en una situaci\u00f3n en que nadie se los cree.<\/p>\n\n\n\n<p class=\"wp-block-paragraph\">La columna que destap\u00f3 todo este asunto fue la de Peniley Ram\u00edrez que public\u00f3 en el diario Reforma, donde cita textualmente a Santiago Nieto al referirse a lo que encontr\u00f3 \u00e9l al aplicar el modelo de riesgo PEPs.<\/p>\n\n\n\n<p class=\"wp-block-paragraph\">\u201cDescubrimos que hay directores en el INE con gastos de 48 millones de pesos en American Express\u201d.<\/p>\n\n\n\n<p class=\"wp-block-paragraph\">A quien involucra Ram\u00edrez en su columna es a Ren\u00e9 Miranda Jaimes, esposo de Farah Munayer, asesora de Ciro Muruyama, quien es el director del Registro Federal de Electores del INE.<\/p>\n\n\n\n<p class=\"wp-block-paragraph\">No falt\u00f3 desde luego que Miranda Jaimes saliera tambi\u00e9n con un tuit, que para curarse en salud dijo:<\/p>\n\n\n\n<p class=\"wp-block-paragraph\">\u201cSobre las publicaciones de @Reforma de este finde, no tengo nada que ocultar. Estar\u00e9 atento a los procedimientos de la UIF(si es que me investiga), para aclarar cualquier duda. Los resultados deber\u00e1n ser p\u00fablicos. 25 a\u00f1os como funcionario p\u00fablico me respaldan.<\/p>\n\n\n\n<p class=\"wp-block-paragraph\">Miranda Jaimes, por su cargo, maneja aproximadamente tres mil 500 millones de pesos anualmente, sin que explique cabalmente en qu\u00e9 y c\u00f3mo se gasta ese dinero, lo cual llama a demandar una urgente auditoria para transparentar ese gasto.<\/p>\n\n\n\n<p class=\"wp-block-paragraph\">Santiago Nieto llam\u00f3 \u201cinconsistencias\u201d al hallazgo de la tarjeta de American Express con pagos de 48 millones de pesos, pero no fue el \u00fanico, hay otras irregularidades que est\u00e1n en proceso de investigaci\u00f3n.<\/p>\n\n\n\n<p class=\"wp-block-paragraph\">Mientras se aclara todo esto, ya C\u00f3rdova y Muraya, est\u00e1n buscando el cobijo de los medios para que difundan profusamente que ellos son v\u00edctima de persecuci\u00f3n pol\u00edtica, aunque sus nombres todav\u00eda no aparezcan entre los investigados, dando a entender que est\u00e1n temerosos de que les descubran sus enjuagues.<\/p>\n\n\n\n<p class=\"wp-block-paragraph\">Es un hecho que al Gobierno Federal le interesa garantizar el buen uso de los recursos p\u00fablicos, vayan a donde vayan, como es la m\u00edstica de su quehacer pol\u00edtico.<\/p>\n\n\n\n<p class=\"wp-block-paragraph\">Ambos Consejeros \u2013C\u00f3rdova y Murayama que act\u00faan en complicidad- Intentan contrarrestar las investigaciones que se est\u00e1n siguiendo al interior del INE, pero saben muy bien que ya no hay retorno, entonces intentan encontrar refugio en medios de comunicaci\u00f3n que por sistema atacan la figura presidencial, raz\u00f3n por la cual de antemano la tienen perdida.<\/p>\n\n\n\n<p class=\"wp-block-paragraph\">Quieren darle un sesgo distinto al sello que realmente tienen las investigaciones iniciadas por la Oficina de Santiago Nieto al interior del INE, cumpliendo con sus obligaciones.<\/p>\n\n\n\n<p class=\"wp-block-paragraph\">La verdad es que ya acumulan bastantes tarjetas amarillas, y se encuentran al borde de la descalificaci\u00f3n total.<\/p>\n","protected":false},"excerpt":{"rendered":"<p>El INE se comporta como un partido pol\u00edtico m\u00e1s, en toda regla, y ahora que la Unidad de Inteligencia Financiera (UIF) est\u00e1 encontrando elementos graves de corrupci\u00f3n en su seno.<\/p>\n","protected":false},"author":3,"featured_media":35961,"comment_status":"open","ping_status":"open","sticky":false,"template":"","format":"standard","meta":{"_monsterinsights_skip_tracking":false,"footnotes":""},"categories":[692,78,35],"tags":[],"class_list":["post-37551","post","type-post","status-publish","format-standard","has-post-thumbnail","category-692","category-gloria-analco","category-opinion"],"_links":{"self":[{"href":"https:\/\/redsemlac.com\/semmexico\/wp-json\/wp\/v2\/posts\/37551","targetHints":{"allow":["GET"]}}],"collection":[{"href":"https:\/\/redsemlac.com\/semmexico\/wp-json\/wp\/v2\/posts"}],"about":[{"href":"https:\/\/redsemlac.com\/semmexico\/wp-json\/wp\/v2\/types\/post"}],"author":[{"embeddable":true,"href":"https:\/\/redsemlac.com\/semmexico\/wp-json\/wp\/v2\/users\/3"}],"replies":[{"embeddable":true,"href":"https:\/\/redsemlac.com\/semmexico\/wp-json\/wp\/v2\/comments?post=37551"}],"version-history":[{"count":0,"href":"https:\/\/redsemlac.com\/semmexico\/wp-json\/wp\/v2\/posts\/37551\/revisions"}],"wp:featuredmedia":[{"embeddable":true,"href":"https:\/\/redsemlac.com\/semmexico\/wp-json\/wp\/v2\/media\/35961"}],"wp:attachment":[{"href":"https:\/\/redsemlac.com\/semmexico\/wp-json\/wp\/v2\/media?parent=37551"}],"wp:term":[{"taxonomy":"category","embeddable":true,"href":"https:\/\/redsemlac.com\/semmexico\/wp-json\/wp\/v2\/categories?post=37551"},{"taxonomy":"post_tag","embeddable":true,"href":"https:\/\/redsemlac.com\/semmexico\/wp-json\/wp\/v2\/tags?post=37551"}],"curies":[{"name":"wp","href":"https:\/\/api.w.org\/{rel}","templated":true}]}}