{"id":37548,"date":"2021-06-29T15:40:00","date_gmt":"2021-06-29T21:40:00","guid":{"rendered":"https:\/\/redsemlac.com\/semmexico\/?p=37548"},"modified":"2023-07-21T17:03:40","modified_gmt":"2023-07-21T22:03:40","slug":"el-foro-generacion-igualdad-de-mexico-lanzo-la-alianza-global-de-los-cuidados-a-ratificarse-en-paris","status":"publish","type":"post","link":"https:\/\/redsemlac.com\/semmexico\/el-foro-generacion-igualdad-de-mexico-lanzo-la-alianza-global-de-los-cuidados-a-ratificarse-en-paris\/","title":{"rendered":"El Foro Generaci\u00f3n Igualdad de M\u00e9xico lanzo la Alianza Global de los Cuidados a ratificarse en Par\u00eds"},"content":{"rendered":"\n<ul class=\"wp-block-list\"><li><strong>Ahora\u00a0 juntas\u00a013 mil mujeres del mundo para lograr la igualdad sustantiva para las mujeres<\/strong><\/li><li><strong>Paso de estafeta a Francia desde M\u00e9xico y final del 30 de junio al 2 de julio<\/strong><\/li><\/ul>\n\n\n\n<p class=\"wp-block-paragraph\"><strong>Elda Montiel&nbsp; &nbsp;<\/strong><\/p>\n\n\n\n<p class=\"wp-block-paragraph\">SemM\u00e9xico, Cd. de M\u00e9xico, 29 de junio 2021.- Es el turno de que el Foro Generaci\u00f3n Igualdad contin\u00fae en Par\u00eds expres\u00f3 Nadine Gasman Zylberman, presidenta del Instituto Nacional de las Mujeres Inmujeres, tras se\u00f1alar que en M\u00e9xico hablamos de poder, de crisis, de esperanza, de crear acciones colectivas y de celebrar la oportunidad de coincidir juntas con 13 mil mujeres del mundo para lograr la igualdad sustantiva para las mujeres.<\/p>\n\n\n\n<p class=\"wp-block-paragraph\">Durante el evento on line \u201cPase de Antorcha de M\u00e9xico a Par\u00eds\u201d Nadine Gasman se\u00f1al\u00f3 que M\u00e9xico reafirm\u00f3 su compromiso con la igualdad y con el logro de los derechos de las mujeres.<\/p>\n\n\n\n<p class=\"wp-block-paragraph\">Se comprometi\u00f3 a seguir trabajando por llevar a la realidad todos los acuerdos y proyectos que se plasmaron durante el Foro de M\u00e9xico y con los que se realicen en el de Par\u00eds, que inicia ma\u00f1ana 30 de junio hasta el 2 de julio.<\/p>\n\n\n\n<p class=\"wp-block-paragraph\">Destaco que durante el Foro de M\u00e9xico se lanz\u00f3 con el apoyo invaluable de ONU Mujeres la Alianza Global por los Cuidados, que busca afrontar la carga de cuidados que obstaculizan las oportunidades econ\u00f3micas de las mujeres, por lo que hizo un llamado urgente a reducir estas desigualdades. &nbsp;<\/p>\n\n\n\n<p class=\"wp-block-paragraph\">Para finalizar tomo prestadas las palabras de Isabel Allende refiri\u00e9ndose a las mujeres y al feminismo: \u201cA eso aspiramos las brujas buenas. Lo que deseamos no es una fantas\u00eda, es un proyecto; entre todas podemos lograrlo\u201d.<\/p>\n\n\n\n<p class=\"wp-block-paragraph\">Por su parte Martha Delgado, subsecretaria para Asuntos Multilaterales y Derechos Humanos de la Secretar\u00eda de Relaciones Exteriores, afirmo que M\u00e9xico est\u00e1 convencido de que el sistema multilateral es la mejor manera de abordar los obst\u00e1culos estructurales que impiden el desarrollo de las mujeres y las ni\u00f1as en el mundo en toda su diversidad.<\/p>\n\n\n\n<p class=\"wp-block-paragraph\">Destac\u00f3 que el Foro Generaci\u00f3n Igualdad mostro la relevancia de apoyar los movimientos feministas y destac\u00f3 la importancia de incluir la perspectiva de g\u00e9nero para la recuperaci\u00f3n de la pandemia por Covid 19 como la \u00fanica alternativa para construir sociedades m\u00e1s justas e igualitarias.<\/p>\n\n\n\n<p class=\"wp-block-paragraph\">Finaliz\u00f3 al se\u00f1alar que los resultados fueron satisfactorios, ya que participaron m\u00e1s de 13 mil personas entre gobierno, sociedad civil, sociedad civil, j\u00f3venes, sector privado, fundaciones y organismos internacionales.<\/p>\n\n\n\n<p class=\"wp-block-paragraph\">Cabe recordar que el Foro Generaci\u00f3n Igualdad convocado por ONU Mujeres y auspiciado conjuntamente por los gobiernos de M\u00e9xico y Francia marcara el inicio de una trayectoria de medidas que se llevar\u00e1n a cabo durante 5 a\u00f1os y que estar\u00e1n dirigidas por seis Coaliciones para la Acci\u00f3n y un Pacto para las Mujeres, la Paz y la Seguridad y la Acci\u00f3n Humanitaria.<\/p>\n\n\n\n<p class=\"wp-block-paragraph\">El Foro se puso en marcha en la ciudad de M\u00e9xico en marzo del 2021 y culminar\u00e1 en Par\u00eds del 30 de junio al 2 de julio de 2021.<\/p>\n\n\n\n<p class=\"wp-block-paragraph\">La sesi\u00f3n especial la condujo Bel\u00e9n Sanz Luque de ONU Mujeres M\u00e9xico y e conto con la presencia de Phumzile MLambo Ngcuka, directora ejecutiva de ONU Mujeres, Hakima Abbas, grupo asesor de Sociedad Civil para el FGI, Chamatya Fernando, Joven activista del Grupo de Trabajo de J\u00f3venes, Eugenia L\u00f3pez, representante del Grupo de la sociedad civil mexicano para el FGI, Nicolette Naylor, directora de Programas Internacionales de justicia \u00e9tnica racial y de g\u00e9nero Fundaci\u00f3n Ford.<\/p>\n","protected":false},"excerpt":{"rendered":"<p>Ahora  juntas 13 mil mujeres del mundo para lograr la igualdad sustantiva para las mujeres<\/p>\n","protected":false},"author":3,"featured_media":37549,"comment_status":"open","ping_status":"open","sticky":false,"template":"","format":"standard","meta":{"_monsterinsights_skip_tracking":false,"footnotes":""},"categories":[692,54],"tags":[],"class_list":["post-37548","post","type-post","status-publish","format-standard","has-post-thumbnail","category-692","category-mujeres"],"_links":{"self":[{"href":"https:\/\/redsemlac.com\/semmexico\/wp-json\/wp\/v2\/posts\/37548","targetHints":{"allow":["GET"]}}],"collection":[{"href":"https:\/\/redsemlac.com\/semmexico\/wp-json\/wp\/v2\/posts"}],"about":[{"href":"https:\/\/redsemlac.com\/semmexico\/wp-json\/wp\/v2\/types\/post"}],"author":[{"embeddable":true,"href":"https:\/\/redsemlac.com\/semmexico\/wp-json\/wp\/v2\/users\/3"}],"replies":[{"embeddable":true,"href":"https:\/\/redsemlac.com\/semmexico\/wp-json\/wp\/v2\/comments?post=37548"}],"version-history":[{"count":0,"href":"https:\/\/redsemlac.com\/semmexico\/wp-json\/wp\/v2\/posts\/37548\/revisions"}],"wp:featuredmedia":[{"embeddable":true,"href":"https:\/\/redsemlac.com\/semmexico\/wp-json\/wp\/v2\/media\/37549"}],"wp:attachment":[{"href":"https:\/\/redsemlac.com\/semmexico\/wp-json\/wp\/v2\/media?parent=37548"}],"wp:term":[{"taxonomy":"category","embeddable":true,"href":"https:\/\/redsemlac.com\/semmexico\/wp-json\/wp\/v2\/categories?post=37548"},{"taxonomy":"post_tag","embeddable":true,"href":"https:\/\/redsemlac.com\/semmexico\/wp-json\/wp\/v2\/tags?post=37548"}],"curies":[{"name":"wp","href":"https:\/\/api.w.org\/{rel}","templated":true}]}}