{"id":37546,"date":"2021-06-29T15:30:00","date_gmt":"2021-06-29T21:30:00","guid":{"rendered":"https:\/\/redsemlac.com\/semmexico\/?p=37546"},"modified":"2023-07-21T17:03:40","modified_gmt":"2023-07-21T22:03:40","slug":"infodemia-e-impunidad-hugo-y-andres","status":"publish","type":"post","link":"https:\/\/redsemlac.com\/semmexico\/infodemia-e-impunidad-hugo-y-andres\/","title":{"rendered":"Infodemia e impunidad, Hugo y Andr\u00e9s"},"content":{"rendered":"\n<h2 class=\"wp-block-heading\"><strong>ENTRESEMANA<\/strong><\/h2>\n\n\n\n<p class=\"wp-block-paragraph\"><strong>Mois\u00e9s S\u00e1nchez Lim\u00f3n<\/strong><\/p>\n\n\n\n<p class=\"wp-block-paragraph\">SemM\u00e9xico, Cd. de M\u00e9xico, 29 de junio, 2021.- Esto de la infodemia no es nuevo. Su presencia ha estado ah\u00ed en cada actividad humana, en la discrepancia, en la lucha por el poder, en la guerra, en la relaci\u00f3n humana sectorial, incluso entre colegas, en la libre competencia del mercado y, por supuesto, cada quien habla de la fiesta seg\u00fan le va en ella.<\/p>\n\n\n\n<p class=\"wp-block-paragraph\">La epidemia de la desinformaci\u00f3n y la amnesia pol\u00edtica van de la mano.<\/p>\n\n\n\n<p class=\"wp-block-paragraph\">Dos personajes que se llaman agredidos y hasta vituperados por las fuerzas conservadoras, neoliberales y golpistas, son precisamente practicantes e impulsores de esa perversa forma de mentir impunemente desde foros de privilegio como son las conferencias en las que se utilizan los medios p\u00fablicos, con el enorme costo econ\u00f3mico que ello implica.<\/p>\n\n\n\n<p class=\"wp-block-paragraph\">Cuando se denuncia desde esos foros a medios de comunicaci\u00f3n, articulistas, periodistas, ex presidentes, empresarios, gobernadores, pol\u00edticos de ayer y antier y a todos los etc\u00e9teras a quienes responsabilizan de los males del pa\u00eds, huelga una consulta para pedir permiso y aplicar la ley. La ley se aplica, no se pregunta si procede.<\/p>\n\n\n\n<p class=\"wp-block-paragraph\">Sin duda se genera infodemia desde la ma\u00f1anera como igual ocurr\u00eda desde la conferencia vespertina en la que se informaba del status de la epidemia del coronavirus que ya supera a los 2.5 millones de contagiados en el pa\u00eds.<\/p>\n\n\n\n<p class=\"wp-block-paragraph\">\u00bfPor qu\u00e9 se cancela esa conferencia vespertina en la que la estrella era L\u00f3pez-Gatell? Oficialmente se aduce que la reducci\u00f3n de los casos de contagiados de virus e incluso de muertos fue la causal, pero he aqu\u00ed que hay una nueva oleada con otra cepa y, en la \u00faltima semana se registra una alza de contagios.<\/p>\n\n\n\n<p class=\"wp-block-paragraph\">S\u00ed, como lo pens\u00f3 usted: Era imperativo sacar del escenario p\u00fablico, es decir, de la exposici\u00f3n p\u00fablica al \u00bfdoctor? L\u00f3pez Gatell. Su encontronazo con una reportera que sab\u00eda lo que preguntaba y por eso se le acus\u00f3 de servir a intereses reaccionarios y golpistas que atentan contra la estabilidad del pa\u00eds, s\u00f3lo porque es reportera del diario Reforma, evidenci\u00f3 la causa principal de la cancelaci\u00f3n de la vespertina.<\/p>\n\n\n\n<p class=\"wp-block-paragraph\">Y es que L\u00f3pez Gatell se volvi\u00f3 impresentable, de piel delicada y siempre dispuesto a aparecer sabiondo que le entraba a la reflexi\u00f3n filos\u00f3fica de los males de la humanidad y de c\u00f3mo es que la pandemia nos hab\u00eda agarrado sin confesar.<\/p>\n\n\n\n<p class=\"wp-block-paragraph\">Replicar a reporteros, dictar c\u00e1tedra como periodista, jefe de informaci\u00f3n y experto editor, lo mostraba, am\u00e9n de intolerante, dispuesto a hacer el papelazo nuestro de cada d\u00eda, olvid\u00e1ndose de su papel como vocero de la pandemia y experto, aunque su pasado en el mismo papel cuando lleg\u00f3 a M\u00e9xico el virus H1N1 que lo encuer\u00f3 falto de capacidad para atender esa situaci\u00f3n, al grado de que Felipe Calder\u00f3n orden\u00f3 su cese pero lo salv\u00f3 el entonces secretario de Salud, Jos\u00e9 \u00c1ngel C\u00f3rdova Villalobos.<\/p>\n\n\n\n<p class=\"wp-block-paragraph\">Por supuesto, no podr\u00eda ser de otra forma, Hugo cuenta otra historia e incluso, hasta hoy se atreve a denunciar algo que ha sido vox populi: la corrupci\u00f3n y el negociazo en la compra-venta de medicamentos en el sector salud. \u00bfPor qu\u00e9 no denuncia &nbsp;las transas de la 4T en ese rubro?<\/p>\n\n\n\n<p class=\"wp-block-paragraph\">Y precisamente ese es el quid de la infodemia y de esta postura justiciera de L\u00f3pez Gatell y L\u00f3pez Obrador. Ha sido recurrente la denuncia, en sus homil\u00edas, respecto de este negociazo multimillonario que ejerc\u00edan funcionarios de gobiernos priistas y panistas, hasta que lleg\u00f3 la 4T no hay denuncia del presente, todo es culpa de los pillastres de ayer y antier,<\/p>\n\n\n\n<p class=\"wp-block-paragraph\">\u00a1Caray! Esta epidemia de desinformaci\u00f3n que tiene su g\u00e9nesis en el mensaje de la ma\u00f1anera, en ese texto que se pulsa al amanecer y se esparce a partir de las siete de la ma\u00f1ana como orden inductiva para dejar en el pueblo bueno y el que as\u00ed lo quiera, la idea que desparrama convicci\u00f3n de que todo lo que dice Su Alteza Seren\u00edsima es la puritita verdad.<\/p>\n\n\n\n<p class=\"wp-block-paragraph\">Pero, bueno, al clasemediero licenciado presidente le cree una buena parte del respetable. \u00bfPor qu\u00e9? Es palabra del se\u00f1or, del honesto cuyo pa\u00f1uelito le otorga ese halo de virginidad que se forma en torno de los incorruptibles y honestos,<\/p>\n\n\n\n<p class=\"wp-block-paragraph\">Empero, a Hugo L\u00f3pez Gatell no le fue bien e hizo agua la infodemia que pretendi\u00f3 esparcir desde ese espacio de Palacio Nacional, donde el conservador Jos\u00e9 Yves Limantour, en su papel de secretario de Hacienda de Porfirio D\u00edaz, dictaba pautas en captaci\u00f3n de la renta nacional. \u00bfMal fario?<\/p>\n\n\n\n<p class=\"wp-block-paragraph\">Bien. Recordemos, recordemos. Andr\u00e9s Manuel L\u00f3pez Obrador y Hugo L\u00f3pez-Gatell tuvieron en su momento la mejor oportunidad para dar lustre a sus responsabilidades como Presidente de la Rep\u00fablica y Subsecretario de Prevenci\u00f3n y Promoci\u00f3n de la Salud, cuando el Covid-19 amagaba con llegar a M\u00e9xico.<\/p>\n\n\n\n<p class=\"wp-block-paragraph\">Pero, resulta que, fieles a su recomendaci\u00f3n, se alzaron sabiondos y de plano le dieron nivel de pinche al virus, que despu\u00e9s fue calificado como el pinche virus que vino a destrozar familias y generar m\u00e1s pobreza de la que hab\u00eda, de agrandar la crisis econ\u00f3mica que se desataba merced a esa inexperiencia del experto en hacer movilizaciones y mentarle la madre al gobierno, pero resulta que ahora es gobierno.<\/p>\n\n\n\n<p class=\"wp-block-paragraph\">Es indudable que la infodemia, esto de desinformar y generar miedo con la pandemia del coronavirus, irrumpi\u00f3 en M\u00e9xico atizada por las mentiras esparcidas desde el m\u00e1s alto mando de la 4T y su principal aplaudidor. \u00bfSe debe aplaudir al gobierno por cumplir con su trabajo?<\/p>\n\n\n\n<p class=\"wp-block-paragraph\">\u00bfEs usted aficionado de los canales 22, 14 y 11 de Televisi\u00f3n? Entonces vio con regocijo el programa Chamuco TV que se transmiti\u00f3 hace unos d\u00edas por el Canal 22, conducido magistralmente por el monero Rafael Barajas El Fisg\u00f3n.<\/p>\n\n\n\n<p class=\"wp-block-paragraph\">Bueno, ah\u00ed disfrut\u00f3 usted de las lecciones del sabiondo L\u00f3pez Gatell, quien junto con una c\u00e1tedra de&nbsp; la infodemia, se dedic\u00f3 a decir barbaridad y media y hora s\u00ed, hasta recomend\u00f3 usar el cubreboca porque ah\u00ed viene la nueva cepa con una oleada de infecci\u00f3n que Dios guarde la hora.<\/p>\n\n\n\n<p class=\"wp-block-paragraph\">Y lea usted \u00e9sta sesuda explicaci\u00f3n del maestro L\u00f3pez Gatell: \u201c(\u2026) la infodemia no se detiene, es real y sigue ocurriendo en todo el mundo (es) una epidemia de desinformaci\u00f3n. \u00bfC\u00f3mo se expresa la infodemia? Cuando hay carencia de informaci\u00f3n. La que deliberadamente siembran ciertos grupos de inter\u00e9s\u201d.<\/p>\n\n\n\n<p class=\"wp-block-paragraph\">\u00bfQu\u00e9 le parece? Y, bueno, luego la embestida elemental contra con diarrea mental cuando acus\u00f3&nbsp;que esta idea de los&nbsp;ni\u00f1os con c\u00e1ncer&nbsp;que no tienen medicamentos est\u00e1 relacionada a \u201cnarrativas de golpe\u201d que en Am\u00e9rica Latina se traduce en un&nbsp;\u201cgolpe de Estado\u201d.<\/p>\n\n\n\n<p class=\"wp-block-paragraph\">\u00bfInfodemia?<\/p>\n\n\n\n<p class=\"wp-block-paragraph\">\u201cEste tipo de generaci\u00f3n de narrativas de golpe, a veces se ha conectado en Latinoam\u00e9rica, con golpe, golpe de Estado, y esta idea de los ni\u00f1os con c\u00e1ncer que no tienen medicamentos cada vez lo vemos m\u00e1s posicionado como parte de una campa\u00f1a, m\u00e1s all\u00e1 del pa\u00eds, de los grupos de derecha internacionales que est\u00e1n buscando crear esta ola de simpat\u00eda en la ciudadan\u00eda mexicana, ya con una visi\u00f3n casi golpista\u201d, sostuvo el subse.<\/p>\n\n\n\n<p class=\"wp-block-paragraph\">\u00bfQui\u00e9n le dio la pauta? Pues El Fisg\u00f3n, autor de la historieta que por millones reparte el gobierno federal a todo ciudadano que se vacuna contra el Covid-19. Bueno, cada qui\u00e9n se gana la vida como puede, pero los apapachados de la 4T no se parecen a los de la \u00e9poca neoliberal. Les falta cach\u00e9, dir\u00eda un Fif\u00ed.<\/p>\n\n\n\n<p class=\"wp-block-paragraph\">El Fisg\u00f3n coment\u00f3 a L\u00f3pez Gatell&nbsp; que \u201chabr\u00eda una campa\u00f1a para generar des\u00e1nimo y desilusi\u00f3n\u201d entre los mexicanos contra el gobierno, y estas campa\u00f1as \u201cse nutren de la desgracia\u201d.<\/p>\n\n\n\n<p class=\"wp-block-paragraph\">Barajas le puso a modo el tema y el subse nom\u00e1s se sirvi\u00f3 con la cuchara grande y hasta habl\u00f3 de golpe de Estado en M\u00e9xico, \u00a1caray!, en la que se estar\u00eda utilizando a los ni\u00f1os con c\u00e1ncer y refiri\u00f3 que hay dos elementos clave para generar una oleada de odio y \u201cson la desinformaci\u00f3n y el p\u00e1nico\u201d, como es el caso del abasto de medicinas.<\/p>\n\n\n\n<p class=\"wp-block-paragraph\">Neg\u00f3 que haya desabasto, aunque su jefe y profeta Andr\u00e9s Manuel acept\u00f3 el desabasto e incluso prometi\u00f3 solucionar el caso la semana pasada. Pero, \u00bfqu\u00e9 cree usted? \u00a1Andr\u00e9s Manuel incumpli\u00f3!<\/p>\n\n\n\n<p class=\"wp-block-paragraph\">El caso es que L\u00f3pez Gatell estaba en su elemento con tres caricaturistas afines a la 4T que le preguntaban lo que sin duda quer\u00eda le preguntaran y se desahog\u00f3:<\/p>\n\n\n\n<p class=\"wp-block-paragraph\">\u201cLo digo clara y abiertamente, en el PRI y en el PAN, tenemos exfuncionarios y exfuncionarias, legisladores de esos dos partidos, que participaron en el jugoso negocio de la corrupci\u00f3n del abasto de medicamentos en administraciones pasadas; ninguna sorpresa. El sexenio de Fox, el sexenio de Calder\u00f3n, el sexenio de Pe\u00f1a Nieto y hoy est\u00e1n profundamente dolidos porque hemos cambiado la l\u00f3gica de adquisici\u00f3n de medicamentos y hemos abierto al mercado mundial, quitando monopolios y oligopolios locales, donde ellos ten\u00edan una participaci\u00f3n mayoritaria\u201d.<\/p>\n\n\n\n<p class=\"wp-block-paragraph\">Solo para no cansar a mis 13 lectores, pregunto: \u00bfPor qu\u00e9 L\u00f3pez Obrador y L\u00f3pez Gatell no denuncian ante la Fiscal\u00eda General de la Rep\u00fablica, a los pillos que hicieron y pretenden hacer negocio multimillonario con el abasto de f\u00e1rmacos? \u00bfPor qu\u00e9 no presentan demanda penal contra los provocadores de la infodemia que, adem\u00e1s, son golpistas? Total, los tienen identificados.<\/p>\n\n\n\n<p class=\"wp-block-paragraph\">\u00a1Caray! Como que llama la atenci\u00f3n tanta perversidad de la dupla L\u00f3pez Obrador-L\u00f3pez Gatell. \u00bfSer\u00e1n acaso presa de sus propias falacias, provocadores incendiarios de la pandemia de la mentira que destila la 4T? Como dice el pr\u00f3cer a la l\u00ednea mercenaria en las ma\u00f1aneras: ah\u00ed se los dejo de tarea. Conste.<\/p>\n\n\n\n<p class=\"wp-block-paragraph\"><a href=\"mailto:sanchezlimon@gmail.com\" target=\"_blank\" rel=\"noreferrer noopener\">sanchezlimon@gmail.com<\/a><\/p>\n\n\n\n<p class=\"wp-block-paragraph\"><a href=\"http:\/\/www.entresemana.mx\/\" target=\"_blank\" rel=\"noreferrer noopener\">www.entresemana.mx<\/a><\/p>\n\n\n\n<p class=\"wp-block-paragraph\"><strong>@msanchezlimon @msanchezlimon1<\/strong><\/p>\n","protected":false},"excerpt":{"rendered":"<p>Esto de la infodemia no es nuevo. Su presencia ha estado ah\u00ed en cada actividad humana, en la discrepancia, en la lucha por el poder, en la guerra, en la relaci\u00f3n humana sectorial<\/p>\n","protected":false},"author":3,"featured_media":15805,"comment_status":"open","ping_status":"open","sticky":false,"template":"","format":"standard","meta":{"_monsterinsights_skip_tracking":false,"footnotes":""},"categories":[692,105,83,35],"tags":[],"class_list":["post-37546","post","type-post","status-publish","format-standard","has-post-thumbnail","category-692","category-entresemana","category-moises-sanchez-limon","category-opinion"],"_links":{"self":[{"href":"https:\/\/redsemlac.com\/semmexico\/wp-json\/wp\/v2\/posts\/37546","targetHints":{"allow":["GET"]}}],"collection":[{"href":"https:\/\/redsemlac.com\/semmexico\/wp-json\/wp\/v2\/posts"}],"about":[{"href":"https:\/\/redsemlac.com\/semmexico\/wp-json\/wp\/v2\/types\/post"}],"author":[{"embeddable":true,"href":"https:\/\/redsemlac.com\/semmexico\/wp-json\/wp\/v2\/users\/3"}],"replies":[{"embeddable":true,"href":"https:\/\/redsemlac.com\/semmexico\/wp-json\/wp\/v2\/comments?post=37546"}],"version-history":[{"count":0,"href":"https:\/\/redsemlac.com\/semmexico\/wp-json\/wp\/v2\/posts\/37546\/revisions"}],"wp:featuredmedia":[{"embeddable":true,"href":"https:\/\/redsemlac.com\/semmexico\/wp-json\/wp\/v2\/media\/15805"}],"wp:attachment":[{"href":"https:\/\/redsemlac.com\/semmexico\/wp-json\/wp\/v2\/media?parent=37546"}],"wp:term":[{"taxonomy":"category","embeddable":true,"href":"https:\/\/redsemlac.com\/semmexico\/wp-json\/wp\/v2\/categories?post=37546"},{"taxonomy":"post_tag","embeddable":true,"href":"https:\/\/redsemlac.com\/semmexico\/wp-json\/wp\/v2\/tags?post=37546"}],"curies":[{"name":"wp","href":"https:\/\/api.w.org\/{rel}","templated":true}]}}