{"id":37540,"date":"2021-06-29T14:55:00","date_gmt":"2021-06-29T20:55:00","guid":{"rendered":"https:\/\/redsemlac.com\/semmexico\/?p=37540"},"modified":"2023-07-21T17:03:40","modified_gmt":"2023-07-21T22:03:40","slug":"insensible-hugo-lopez-gatell","status":"publish","type":"post","link":"https:\/\/redsemlac.com\/semmexico\/insensible-hugo-lopez-gatell\/","title":{"rendered":"Insensible: Hugo L\u00f3pez Gatell"},"content":{"rendered":"\n<h2 class=\"wp-block-heading\"><strong>MUJER Y PODER<\/strong><\/h2>\n\n\n\n<p class=\"wp-block-paragraph\"><strong>Natalia Vidales de Bitterlin.<\/strong><\/p>\n\n\n\n<p class=\"wp-block-paragraph\">SemM\u00e9xico, Hermosillo, Sonora, 29 de junio, 2021.- Ayer, el&nbsp;Subsecretario&nbsp;de&nbsp;Salud, Hugo L\u00f3pez-Gatell hizo unas declaraciones por dem\u00e1s desafortunadas e impropias. Descabelladas dir\u00edamos, mejor.<\/p>\n\n\n\n<p class=\"wp-block-paragraph\">Expuso, en una entrevista que circula por&nbsp; redes:&nbsp; \u00a8esta idea de los ni\u00f1os con c\u00e1ncer que no tienen medicamento cada vez lo vemos m\u00e1s posicionado como parte de una campa\u00f1a m\u00e1s all\u00e1 del pa\u00eds, de los grupos de derecha internacionales, que est\u00e1n buscando&nbsp; crear esta ola de simpat\u00eda en la ciudadan\u00eda mexicana ya con una visi\u00f3n casi golpista\u00a8. As\u00ed, textual fue lo que dijo.<\/p>\n\n\n\n<p class=\"wp-block-paragraph\">No pod\u00edamos dar cr\u00e9dito de sus palabras cuando lo escuchamos muy orgulloso decir que quer\u00eda que quedara registro de la alerta que \u00e9l daba a la sociedad por ese peligro -existente en su mente enferma.<\/p>\n\n\n\n<p class=\"wp-block-paragraph\">O sea: los familiares de los ni\u00f1os y quienes los han apoyado en su lucha para su salvaci\u00f3n est\u00e1n confabulando para dar un \u00a8golpe de estado\u00a8 porque es la explicaci\u00f3n l\u00f3gica que ellos entienden al hecho de que numerosos grupos a todo lo ancho y largo del pa\u00eds se hayan solidarizado con los padres de familia que d\u00eda a d\u00eda exigen el medicamento para sus hijos.&nbsp;&nbsp;&nbsp;&nbsp; Por lo visto es&nbsp;&nbsp; muy dif\u00edcil, o imposible,&nbsp; que entiendan que apoyarlos es ser emp\u00e1ticos con los afectados, entender su dolor y su desesperaci\u00f3n\u2026 y tratar de buscarles la soluci\u00f3n adecuada.<\/p>\n\n\n\n<p class=\"wp-block-paragraph\">Consideramos que, sin temor a equivocarnos, si en otro pa\u00eds un funcionario hubiera hecho&nbsp; tales declaraciones\u2026.le costar\u00eda su puesto. Pero por lo visto aqu\u00ed en M\u00e9xico la 4T ya se acostumbr\u00f3 a buscar chivos expiatorios en todas partes &#8211;ahora hasta en el extranjero&#8211;&nbsp; sin un m\u00ednimo de autocr\u00edtica al haber provocado el desabasto de medicamentos oncol\u00f3gicos cancelando contratos con las farmac\u00e9uticas \u201cde la mafia del poder\u201d, antes de tener asegurada la dotaci\u00f3n con otros proveedores.&nbsp;<\/p>\n\n\n\n<p class=\"wp-block-paragraph\">Los padres&nbsp; y familiares de los ni\u00f1os con c\u00e1ncer ya sufren lo indescriptible por la falta de medicamentos como para escuchar la crueldad de las palabras del alto funcionario que en lugar de despreciarlos deber\u00eda apoyarlos y dar, de inmediato, los tratamientos que para salvar la vida requieren los peque\u00f1os.<\/p>\n\n\n\n<p class=\"wp-block-paragraph\">La falta de empat\u00eda de L\u00f3pez Gatell nos muestra el pensamiento del gobierno ante esta problem\u00e1tica tan desgarradora, se\u00f1alando que&nbsp; es una estrategia de la derecha.<\/p>\n\n\n\n<p class=\"wp-block-paragraph\">Un padre, por si no lo sabe L\u00f3pez Gatell, har\u00eda hasta lo imposible por salvar a su hijo, tan es as\u00ed que&nbsp; muchos de ellos ya se acabaron sus pocos bienes en la compra de los caros&nbsp; medicamentos en el sector privado.&nbsp; Y sin duda&nbsp; est\u00e1n ya desesperados de ver que pasan los meses y los a\u00f1os\u2026y los medicamentos y tratamientos para sus hijos, sencillamente no llegan al sector de salud p\u00fablica.<\/p>\n\n\n\n<p class=\"wp-block-paragraph\">Y es el propio presidente quien explica la ausencia de medicinas pues \u00e9l mismo declar\u00f3 hace unos d\u00edas que -pese a las consecuencias-&nbsp;&nbsp;&nbsp; se hab\u00eda \u201centercado\u201d en no ceder ante los altos precios de esos medicamentos en el pa\u00eds,&nbsp; y que estaban buscando en el extranjero costos menores pero, mientras encuentra su \u00a8farmacia del ahorro\u00a8, mueren cientos de ni\u00f1os en M\u00e9xico.&nbsp;&nbsp;&nbsp;<\/p>\n\n\n\n<p class=\"wp-block-paragraph\">Se justificar\u00eda alguna acci\u00f3n desesperada de parte de los padres&nbsp;&nbsp; -e incluso la estrategia fantasma de la que habla L\u00f3pez Gatell-&nbsp; porque son ya dos a\u00f1os de ausencia de atenci\u00f3n m\u00e9dica.&nbsp; Pero lo que no se justifica es la falta de acci\u00f3n del presidente L\u00f3pez Obrador ante el problema.&nbsp; Ni su falta de inter\u00e9s,&nbsp; ni las palabras del Secretario&nbsp; de Salud&nbsp; se justifican.<\/p>\n\n\n\n<p class=\"wp-block-paragraph\"><strong>Palabras textuales del Subsecretario de Salud, Hugo L\u00f3pez Gatell, sobre el problema de la falta de medicamentos para los ni\u00f1os con c\u00e1ncer:<\/strong><\/p>\n\n\n\n<p class=\"wp-block-paragraph\">\u00a8Me gustar\u00eda hacer una especie de alerta, o por lo menos que quede registrado.&nbsp; Este tipo de generaci\u00f3n de narrativas de golpe, a veces se ha conectado en Latinoam\u00e9rica, en la historia de latinoamericana&nbsp; con golpe-golpe, golpe de estado. Y esta idea de los ni\u00f1os con c\u00e1ncer que no tienen medicamento cada vez lo vemos m\u00e1s posicionada como parte de una campa\u00f1a m\u00e1s all\u00e1 del pa\u00eds, de los grupos de derecha internacionales, que est\u00e1n buscando&nbsp; crear esta ola de simpat\u00eda en la ciudadan\u00eda mexicana ya con una visi\u00f3n casi golpista\u00a8.<\/p>\n\n\n\n<p class=\"wp-block-paragraph\"><strong>CLICK PARA VER EL VIDEO DEL DR. LOPEZ GATEL:<\/strong><\/p>\n\n\n\n<figure class=\"wp-block-embed is-type-rich is-provider-twitter wp-block-embed-twitter\"><div class=\"wp-block-embed__wrapper\">\n<blockquote class=\"twitter-tweet\" data-width=\"550\" data-dnt=\"true\"><p lang=\"es\" dir=\"ltr\">Neta Gatell, no tienes madre.  <a href=\"https:\/\/t.co\/NAPKDzeA6l\">pic.twitter.com\/NAPKDzeA6l<\/a><\/p>&mdash; Denise Ramos \ud83d\udc60 (@deniseramosm) <a href=\"https:\/\/twitter.com\/deniseramosm\/status\/1409529678965190657?ref_src=twsrc%5Etfw\">June 28, 2021<\/a><\/blockquote><script async src=\"https:\/\/platform.twitter.com\/widgets.js\" charset=\"utf-8\"><\/script>\n<\/div><\/figure>\n","protected":false},"excerpt":{"rendered":"<p>Ayer, el Subsecretario de Salud, Hugo L\u00f3pez-Gatell hizo unas declaraciones por dem\u00e1s desafortunadas e impropias. Descabelladas dir\u00edamos, mejor.<\/p>\n","protected":false},"author":3,"featured_media":36862,"comment_status":"open","ping_status":"open","sticky":false,"template":"","format":"standard","meta":{"_monsterinsights_skip_tracking":false,"footnotes":""},"categories":[692,100,72,35],"tags":[],"class_list":["post-37540","post","type-post","status-publish","format-standard","has-post-thumbnail","category-692","category-mujer-y-poder","category-natalia-vidales","category-opinion"],"_links":{"self":[{"href":"https:\/\/redsemlac.com\/semmexico\/wp-json\/wp\/v2\/posts\/37540","targetHints":{"allow":["GET"]}}],"collection":[{"href":"https:\/\/redsemlac.com\/semmexico\/wp-json\/wp\/v2\/posts"}],"about":[{"href":"https:\/\/redsemlac.com\/semmexico\/wp-json\/wp\/v2\/types\/post"}],"author":[{"embeddable":true,"href":"https:\/\/redsemlac.com\/semmexico\/wp-json\/wp\/v2\/users\/3"}],"replies":[{"embeddable":true,"href":"https:\/\/redsemlac.com\/semmexico\/wp-json\/wp\/v2\/comments?post=37540"}],"version-history":[{"count":0,"href":"https:\/\/redsemlac.com\/semmexico\/wp-json\/wp\/v2\/posts\/37540\/revisions"}],"wp:featuredmedia":[{"embeddable":true,"href":"https:\/\/redsemlac.com\/semmexico\/wp-json\/wp\/v2\/media\/36862"}],"wp:attachment":[{"href":"https:\/\/redsemlac.com\/semmexico\/wp-json\/wp\/v2\/media?parent=37540"}],"wp:term":[{"taxonomy":"category","embeddable":true,"href":"https:\/\/redsemlac.com\/semmexico\/wp-json\/wp\/v2\/categories?post=37540"},{"taxonomy":"post_tag","embeddable":true,"href":"https:\/\/redsemlac.com\/semmexico\/wp-json\/wp\/v2\/tags?post=37540"}],"curies":[{"name":"wp","href":"https:\/\/api.w.org\/{rel}","templated":true}]}}