{"id":37537,"date":"2021-06-29T14:09:00","date_gmt":"2021-06-29T20:09:00","guid":{"rendered":"https:\/\/redsemlac.com\/semmexico\/?p=37537"},"modified":"2023-07-21T17:03:41","modified_gmt":"2023-07-21T22:03:41","slug":"el-gobierno-de-espana-aprueba-la-igualdad-real-y-efectiva-de-las-personas-trans","status":"publish","type":"post","link":"https:\/\/redsemlac.com\/semmexico\/el-gobierno-de-espana-aprueba-la-igualdad-real-y-efectiva-de-las-personas-trans\/","title":{"rendered":"El Gobierno de Espa\u00f1a aprueba la igualdad real y efectiva de las personas trans"},"content":{"rendered":"\n<ul class=\"wp-block-list\"><li><strong>Avance&nbsp; legislativo para los derechos del colectivo LGTBI, luego &nbsp;del matrimonio igualitario hace quince a\u00f1os<\/strong><\/li><li><strong>En &nbsp;la vanguardia Europea: Espa\u00f1a, B\u00e9lgica, Noruega y Malta<\/strong><strong><\/strong><\/li><\/ul>\n\n\n\n<p class=\"wp-block-paragraph\"><strong>Redacci\u00f3n<\/strong><\/p>\n\n\n\n<p class=\"wp-block-paragraph\">SemM\u00e9xico\/ Periodistas en Espa\u00f1ol, 29 de junio, 2021.- El Consejo de Ministros aprob\u00f3 \u00a0este 29 de junio de 2021 el Anteproyecto de Ley de igualdad Real y efectiva de las personas trans y para la garant\u00eda de los derechos LGTBI, elaborado por los ministerios de Igualdad y Justicia y coordinado por la vicepresidencia primera.<\/p>\n\n\n\n<p class=\"wp-block-paragraph\">La ministra de Hacienda y portavoz del Gobierno, Mar\u00eda Jes\u00fas Montero, la ministra de Igualdad, Irene Montero, y el ministro de Justicia, Juan Carlos Campo, durante la rueda de prensa posterior a la reuni\u00f3n del Consejo de Ministros 29JUN2021<\/p>\n\n\n\n<p class=\"wp-block-paragraph\">La ministra portavoz del Gobierno,&nbsp;<strong>Mar\u00eda Jes\u00fas Montero<\/strong>, ha destacado que con esta norma el Ejecutivo pretende superar la invisibilidad, estigmatizaci\u00f3n y falta de reconocimiento de los derechos de las personas lesbianas, gais, bisexuales transexuales e intersexuales (LGTBI) y situar a Espa\u00f1a en la vanguardia de Europa en la defensa de sus derechos.<\/p>\n\n\n\n<p class=\"wp-block-paragraph\">Por su parte, la titular de Igualdad,&nbsp;<strong>Irene Montero<\/strong>, ha se\u00f1alado que hoy es un d\u00eda hist\u00f3rico en el avance legislativo de los derechos del colectivo LGTBI tras la aprobaci\u00f3n del matrimonio igualitario hace quince a\u00f1os.<\/p>\n\n\n\n<p class=\"wp-block-paragraph\">Irene Montero ha trasladado a las personas trans y LGTBI que \u00abno est\u00e1n solas\u00bb y que tienen un Gobierno aliado para convertir en pol\u00edticas p\u00fablicas todos los derechos que puedan ser vulnerados: \u00abEste Gobierno trabaja para la felicidad de las personas y para que sus vidas sean dignas de ser vividas\u00bb.<\/p>\n\n\n\n<p class=\"wp-block-paragraph\">La ministra ha argumentado que el m\u00e9rito de la norma no es solo del Gobierno, sino de los colectivos y las organizaciones que llevan d\u00e9cadas peleando por sus derechos: \u00abLas protagonistas del impulso de esta ley son las personas LGTBI, particularmente las personas Trans, pero tambi\u00e9n las mujeres, las feministas de este pa\u00eds\u00bb.<\/p>\n\n\n\n<p class=\"wp-block-paragraph\">\u00abEsta es una ley feminista que entiende que, o llegamos todas, o todas somos capaces de despegarnos de suelos pegajosos, o todas somos capaces de eliminar todas las discriminaciones a las que estamos sometidas o no llegar\u00e1 ninguna\u00bb, ha a\u00f1adido Irene Montero.<\/p>\n\n\n\n<h2 class=\"wp-block-heading\"><strong>Derechos y obligaciones recogidos en la futura ley<\/strong><\/h2>\n\n\n\n<p class=\"wp-block-paragraph\">El ministro de Justicia,&nbsp;<strong>Juan Carlos Campo<\/strong>, ha indicado que los objetivos de la futura ley son garantizar y promover el derecho a la igualdad real y efectivo del colectivo LGTBI; prevenir y eliminar todo tipo de discriminaci\u00f3n que afecte a la percepci\u00f3n social del colectivo y a sus familiares y establecer la rectificaci\u00f3n registral relativa al sexo y al nombre de las personas.<\/p>\n\n\n\n<p class=\"wp-block-paragraph\">Campo ha precisado que la norma contempla disposiciones para garantizar la igualdad de trato y no discriminaci\u00f3n con medidas en los \u00e1mbitos administrativo, laboral, de la salud, la educaci\u00f3n, la cultura, el ocio, el deporte, la familia, la infancia y la juventud, iniciativas en las a\u00e9reas de la publicidad, medios de comunicaci\u00f3n social e Internet y medidas en materia de acci\u00f3n exterior y la protecci\u00f3n internacional.<\/p>\n\n\n\n<p class=\"wp-block-paragraph\">Al respecto, Irene Montero ha subrayado que la futura ley reconoce el derecho a la libre determinaci\u00f3n de la identidad de g\u00e9nero. Las personas trans dejan legalmente de considerarse enfermas y podr\u00e1n ser reconocidas por las administraciones sin que les exijan ning\u00fan tipo de informe psiqui\u00e1trico.<\/p>\n\n\n\n<p class=\"wp-block-paragraph\">El texto incorpora medidas de acci\u00f3n positiva para afrontar las discriminaciones que con m\u00e1s frecuencia sufren las personas LGTBI en todos los \u00e1mbitos. Entre ellas, la ministra ha resaltado que las mujeres lesbianas, bisexuales y sin pareja volver\u00e1n a tener acceso a las t\u00e9cnicas de reproducci\u00f3n asistida, as\u00ed como las personas trans con capacidad de gestar.<\/p>\n\n\n\n<p class=\"wp-block-paragraph\">El anteproyecto modifica el C\u00f3digo Civil para que a las mujeres lesbianas o bisexuales se les reconozca a las dos como madres de sus hijos aunque no est\u00e9n casadas. Adem\u00e1s, quedan prohibidas las terapias de conversi\u00f3n destinadas a modificar la orientaci\u00f3n, identidad sexual o la expresi\u00f3n de g\u00e9nero de las personas.<\/p>\n\n\n\n<p class=\"wp-block-paragraph\">Adem\u00e1s, establece un r\u00e9gimen de infracciones y sanciones para hacer frente a la discriminaci\u00f3n que afronta el colectivo en diversos \u00e1mbitos, como el acceso a la vivienda, la salud o sus relaciones con la administraci\u00f3n.<\/p>\n\n\n\n<h2 class=\"wp-block-heading\"><strong>Procedimiento registral y de cambio de sexo<\/strong><\/h2>\n\n\n\n<p class=\"wp-block-paragraph\">El titular de Justicia ha explicado que el texto contempla el cambio de sexo legal a partir de los doce a\u00f1os, en diferentes tramos de edad y atendiendo a la madurez y estabilidad del solicitante.<\/p>\n\n\n\n<p class=\"wp-block-paragraph\">El procedimiento para cambiar de sexo en el registro de los menores de entre doce y catorce a\u00f1os ser\u00e1 mediante un expediente de jurisdicci\u00f3n voluntaria, es decir, una resoluci\u00f3n judicial lo determinar\u00e1.<\/p>\n\n\n\n<p class=\"wp-block-paragraph\">Las personas entre catorce y diecis\u00e9is a\u00f1os tendr\u00e1n que acudir al Registro Civil, acompa\u00f1adas de sus padres o de la figura de un \u00abdefensor\u00bb, donde rellenar\u00e1n un formulario y recibir\u00e1n informaci\u00f3n sobre las consecuencias legales que tendr\u00e1 el cambio.<\/p>\n\n\n\n<p class=\"wp-block-paragraph\">Los solicitantes de entre los diecis\u00e9is y dieciocho a\u00f1os podr\u00e1n realizar de manera aut\u00f3noma el cambio de sexo en el Registro Civil.<\/p>\n\n\n\n<p class=\"wp-block-paragraph\">En el plazo m\u00e1ximo de tres meses el solicitante comparecer\u00e1 de nuevo para ratificar su solicitud y la persona encargada del registro dictar\u00e1 una resoluci\u00f3n en el plazo m\u00e1ximo de un mes tras esa segunda comparecencia.<\/p>\n\n\n\n<p class=\"wp-block-paragraph\">El ministro ha incidido en que la norma prev\u00e9 la posibilidad de un proceso de reversi\u00f3n del cambio de sexo, para el cual el menor deber\u00e1 esperar seis meses.<\/p>\n\n\n\n<h2 class=\"wp-block-heading\"><strong>Espa\u00f1a, a la vanguardia de Europa<\/strong><\/h2>\n\n\n\n<p class=\"wp-block-paragraph\">La ministra de Igualad ha trasladado que Espa\u00f1a se pone a la vanguardia europea en materia de reconocimiento de los derechos de las personas LGTBI y trans, en consonancia con el liderazgo que est\u00e1 ejerciendo el presidente del Gobierno,&nbsp;<strong>Pedro S\u00e1nchez<\/strong>, respecto a los derechos y libertades y de los derechos humanos como base de la convivencia en Europa, en un contexto en el que las agresiones LGTBI f\u00f3bicas est\u00e1n aumentando.<\/p>\n\n\n\n<p class=\"wp-block-paragraph\">En la misma l\u00ednea, el titular de Justicia ha manifestado que el texto sigue la tradici\u00f3n de los pa\u00edses referentes en la materia, como B\u00e9lgica, Noruega y Malta.<\/p>\n","protected":false},"excerpt":{"rendered":"<p>Avance  legislativo para los derechos del colectivo LGTBI, luego  del matrimonio igualitario hace quince a\u00f1os<\/p>\n","protected":false},"author":3,"featured_media":37538,"comment_status":"open","ping_status":"open","sticky":false,"template":"","format":"standard","meta":{"_monsterinsights_skip_tracking":false,"footnotes":""},"categories":[692,53],"tags":[],"class_list":["post-37537","post","type-post","status-publish","format-standard","has-post-thumbnail","category-692","category-internacional"],"_links":{"self":[{"href":"https:\/\/redsemlac.com\/semmexico\/wp-json\/wp\/v2\/posts\/37537","targetHints":{"allow":["GET"]}}],"collection":[{"href":"https:\/\/redsemlac.com\/semmexico\/wp-json\/wp\/v2\/posts"}],"about":[{"href":"https:\/\/redsemlac.com\/semmexico\/wp-json\/wp\/v2\/types\/post"}],"author":[{"embeddable":true,"href":"https:\/\/redsemlac.com\/semmexico\/wp-json\/wp\/v2\/users\/3"}],"replies":[{"embeddable":true,"href":"https:\/\/redsemlac.com\/semmexico\/wp-json\/wp\/v2\/comments?post=37537"}],"version-history":[{"count":0,"href":"https:\/\/redsemlac.com\/semmexico\/wp-json\/wp\/v2\/posts\/37537\/revisions"}],"wp:featuredmedia":[{"embeddable":true,"href":"https:\/\/redsemlac.com\/semmexico\/wp-json\/wp\/v2\/media\/37538"}],"wp:attachment":[{"href":"https:\/\/redsemlac.com\/semmexico\/wp-json\/wp\/v2\/media?parent=37537"}],"wp:term":[{"taxonomy":"category","embeddable":true,"href":"https:\/\/redsemlac.com\/semmexico\/wp-json\/wp\/v2\/categories?post=37537"},{"taxonomy":"post_tag","embeddable":true,"href":"https:\/\/redsemlac.com\/semmexico\/wp-json\/wp\/v2\/tags?post=37537"}],"curies":[{"name":"wp","href":"https:\/\/api.w.org\/{rel}","templated":true}]}}