{"id":37530,"date":"2021-06-29T14:20:00","date_gmt":"2021-06-29T20:20:00","guid":{"rendered":"https:\/\/redsemlac.com\/semmexico\/?p=37530"},"modified":"2023-07-21T17:03:41","modified_gmt":"2023-07-21T22:03:41","slug":"el-cancer-infantil-en-mexico-y-el-desabasto-que-esta-costando-la-vida","status":"publish","type":"post","link":"https:\/\/redsemlac.com\/semmexico\/el-cancer-infantil-en-mexico-y-el-desabasto-que-esta-costando-la-vida\/","title":{"rendered":"El c\u00e1ncer infantil en M\u00e9xico (y el desabasto que est\u00e1 costando la vida)"},"content":{"rendered":"\n<h2 class=\"wp-block-heading\"><strong>Desde la Mano Izquierda<\/strong><\/h2>\n\n\n\n<p class=\"wp-block-paragraph\"><strong>Claudia Almaguer<\/strong><\/p>\n\n\n\n<p class=\"wp-block-paragraph\">SemM\u00e9xico, San Luis Potos\u00ed, 29 de junio, 2021.-La p\u00e1gina de informaci\u00f3n sobre medicinas y suplementos de la Cl\u00ednica Mayo, indica que el Metrotexato es un medicamento utilizado solo o en combinaci\u00f3n con otros para tratar determinados tipos de c\u00e1ncer, entre los m\u00e1s conocidos se encuentra el c\u00e1ncer de seno, c\u00e1ncer de pulm\u00f3n, c\u00e1nceres de cabeza y cuello, linfomas y leucemia.<\/p>\n\n\n\n<p class=\"wp-block-paragraph\">Se trata de un f\u00e1rmaco que, pese a su efectividad para el tratamiento de padecimientos graves, su uso, esencial en las quimioterapias no es ning\u00fan paseo por el campo, su toxicidad puede provocar da\u00f1os hep\u00e1ticos y pulmonares, lesionar el intestino, la boca, el est\u00f3mago y causar malestares como sangrado, v\u00f3mito, hinchaz\u00f3n, p\u00e9rdida del cabello y debilidad generalizada.<\/p>\n\n\n\n<p class=\"wp-block-paragraph\">Es necesario empezar hoy de esta manera, de querer usar la jerga b\u00e9lica que nombra a las personas con estas enfermedades como guerreras o luchadoras, digamos entonces que las \u201carmas\u201d, las \u201cherramientas\u201d para combatir a su enemigo tambi\u00e9n les pasan factura, es decir, son qu\u00edmicos de \u00faltimo recurso, costosos y violentos por s\u00ed mismos con el cuerpo.<\/p>\n\n\n\n<p class=\"wp-block-paragraph\">A pesar de esa situaci\u00f3n a la que se enfrentan solos aun con el apoyo de sus familias y de que al Estado le corresponde por m\u00ednimo la adquisici\u00f3n y proveedur\u00eda de ese y otros medicamentos oncol\u00f3gicos hoy es sumamente dif\u00edcil encontrarlos en M\u00e9xico debido al severo desabasto que se viene denunciando desde el a\u00f1o 2018.<\/p>\n\n\n\n<p class=\"wp-block-paragraph\">Precisamente, en un estudio publicado por el colectivo Cero Desabasto que une a 61 organizaciones de la sociedad civil se indica que desde febrero del a\u00f1o 2019 han recibido 4,504 reportes de la falta de medicina para la diabetes, el c\u00e1ncer y las enfermedades reumatol\u00f3gicas en instituciones p\u00fablicas como el IMSS y el ISSSTE, las unidades del INSABI, en servicios estatales de salud y hospitales de por lo menos 30 entidades federativas incluida San Luis Potos\u00ed.<\/p>\n\n\n\n<p class=\"wp-block-paragraph\">Partiendo del reconocimiento de la salud como un derecho humano ahondemos en ello, pongamos de ejemplo la grave situaci\u00f3n del c\u00e1ncer infantil, de acuerdo a la Organizaci\u00f3n Panamericana de la Salud esta es una de las principales causas de mortalidad y cada a\u00f1o se diagnostican a aproximadamente 300 mil ni\u00f1os entre 0 y 19 a\u00f1os. Si bien es cierto en estas edades la enfermedad no es prevenible, en pa\u00edses de ingresos altos el 80% de esos cr\u00edos se cura, pero en aquellos de ingreso medio y bajo, la tasa de curaci\u00f3n apenas es del 20%<\/p>\n\n\n\n<p class=\"wp-block-paragraph\">De hecho, si los ni\u00f1os y ni\u00f1as mueren en pa\u00edses pobres es principalmente por falta de diagn\u00f3stico y acceso a la atenci\u00f3n m\u00e9dica tal y como est\u00e1 sucediendo en M\u00e9xico en donde se ha denunciado la muerte de 1600 ni\u00f1os desde 2018 y el empeoramiento de otros 19 mil ni\u00f1os y ni\u00f1as con c\u00e1ncer debido a la falta de medicamentos.<\/p>\n\n\n\n<p class=\"wp-block-paragraph\">Consideremos el tema econ\u00f3mico: para detectar el c\u00e1ncer se requieren consultas con especialistas, an\u00e1lisis cl\u00ednicos, tomograf\u00edas o resonancias magn\u00e9ticas, pruebas endosc\u00f3picas e histol\u00f3gicas que adem\u00e1s de ser abrumadoras para el ni\u00f1o o la ni\u00f1a, suelen ser bastante caras.<\/p>\n\n\n\n<p class=\"wp-block-paragraph\">La misma quimioterapia conforme a la Tabla de Costos Unitarios por Nivel de Atenci\u00f3n M\u00e9dica actualizada al a\u00f1o 2021 publicada en el Diario Oficial de la Federaci\u00f3n, cuesta aproximadamente 7,090 pesos, as\u00ed, el costo de este tratamiento con duraci\u00f3n de por lo menos seis meses se calcula en $74,000 pesos en sus etapas tempranas y en su tratamiento anual supera los dos millones sumando estad\u00edas hospitalarias, cirug\u00edas, medicamentos, transporte y en general los gastos que hacen las familias para adaptarse al cuidado de un ni\u00f1o enfermo.<\/p>\n\n\n\n<p class=\"wp-block-paragraph\">Seamos claros, no existe nada m\u00e1s serio ni m\u00e1s grave que tener un hijo o hija enfermo de algo como esto y es necesario ponerse en los zapatos de esos padres y madres que se enfrentan al diagn\u00f3stico, si esto suena duro lo es: cuando las instituciones de salud p\u00fablica no brindan esta atenci\u00f3n, cuando no hay medicinas ni equipo necesario los ni\u00f1os no tienen ninguna oportunidad y por consiguiente van a morir.<\/p>\n\n\n\n<p class=\"wp-block-paragraph\">Recientemente las familias afectadas se reunieron con el gobierno mexicano cuyas autoridades prometieron la compra y arribo de estos f\u00e1rmacos para el 26 de junio, pero de acuerdo a un comunicado el domingo por la noche desde la asociaci\u00f3n Nariz Roja A.C., no han cumplido con su palabra y se ha llamado a un paro nacional para el d\u00eda 30 exigiendo soluciones eficaces al problema.<\/p>\n\n\n\n<p class=\"wp-block-paragraph\">Porque claro, la otra parte que nos toca a la ciudadan\u00eda requiere de empat\u00eda y por supuesto que no sobra el contexto emocional de esta crisis de salud p\u00fablica, en ning\u00fan lugar los ni\u00f1os deber\u00edan morir porque los gobiernos no puedan o no quieran cuidar de su salud y ni la pobreza ni la mediocridad pol\u00edtica es una excusa, no es leg\u00edtima la pretensi\u00f3n de poner a estas familias a esperar dos o tres a\u00f1os a raz\u00f3n de una presunta corrupci\u00f3n que nadie sanciona todav\u00eda ni consigue remediar.<\/p>\n\n\n\n<p class=\"wp-block-paragraph\">En este escenario inenarrable, conmov\u00e1monos s\u00ed, pero por ellos y actuemos en consecuencia. A m\u00e1s ver.<\/p>\n\n\n\n<p class=\"wp-block-paragraph\">Para m\u00e1s informaci\u00f3n: Nariz Roja A.C. <a href=\"https:\/\/twitter.com\/NARIZROJAAC\">https:\/\/twitter.com\/NARIZROJAAC<\/a><\/p>\n\n\n\n<p class=\"wp-block-paragraph\">Colectivo Cero Desabasto https:\/\/twitter.com\/cerodesabasto,Mapeo del desabasto de medicamentos en M\u00e9xico https:\/\/cdn-yeeko.s3.amazonaws.com\/assets\/PRIMER+INFORME+CUATRIMESTRAL+2021.pdf<\/p>\n\n\n\n<p class=\"wp-block-paragraph\">@Almagzur<\/p>\n","protected":false},"excerpt":{"rendered":"<p>La p\u00e1gina de informaci\u00f3n sobre medicinas y suplementos de la Cl\u00ednica Mayo, indica que el Metrotexato es un medicamento utilizado solo o en combinaci\u00f3n con otros para tratar determinados tipos de c\u00e1ncer<\/p>\n","protected":false},"author":3,"featured_media":36870,"comment_status":"open","ping_status":"open","sticky":false,"template":"","format":"standard","meta":{"_monsterinsights_skip_tracking":false,"footnotes":""},"categories":[692,131,35],"tags":[],"class_list":["post-37530","post","type-post","status-publish","format-standard","has-post-thumbnail","category-692","category-claudia-almaguer","category-opinion"],"_links":{"self":[{"href":"https:\/\/redsemlac.com\/semmexico\/wp-json\/wp\/v2\/posts\/37530","targetHints":{"allow":["GET"]}}],"collection":[{"href":"https:\/\/redsemlac.com\/semmexico\/wp-json\/wp\/v2\/posts"}],"about":[{"href":"https:\/\/redsemlac.com\/semmexico\/wp-json\/wp\/v2\/types\/post"}],"author":[{"embeddable":true,"href":"https:\/\/redsemlac.com\/semmexico\/wp-json\/wp\/v2\/users\/3"}],"replies":[{"embeddable":true,"href":"https:\/\/redsemlac.com\/semmexico\/wp-json\/wp\/v2\/comments?post=37530"}],"version-history":[{"count":0,"href":"https:\/\/redsemlac.com\/semmexico\/wp-json\/wp\/v2\/posts\/37530\/revisions"}],"wp:featuredmedia":[{"embeddable":true,"href":"https:\/\/redsemlac.com\/semmexico\/wp-json\/wp\/v2\/media\/36870"}],"wp:attachment":[{"href":"https:\/\/redsemlac.com\/semmexico\/wp-json\/wp\/v2\/media?parent=37530"}],"wp:term":[{"taxonomy":"category","embeddable":true,"href":"https:\/\/redsemlac.com\/semmexico\/wp-json\/wp\/v2\/categories?post=37530"},{"taxonomy":"post_tag","embeddable":true,"href":"https:\/\/redsemlac.com\/semmexico\/wp-json\/wp\/v2\/tags?post=37530"}],"curies":[{"name":"wp","href":"https:\/\/api.w.org\/{rel}","templated":true}]}}