{"id":37497,"date":"2021-06-28T17:20:59","date_gmt":"2021-06-28T23:20:59","guid":{"rendered":"https:\/\/redsemlac.com\/semmexico\/?p=37497"},"modified":"2023-07-21T17:03:07","modified_gmt":"2023-07-21T22:03:07","slug":"fue-pintado-el-primer-mural-de-bravas-escuela-feminista-de-arte-urbano","status":"publish","type":"post","link":"https:\/\/redsemlac.com\/semmexico\/fue-pintado-el-primer-mural-de-bravas-escuela-feminista-de-arte-urbano\/","title":{"rendered":"Fue pintado el primer mural de \u201cBravas\u201d escuela feminista de arte urbano"},"content":{"rendered":"\n<ul class=\"wp-block-list\"><li><strong>Est\u00e1 ubicado sobre la calle Manuel Jos\u00e9 Oth\u00f3n entre la calle Cuarta y Tercera de la Colonia San Luis.<\/strong><\/li><\/ul>\n\n\n\n<p class=\"wp-block-paragraph\"><strong>Redacci\u00f3n<\/strong><\/p>\n\n\n\n<p class=\"wp-block-paragraph\">SemM\u00e9xico. San Luis Potos\u00ed. 28 de junio 2021.- Como parte de la campa\u00f1a del Instituto de las Mujeres del Estado (IMES) y Gr\u00e1ficaxmorritas (GXM),\u00a0 \u201cAlerta con todos los sentidos frente a la violencia contra las mujeres\u201d,\u00a0veinte alumnas concluyeron su formaci\u00f3n en la Escuela Feminista de Arte Urbano \u201cBravas\u201d luego de cinco sesiones a trav\u00e9s de la plataforma de Zoom, inform\u00f3 Erika Vel\u00e1zquez Guti\u00e9rrez, directora general de la dependencia.<\/p>\n\n\n\n<p class=\"wp-block-paragraph\">La titular del IMES detall\u00f3 que el muro con la frase \u201cVivas, diversas y bravas\u201d fue dirigido por la artista urbana y dise\u00f1adora gr\u00e1fica Janin Garc\u00edn donde participaron cinco alumnas: Elsa Aranda, Jimena Corona, Melissa Gallegos, Antonieta Garc\u00eda y Er\u00e9ndira Zapata. Cada una plasm\u00f3 su identidad, teatro, m\u00fasica y lazos familiares.<\/p>\n\n\n\n<div class=\"wp-block-jetpack-slideshow aligncenter\" data-effect=\"slide\"><div class=\"wp-block-jetpack-slideshow_container swiper-container\"><ul class=\"wp-block-jetpack-slideshow_swiper-wrapper swiper-wrapper\"><li class=\"wp-block-jetpack-slideshow_slide swiper-slide\"><figure><img loading=\"lazy\" decoding=\"async\" width=\"1024\" height=\"682\" alt=\"\" class=\"wp-block-jetpack-slideshow_image wp-image-37499\" data-id=\"37499\" src=\"https:\/\/redsemlac.com\/semmexico\/wp-content\/uploads\/2021\/06\/WhatsApp-Image-2021-06-28-at-4.53.42-PM-2.jpeg\"\/><\/figure><\/li><li class=\"wp-block-jetpack-slideshow_slide swiper-slide\"><figure><img loading=\"lazy\" decoding=\"async\" width=\"768\" height=\"1024\" alt=\"\" class=\"wp-block-jetpack-slideshow_image wp-image-37503\" data-id=\"37503\" src=\"https:\/\/redsemlac.com\/semmexico\/wp-content\/uploads\/2021\/06\/WhatsApp-Image-2021-06-28-at-4.53.43-PM.jpeg\"\/><\/figure><\/li><li class=\"wp-block-jetpack-slideshow_slide swiper-slide\"><figure><img loading=\"lazy\" decoding=\"async\" width=\"1024\" height=\"576\" alt=\"\" class=\"wp-block-jetpack-slideshow_image wp-image-37502\" data-id=\"37502\" src=\"https:\/\/redsemlac.com\/semmexico\/wp-content\/uploads\/2021\/06\/WhatsApp-Image-2021-06-28-at-4.53.43-PM-1.jpeg\"\/><\/figure><\/li><li class=\"wp-block-jetpack-slideshow_slide swiper-slide\"><figure><img loading=\"lazy\" decoding=\"async\" width=\"1024\" height=\"768\" alt=\"\" class=\"wp-block-jetpack-slideshow_image wp-image-37501\" data-id=\"37501\" src=\"https:\/\/redsemlac.com\/semmexico\/wp-content\/uploads\/2021\/06\/WhatsApp-Image-2021-06-28-at-4.53.42-PM.jpeg\"\/><\/figure><\/li><\/ul><a class=\"wp-block-jetpack-slideshow_button-prev swiper-button-prev swiper-button-white\" role=\"button\"><\/a><a class=\"wp-block-jetpack-slideshow_button-next swiper-button-next swiper-button-white\" role=\"button\"><\/a><a aria-label=\"Pause Slideshow\" class=\"wp-block-jetpack-slideshow_button-pause\" role=\"button\"><\/a><div class=\"wp-block-jetpack-slideshow_pagination swiper-pagination swiper-pagination-white\"><\/div><\/div><\/div>\n\n\n\n<p class=\"wp-block-paragraph\">Por su parte Janin Garc\u00edn expres\u00f3 que a trav\u00e9s de los talleres virtuales, las alumnas adquirieron conocimientos b\u00e1sicos de la pr\u00e1ctica y t\u00e9cnica del Arte Urbano y Grafitti, y as\u00ed poder plasmar sus mensajes en contra de la violencia de g\u00e9nero.<strong><\/strong><\/p>\n\n\n\n<p class=\"wp-block-paragraph\">La alumna Elsa Aranda, manifest\u00f3 su emoci\u00f3n al participar en la primera generaci\u00f3n de la Escuela ya que dijo fue una experiencia muy interesante &nbsp;poder interactuar con muralistas y dise\u00f1adoras destacadas en el Arte Urbano y Graffiti, quienes les transmitieron sus conocimientos para elaborar trazos, estilo adaptable a gran formato y posibilidad de seguir haciendo murales.<\/p>\n\n\n\n<p class=\"wp-block-paragraph\">Este fin de semana continuar\u00e1 est\u00e1 actividad en la Avenida Ricardo B. Anaya y durante dos fines de semana del mes de julio se pintaran muros en zonas de alto riego en el municipio de Soledad de Graciano S\u00e1nchez.<\/p>\n\n\n\n<p class=\"wp-block-paragraph\">Ilse Flores, Perla S\u00e1nchez y Mar\u00eda Carlock dirigir\u00e1n a cinco alumnas por los tres muros restantes en el tema de caligrafia e ilustraci\u00f3n en gran formato.<\/p>\n","protected":false},"excerpt":{"rendered":"<p>Est\u00e1 ubicado sobre la calle Manuel Jos\u00e9 Oth\u00f3n entre la calle Cuarta y Tercera de la Colonia San Luis.<\/p>\n","protected":false},"author":3,"featured_media":37498,"comment_status":"open","ping_status":"open","sticky":false,"template":"","format":"standard","meta":{"_monsterinsights_skip_tracking":false,"footnotes":""},"categories":[692,54],"tags":[],"class_list":["post-37497","post","type-post","status-publish","format-standard","has-post-thumbnail","category-692","category-mujeres"],"_links":{"self":[{"href":"https:\/\/redsemlac.com\/semmexico\/wp-json\/wp\/v2\/posts\/37497","targetHints":{"allow":["GET"]}}],"collection":[{"href":"https:\/\/redsemlac.com\/semmexico\/wp-json\/wp\/v2\/posts"}],"about":[{"href":"https:\/\/redsemlac.com\/semmexico\/wp-json\/wp\/v2\/types\/post"}],"author":[{"embeddable":true,"href":"https:\/\/redsemlac.com\/semmexico\/wp-json\/wp\/v2\/users\/3"}],"replies":[{"embeddable":true,"href":"https:\/\/redsemlac.com\/semmexico\/wp-json\/wp\/v2\/comments?post=37497"}],"version-history":[{"count":0,"href":"https:\/\/redsemlac.com\/semmexico\/wp-json\/wp\/v2\/posts\/37497\/revisions"}],"wp:featuredmedia":[{"embeddable":true,"href":"https:\/\/redsemlac.com\/semmexico\/wp-json\/wp\/v2\/media\/37498"}],"wp:attachment":[{"href":"https:\/\/redsemlac.com\/semmexico\/wp-json\/wp\/v2\/media?parent=37497"}],"wp:term":[{"taxonomy":"category","embeddable":true,"href":"https:\/\/redsemlac.com\/semmexico\/wp-json\/wp\/v2\/categories?post=37497"},{"taxonomy":"post_tag","embeddable":true,"href":"https:\/\/redsemlac.com\/semmexico\/wp-json\/wp\/v2\/tags?post=37497"}],"curies":[{"name":"wp","href":"https:\/\/api.w.org\/{rel}","templated":true}]}}