{"id":37494,"date":"2021-06-28T17:12:12","date_gmt":"2021-06-28T23:12:12","guid":{"rendered":"https:\/\/redsemlac.com\/semmexico\/?p=37494"},"modified":"2023-07-21T17:03:07","modified_gmt":"2023-07-21T22:03:07","slug":"448-personas-de-la-poblacion-lgbt-participaron-en-las-elecciones-en-oaxaca","status":"publish","type":"post","link":"https:\/\/redsemlac.com\/semmexico\/448-personas-de-la-poblacion-lgbt-participaron-en-las-elecciones-en-oaxaca\/","title":{"rendered":"448 personas de la poblaci\u00f3n LGBT+ participaron en las elecciones en Oaxaca"},"content":{"rendered":"\n<ul class=\"wp-block-list\"><li><strong>Nancy Ben\u00edtez, persona no binaria, gan\u00f3<\/strong> <strong>una diputaci\u00f3n local.<\/strong><\/li><\/ul>\n\n\n\n<ul class=\"wp-block-list\"><li><strong>Oaxaca, junto con Sinaloa, Sonora, Guanajuato, Aguascalientes, Michoac\u00e1n, Edomex y CDMX contar\u00e1 con una diputada lesbiana<\/strong><\/li><\/ul>\n\n\n\n<p class=\"wp-block-paragraph\"><strong>Patricia Birse\u00f1o<\/strong><\/p>\n\n\n\n<p class=\"wp-block-paragraph\">SemM\u00e9xico, Oaxaca, 28 de junio, 2021.- En cumplimiento a la resoluci\u00f3n del Tribunal Electoral del Estado de Oaxaca (TEEO) que estableci\u00f3 modificar los lineamientos en materia de paridad de g\u00e9nero en favor del sector de la poblaci\u00f3n LGBT+, 448 personas participaron en el proceso electoral pasado bajo esta cuota.<\/p>\n\n\n\n<p class=\"wp-block-paragraph\">Como resultado de las acciones afirmativas y adscritos como personas LGBT+ incluyendo la categor\u00eda no binaria, Nancy Ben\u00edtez y Froyl\u00e1n Medina Santos \u00abCachito\u00bb, consiguieron una curul local y la alcald\u00eda de Santiago Niltepec, abanderados de Morena .<\/p>\n\n\n\n<p class=\"wp-block-paragraph\">Para el defensor de derechos humanos, Jos\u00e9 Alejandro Sandoval \u201cla acci\u00f3n afirmativa contribuy\u00f3 a revertir en el \u00e1mbito electoral la desigualdad en la representaci\u00f3n del movimiento social de la diversidad, en la integraci\u00f3n de ayuntamientos y diputaciones en Oaxaca\u201d.<\/p>\n\n\n\n<p class=\"wp-block-paragraph\">\u201cDe esta forma se concretiza esta identidad colectiva sexogen\u00e9rica, que es la participaci\u00f3n pol\u00edtica de manera directa y en la toma de decisiones\u201d, consider\u00f3<\/p>\n\n\n\n<p class=\"wp-block-paragraph\">\u201cOaxaca, junto con Sinaloa, Sonora, Guanajuato, Aguascalientes, Michoac\u00e1n, Edomex y CDMX contar\u00e1 con una diputada lesbiana, por lo que una vez m\u00e1s, la entidad oaxaque\u00f1a vuelve a marcar la pauta por el reconocimiento de los derechos de las personas LGBT+\u201d, consider\u00f3.<\/p>\n\n\n\n<p class=\"wp-block-paragraph\">El tambi\u00e9n coordinador de proyectos de la Defensor\u00eda de los Derechos Humanos del Pueblo de Oaxaca refiri\u00f3 que, si bien son una minor\u00eda, frente a un Congreso del Estado y cabildo cisg\u00e9nero (mujeres y hombres), ahora son visibles, con presencia social y pol\u00edtica para concretar eventuales acciones incluyentes.<\/p>\n\n\n\n<p class=\"wp-block-paragraph\">A su vez, Nashielly Aquino Luis, empresaria, activista y lesbiana se pronunci\u00f3 porque \u201cel trabajo de los nuevos representantes populares, autoadscritos como homosexuales, trabajen por la inclusi\u00f3n, por la igualdad y la no discriminaci\u00f3n, pues deben de trabajar para todas y todos (transversal), pero sin dejar de lado la agenda LGBT+.<\/p>\n\n\n\n<p class=\"wp-block-paragraph\">\u201cTienen como responsabilidad atender a las necesidades que se han expresado durante a\u00f1os como personas LGBT+: seguridad, sistemas estatales de salud eficientes, oportunidades laborales y educativas\u201d, asent\u00f3.<\/p>\n\n\n\n<p class=\"wp-block-paragraph\">Por ejemplo, en el tema de seguridad, deben de revisar el estatus de carpetas iniciadas por los casos de cr\u00edmenes de odio y homofobia. \u201cLa urgencia de contar con un protocolo de atenci\u00f3n y acompa\u00f1amiento a familiares de las v\u00edctimas\u201d, consider\u00f3 la fundadora de la cerveza artesanal Muxe.<\/p>\n\n\n\n<h2 class=\"wp-block-heading\"><strong>Es largo el camino, para llegar a la representaci\u00f3n LGBT+<\/strong><\/h2>\n\n\n\n<p class=\"wp-block-paragraph\">Las acciones afirmativas que inciden a favor de las poblaciones afromexicanas, ind\u00edgenas, con discapacidad y de la diversidad sexual, en el caso de Oaxaca, tiene su antecedente en los lineamientos de paridad que reconocieron a las personas trans, intersexuales y muxe en 2017.<\/p>\n\n\n\n<p class=\"wp-block-paragraph\">En aquel entonces se llev\u00f3 a un registro in\u00e9dito de candidaturas trans, sin embargo, a partir de las denuncias de colectivos y defensores de derechos humanos, la autoridad jurisdiccional orden\u00f3 la cancelaci\u00f3n definitiva de 17 candidaturas denunciadas como de hombres que simularon (mintieron) ser muxes, y que pretend\u00edan contender para presidencias municipales en dicho proceso electoral. En aquella ocasi\u00f3n s\u00f3lo participaron dos candidatas muxes, abanderadas por el PRD: Felina Santiago y M\u00edstica S\u00e1nchez.<\/p>\n\n\n\n<p class=\"wp-block-paragraph\">Jessica Jazzibe Hern\u00e1ndez Garc\u00eda, consejera del Instituto Estatal Electoral de Oaxaca y de Participaci\u00f3n Ciudadana (IEEPCO) consider\u00f3 que lo sucedido en el pasado proceso electoral, del 6 de junio, favoreci\u00f3 establecer esquemas que ayudan a revertir en el \u00e1mbito electoral la desigualdad en la representaci\u00f3n de grupos vulnerados en la integraci\u00f3n de ayuntamientos y diputaciones en Oaxaca, \u201csin que ello implique una transgresi\u00f3n a la vida interna de los partidos pol\u00edticos\u201d<\/p>\n\n\n\n<p class=\"wp-block-paragraph\">Ahora el siguiente paso es que las personas LGBT+ puedan ejercer sus derechos sin discriminaci\u00f3n, deben de hacerse visibles. \u201cEs decir, no solo autoabscribirse, sino asumirse, para que la comunidad se sienta representada\u201d, opin\u00f3.<\/p>\n\n\n\n<p class=\"wp-block-paragraph\">SEM\/pb\/sj<\/p>\n","protected":false},"excerpt":{"rendered":"<p>Oaxaca, junto con Sinaloa, Sonora, Guanajuato, Aguascalientes, Michoac\u00e1n, Edomex y CDMX contar\u00e1 con una diputada lesbiana<\/p>\n","protected":false},"author":3,"featured_media":37495,"comment_status":"open","ping_status":"open","sticky":false,"template":"","format":"standard","meta":{"_monsterinsights_skip_tracking":false,"footnotes":""},"categories":[692,141],"tags":[],"class_list":["post-37494","post","type-post","status-publish","format-standard","has-post-thumbnail","category-692","category-elecciones-2020-2021"],"_links":{"self":[{"href":"https:\/\/redsemlac.com\/semmexico\/wp-json\/wp\/v2\/posts\/37494","targetHints":{"allow":["GET"]}}],"collection":[{"href":"https:\/\/redsemlac.com\/semmexico\/wp-json\/wp\/v2\/posts"}],"about":[{"href":"https:\/\/redsemlac.com\/semmexico\/wp-json\/wp\/v2\/types\/post"}],"author":[{"embeddable":true,"href":"https:\/\/redsemlac.com\/semmexico\/wp-json\/wp\/v2\/users\/3"}],"replies":[{"embeddable":true,"href":"https:\/\/redsemlac.com\/semmexico\/wp-json\/wp\/v2\/comments?post=37494"}],"version-history":[{"count":0,"href":"https:\/\/redsemlac.com\/semmexico\/wp-json\/wp\/v2\/posts\/37494\/revisions"}],"wp:featuredmedia":[{"embeddable":true,"href":"https:\/\/redsemlac.com\/semmexico\/wp-json\/wp\/v2\/media\/37495"}],"wp:attachment":[{"href":"https:\/\/redsemlac.com\/semmexico\/wp-json\/wp\/v2\/media?parent=37494"}],"wp:term":[{"taxonomy":"category","embeddable":true,"href":"https:\/\/redsemlac.com\/semmexico\/wp-json\/wp\/v2\/categories?post=37494"},{"taxonomy":"post_tag","embeddable":true,"href":"https:\/\/redsemlac.com\/semmexico\/wp-json\/wp\/v2\/tags?post=37494"}],"curies":[{"name":"wp","href":"https:\/\/api.w.org\/{rel}","templated":true}]}}