{"id":37491,"date":"2021-06-28T17:08:34","date_gmt":"2021-06-28T23:08:34","guid":{"rendered":"https:\/\/redsemlac.com\/semmexico\/?p=37491"},"modified":"2023-07-21T17:03:07","modified_gmt":"2023-07-21T22:03:07","slug":"sentencian-a-80-anos-de-prision-por-feminicidio-en-oaxaca","status":"publish","type":"post","link":"https:\/\/redsemlac.com\/semmexico\/sentencian-a-80-anos-de-prision-por-feminicidio-en-oaxaca\/","title":{"rendered":"Sentencian a 80 a\u00f1os de prisi\u00f3n por feminicidio en Oaxaca"},"content":{"rendered":"\n<ul class=\"wp-block-list\"><li><strong>Era su pareja y le prendi\u00f3 fuego en 2017 lo que le caus\u00f3 la muerte<\/strong><\/li><\/ul>\n\n\n\n<ul class=\"wp-block-list\"><li><strong>Edgardo hab\u00eda huido a una entidad del norte del pa\u00eds<\/strong><\/li><\/ul>\n\n\n\n<p class=\"wp-block-paragraph\"><strong>Patricia Brise\u00f1o<\/strong><\/p>\n\n\n\n<p class=\"wp-block-paragraph\">SemM\u00e9xico, Oaxaca, 28 de junio, 2021.- El Poder Judicial del Oaxaca, a trav\u00e9s del Tribunal de Enjuiciamiento, dict\u00f3 sentencia condenatoria de 80 a\u00f1os de prisi\u00f3n contra Edgardo, responsable de prender fuego a su esposa Jennifer Antonio, lo que le provoc\u00f3 la muerte; el ataque ocurri\u00f3 en el municipio de Mat\u00edas Romero Avenda\u00f1o, regi\u00f3n del Istmo de Tehuantepec en el 2017.<\/p>\n\n\n\n<p class=\"wp-block-paragraph\">La Fiscal\u00eda General del Estado de Oaxaca inform\u00f3 que acuerdo con la carpeta de investigaci\u00f3n 843\/MR\/2017, el 27 de febrero de ese a\u00f1o, aproximadamente a las 04:30 horas, tras una discusi\u00f3n, el imputado prendi\u00f3 fuego a la v\u00edctima, de 18 a\u00f1os de edad, cuando se encontraban en su domicilio particular, ubicado en la colonia Reforma de Mat\u00edas Romero, caus\u00e1ndole graves lesiones que le provocaron la muerte tras una larga agon\u00eda.<\/p>\n\n\n\n<p class=\"wp-block-paragraph\">A trav\u00e9s de la Vicefiscal\u00eda Regional del Istmo inici\u00f3 una investigaci\u00f3n por violencia de g\u00e9nero, logrando identificar y aprehender &#8211;al hoy sentenciado&#8211; en la ciudad de Tijuana, Baja California, y presentarlo ante el Juez de la causa, quien, tras validar los datos probatorios, determin\u00f3 vincularlo a proceso.<\/p>\n\n\n\n<p class=\"wp-block-paragraph\">En audiencia, el Tribunal de Enjuiciamiento dict\u00f3 sentencia condenatoria contra Edgardo a quien impuso la pena de 80 a\u00f1os de prisi\u00f3n y orden\u00f3 el pago de la reparaci\u00f3n del da\u00f1o por m\u00e1s de 178 mil pesos, as\u00ed como el pago de una multa por m\u00e1s de 100 mil pesos.<\/p>\n\n\n\n<p class=\"wp-block-paragraph\">Tras cometer el delito, Edgardo huy\u00f3 con su hijo de tres a\u00f1os de edad, al vecino estado de Veracruz, donde el peque\u00f1o fue recuperado posteriormente por sus abuelos.<\/p>\n\n\n\n<p class=\"wp-block-paragraph\">En tanto que la joven fue atendida en un hospital de Mat\u00edas Romero despu\u00e9s trasladada a Veracruz, debido a la gravedad de las lesiones en el 70 por ciento de su cuerpo. Jennifer muri\u00f3 el 30 de marzo de 2017.<\/p>\n\n\n\n<p class=\"wp-block-paragraph\">SEM\/pb\/sj<\/p>\n","protected":false},"excerpt":{"rendered":"<p>Era su pareja y le prendi\u00f3 fuego en 2017 lo que le caus\u00f3 la muerte<\/p>\n","protected":false},"author":3,"featured_media":37492,"comment_status":"open","ping_status":"open","sticky":false,"template":"","format":"standard","meta":{"_monsterinsights_skip_tracking":false,"footnotes":""},"categories":[692,47,48],"tags":[],"class_list":["post-37491","post","type-post","status-publish","format-standard","has-post-thumbnail","category-692","category-no-mas-impunidad","category-no-mas-impunidad-no-mas-impunidad"],"_links":{"self":[{"href":"https:\/\/redsemlac.com\/semmexico\/wp-json\/wp\/v2\/posts\/37491","targetHints":{"allow":["GET"]}}],"collection":[{"href":"https:\/\/redsemlac.com\/semmexico\/wp-json\/wp\/v2\/posts"}],"about":[{"href":"https:\/\/redsemlac.com\/semmexico\/wp-json\/wp\/v2\/types\/post"}],"author":[{"embeddable":true,"href":"https:\/\/redsemlac.com\/semmexico\/wp-json\/wp\/v2\/users\/3"}],"replies":[{"embeddable":true,"href":"https:\/\/redsemlac.com\/semmexico\/wp-json\/wp\/v2\/comments?post=37491"}],"version-history":[{"count":0,"href":"https:\/\/redsemlac.com\/semmexico\/wp-json\/wp\/v2\/posts\/37491\/revisions"}],"wp:featuredmedia":[{"embeddable":true,"href":"https:\/\/redsemlac.com\/semmexico\/wp-json\/wp\/v2\/media\/37492"}],"wp:attachment":[{"href":"https:\/\/redsemlac.com\/semmexico\/wp-json\/wp\/v2\/media?parent=37491"}],"wp:term":[{"taxonomy":"category","embeddable":true,"href":"https:\/\/redsemlac.com\/semmexico\/wp-json\/wp\/v2\/categories?post=37491"},{"taxonomy":"post_tag","embeddable":true,"href":"https:\/\/redsemlac.com\/semmexico\/wp-json\/wp\/v2\/tags?post=37491"}],"curies":[{"name":"wp","href":"https:\/\/api.w.org\/{rel}","templated":true}]}}