{"id":37488,"date":"2021-06-28T17:03:55","date_gmt":"2021-06-28T23:03:55","guid":{"rendered":"https:\/\/redsemlac.com\/semmexico\/?p=37488"},"modified":"2023-07-21T17:03:07","modified_gmt":"2023-07-21T22:03:07","slug":"emiten-ficha-de-recompensa-para-detener-al-agresor-de-maria-elena-rios","status":"publish","type":"post","link":"https:\/\/redsemlac.com\/semmexico\/emiten-ficha-de-recompensa-para-detener-al-agresor-de-maria-elena-rios\/","title":{"rendered":"Emiten ficha de recompensa para detener al agresor de Mar\u00eda Elena R\u00edos"},"content":{"rendered":"\n<ul class=\"wp-block-list\"><li><strong>Se trata de Juan Antonio Vera Hern\u00e1ndez, quinto implicado en los hechos ocurridos en 2019<\/strong><\/li><\/ul>\n\n\n\n<ul class=\"wp-block-list\"><li><strong>El monto de la recompensa es hasta de un mill\u00f3n de pesos<\/strong><\/li><\/ul>\n\n\n\n<p class=\"wp-block-paragraph\"><strong>Patricia Brise\u00f1o<\/strong><\/p>\n\n\n\n<p class=\"wp-block-paragraph\">SemM\u00e9xico, Oaxaca, 28 de junio, 2021.- La Fiscal\u00eda General del Estado de Oaxaca (FGEO) emiti\u00f3 una ficha de b\u00fasqueda con recompensa de hasta un mill\u00f3n de pesos a quien o quienes proporcionen informaci\u00f3n veraz, \u00fatil y eficaz para la captura de Juan Antonio Vera Hern\u00e1ndez, quinto probable responsable de intento de feminicidio, en contra de la saxofonista, Mar\u00eda Elena R\u00edos Ortiz.<\/p>\n\n\n\n<p class=\"wp-block-paragraph\">Vera Hern\u00e1ndez es hijo de Juan Antonio Vera Carrizales, procesado por la autor\u00eda intelectual de rociar \u00e1cido a R\u00edos Ortiz, en septiembre de 2019, en el municipio de Huajuapan de Le\u00f3n, en la regi\u00f3n Mixteca.<\/p>\n\n\n\n<p class=\"wp-block-paragraph\">Seg\u00fan la ficha de b\u00fasqueda y localizaci\u00f3n, emitida con fundamento en el art\u00edculo 106, del C\u00f3digo Nacional de Procedimientos Penales, el presunto implicado tiene 35 a\u00f1os de edad, y es originario de Silacayoapam, en la regi\u00f3n Mixteca. El cabello y ojos es de color negro, y 1.65 metros de estatura.&nbsp;<\/p>\n\n\n\n<p class=\"wp-block-paragraph\">El aviso de b\u00fasqueda coincide con los recientes reclamos de la v\u00edctima, quien en medios masivos difundi\u00f3 que el pr\u00f3fugo se pasea impunemente por la regi\u00f3n Mixteca.<\/p>\n\n\n\n<p class=\"wp-block-paragraph\">El resto de los responsables, excepto uno que falleci\u00f3 por complicaciones de una enfermedad degenerativa, est\u00e1n bajo proceso en el penal de San Francisco Tanivet, al oriente de la capital.<\/p>\n\n\n\n<p class=\"wp-block-paragraph\">SEM\/pb\/sj<\/p>\n","protected":false},"excerpt":{"rendered":"<p>El monto de la recompensa es hasta de un mill\u00f3n de pesos<\/p>\n","protected":false},"author":3,"featured_media":37489,"comment_status":"open","ping_status":"open","sticky":false,"template":"","format":"standard","meta":{"_monsterinsights_skip_tracking":false,"footnotes":""},"categories":[692,47,48],"tags":[],"class_list":["post-37488","post","type-post","status-publish","format-standard","has-post-thumbnail","category-692","category-no-mas-impunidad","category-no-mas-impunidad-no-mas-impunidad"],"_links":{"self":[{"href":"https:\/\/redsemlac.com\/semmexico\/wp-json\/wp\/v2\/posts\/37488","targetHints":{"allow":["GET"]}}],"collection":[{"href":"https:\/\/redsemlac.com\/semmexico\/wp-json\/wp\/v2\/posts"}],"about":[{"href":"https:\/\/redsemlac.com\/semmexico\/wp-json\/wp\/v2\/types\/post"}],"author":[{"embeddable":true,"href":"https:\/\/redsemlac.com\/semmexico\/wp-json\/wp\/v2\/users\/3"}],"replies":[{"embeddable":true,"href":"https:\/\/redsemlac.com\/semmexico\/wp-json\/wp\/v2\/comments?post=37488"}],"version-history":[{"count":0,"href":"https:\/\/redsemlac.com\/semmexico\/wp-json\/wp\/v2\/posts\/37488\/revisions"}],"wp:featuredmedia":[{"embeddable":true,"href":"https:\/\/redsemlac.com\/semmexico\/wp-json\/wp\/v2\/media\/37489"}],"wp:attachment":[{"href":"https:\/\/redsemlac.com\/semmexico\/wp-json\/wp\/v2\/media?parent=37488"}],"wp:term":[{"taxonomy":"category","embeddable":true,"href":"https:\/\/redsemlac.com\/semmexico\/wp-json\/wp\/v2\/categories?post=37488"},{"taxonomy":"post_tag","embeddable":true,"href":"https:\/\/redsemlac.com\/semmexico\/wp-json\/wp\/v2\/tags?post=37488"}],"curies":[{"name":"wp","href":"https:\/\/api.w.org\/{rel}","templated":true}]}}