{"id":37478,"date":"2021-06-28T16:38:51","date_gmt":"2021-06-28T22:38:51","guid":{"rendered":"https:\/\/redsemlac.com\/semmexico\/?p=37478"},"modified":"2023-07-21T17:03:07","modified_gmt":"2023-07-21T22:03:07","slug":"cuba-emprender-tambien-contra-la-violencia","status":"publish","type":"post","link":"https:\/\/redsemlac.com\/semmexico\/cuba-emprender-tambien-contra-la-violencia\/","title":{"rendered":"Cuba: Emprender, tambi\u00e9n contra la violencia"},"content":{"rendered":"\n<ul class=\"wp-block-list\"><li><strong>Cooperativas cubanas como DAJO impulsan comunidades solidarias<\/strong><\/li><\/ul>\n\n\n\n<ul class=\"wp-block-list\"><li><strong> Ante la situaci\u00f3n epidemiol\u00f3gica generada por el nuevo coronavirus, se erige como apoyo indispensable en la comunidad<br><br><\/strong><\/li><\/ul>\n\n\n\n<p class=\"wp-block-paragraph\"><strong>Redacci\u00f3n<\/strong><\/p>\n\n\n\n<p class=\"wp-block-paragraph\">SemM\u00e9xico\/SEMlac, La Habana, 28 de junio, 2021.- Construir espacios laborales libres de violencia, que ayuden a fomentar en las comunidades la solidaridad y doten a sus integrantes de conocimientos y herramientas para prevenir el maltrato sexista, es una de las experiencias positivas que&nbsp;<a href=\"http:\/\/www.redsemlac-cuba.net\/economia\/cuando-el-servicio-es-necesario,-el-camino-siempre-aparece.html\" target=\"_blank\" rel=\"noreferrer noopener\">cooperativas cubanas como DAJO<\/a>&nbsp;tratan de impulsar, a\u00fan en medio de la pandemia de covid-19.<\/p>\n\n\n\n<p class=\"wp-block-paragraph\"><br>Ubicada en el c\u00e9ntrico municipio capitalino de Centro Habana e integrada fundamentalmente por mujeres, DAJO es una cooperativa no agropecuaria que, desde 2014, ofrece servicios de lavander\u00eda, planchado, confecciones y manualidades.<\/p>\n\n\n\n<p class=\"wp-block-paragraph\"><br>Ahora, ante la situaci\u00f3n epidemiol\u00f3gica generada por el nuevo coronavirus, se erige como apoyo indispensable en la comunidad, no solo en el respaldo al centro de aislamiento por el cual transitan personas enfermas y sospechosas, sino en la protecci\u00f3n a vecinos vulnerables, fundamentalmente personas mayores, apunt\u00f3 a&nbsp;<a href=\"http:\/\/www.redsemlac-cuba.net\/quienes_somos.html\" target=\"_blank\" rel=\"noreferrer noopener\">SEMlac<\/a>&nbsp;Daysi Delgado Batista, presidenta y fundadora de la cooperativa.<\/p>\n\n\n\n<p class=\"wp-block-paragraph\"><br>Desde el lugar que ocupa en el barrio este colectivo, compuesto por 24 cooperativistas: 17 mujeres y 7 hombres, se traza tambi\u00e9n como meta ser un referente de cooperaci\u00f3n, solidaridad y respeto.<\/p>\n\n\n\n<p class=\"wp-block-paragraph\"><br>\u00abHemos tenido mucha aceptaci\u00f3n desde el momento en que abri\u00f3 la cooperativa. Muchas personas se acercan a lavar, planchar, mirar las ofertas, pero tambi\u00e9n a conversar y saludar. Nos llaman su familia y hasta nos dicen &#8216;vengo a verlas porque si no, no se me arregla el d\u00eda&#8217;. Hablan del confort y la atenci\u00f3n que brindamos\u00bb, coment\u00f3 Yordanka Duarte, quien recibe al p\u00fablico en la recepci\u00f3n.<\/p>\n\n\n\n<p class=\"wp-block-paragraph\"><br>A su juicio, \u00ablo fundamental de trabajar en un lugar como este es lo saludable que es. Tenemos muchos problemas en la casa, carencias econ\u00f3micas y lo dem\u00e1s, y si llegas a un lugar a trabajar ocho horas de tu d\u00eda y tambi\u00e9n resulta ser un ambiente hosco, se te hace la vida m\u00e1s dura. Si en el centro laboral, adem\u00e1s de retribuirte, se alivian tus pesares, recibes bienestar y tus compa\u00f1eros te apoyan y se preocupan por ti, pues todo cambia\u00bb, dijo.<\/p>\n\n\n\n<p class=\"wp-block-paragraph\"><br>De ah\u00ed que, para ella, el hecho de que la cooperativa se vincule a la comunidad en la prevenci\u00f3n de la violencia de g\u00e9nero constituye una ganancia colectiva. \u00abPara nosotras siendo mujeres, es un deber ayudar a que otras mujeres encuentren herramientas que les permitan salir de situaciones de violencia o no pasar por estas\u00bb, opin\u00f3.<\/p>\n\n\n\n<p class=\"wp-block-paragraph\"><br>Inmaculada Ayarza, otra de las trabajadoras de DAJO, se\u00f1ala que la \u00abconfianza de la comunidad ya est\u00e1 ganada, por lo cual la cooperativa es un excelente espacio para promover estos temas\u00bb.<br><br>Aprender desde adentro<\/p>\n\n\n\n<p class=\"wp-block-paragraph\"><br>El Grupo Am\u00e9rica Latina, Filosof\u00eda Social y Axiolog\u00eda (Galfisa), del Instituto de Filosof\u00eda, acompa\u00f1a a DAJO desde su nacimiento en la capacitaci\u00f3n y organizaci\u00f3n de talleres que doten a sus integrantes de conocimientos sobre g\u00e9nero y econom\u00eda feminista, entre otros, se\u00f1al\u00f3 la soci\u00f3loga&nbsp;<a href=\"http:\/\/directoriogenero.redsemlac-cuba.net\/maura-febles-dominguez-la-habana-1986\/\" target=\"_blank\" rel=\"noreferrer noopener\">Maura Febles Dom\u00ednguez<\/a>, investigadora del grupo Galfisa.<\/p>\n\n\n\n<p class=\"wp-block-paragraph\"><br>\u00abEs una relaci\u00f3n que ha ido madurando con el tiempo y su incorporaci\u00f3n a la red de trabajo que coordina el instituto. Hemos ido estrechando el v\u00ednculo y muchas de sus iniciativas, preocupaciones y soluciones como cooperativa fueron compartidas en diversos espacios. Se han consolidado tambi\u00e9n los resultados y el crecimiento de la propia cooperativa, que ha tenido como principio siempre el trabajo colectivo y el bienestar de sus socias y socios por encima de todo\u00bb, destac\u00f3 Febles.<\/p>\n\n\n\n<p class=\"wp-block-paragraph\"><br>Para la investigadora, estas acciones son un paso m\u00e1s y responden a la necesidad de profundizar en la formaci\u00f3n en temas de g\u00e9nero. \u00abY lo que me parece m\u00e1s importante: de asumir con mucho compromiso la responsabilidad comunitaria que tienen sobre un problema tan importante como la prevenci\u00f3n de la violencia de g\u00e9nero\u00bb.<\/p>\n\n\n\n<p class=\"wp-block-paragraph\"><br>\u00abEs un camino en doble sentido. Para poder contribuir con la comunidad, hay que apropiarse de los t\u00e9rminos, desaprender los mitos, atreverse a cuestionar la vida en lo m\u00e1s \u00edntimo y ser capaz de compartir esas reflexiones en el espacio donde trabajas cada d\u00eda\u00bb, consider\u00f3 la soci\u00f3loga.<\/p>\n\n\n\n<p class=\"wp-block-paragraph\"><br>La tambi\u00e9n investigadora de Galfisa&nbsp;<a href=\"https:\/\/www.facebook.com\/profile.php?id=100006353385754\" target=\"_blank\" rel=\"noreferrer noopener\">Mirell P\u00e9rez Gonz\u00e1lez<\/a>&nbsp;explic\u00f3 que el acompa\u00f1amiento a experiencias de producci\u00f3n y reproducci\u00f3n de la vida significa involucrarse responsablemente en el proceso de trabajo.<\/p>\n\n\n\n<p class=\"wp-block-paragraph\"><br>\u00abCon cooperativas como DAJO, nuestra intenci\u00f3n siempre ha sido no mirar desde afuera, sino logar incorporarnos en sus din\u00e1micas laborales y no asumirlo de forma interventora. Respetar el saber acumulado de cada cooperativista y sus aportes, criterios y visiones es la mejor manera de construir los intercambios que de forma permanente hemos concebido y propiciado en espacios y encuentros\u00bb, enfatiz\u00f3.<\/p>\n\n\n\n<p class=\"wp-block-paragraph\"><br>\u00abEl intento de cambiar paradigmas, superar estereotipos, lograr que incorporen estos aprendizajes en su vida cotidiana y laboral es complejo, es un acto sostenido y que demanda tiempo y paciencia\u00bb, dijo.<br><br><strong>Deconstruir las violencias, el primer paso<\/strong><\/p>\n\n\n\n<p class=\"wp-block-paragraph\"><br>La cooperativa DAJO es un lugar donde laboran muchas mujeres y que frecuentan muchas mujeres y algunos hombres tambi\u00e9n.<\/p>\n\n\n\n<p class=\"wp-block-paragraph\"><br>Para empezar a dise\u00f1ar acciones comunicativas que ayuden a prevenir la violencia de g\u00e9nero, tanto al interior del colectivo laboral como de cara a la comunidad donde la cooperativa est\u00e1 enclavada, desarrollaron un taller de trabajo el pasado 15 de junio.<\/p>\n\n\n\n<p class=\"wp-block-paragraph\"><br>En opini\u00f3n de P\u00e9rez Gonz\u00e1lez, \u00abcada espacio o momento que podamos dedicar a hablarles acerca de la violencia de g\u00e9nero, sobre todo aquellas que son menos visibles, palpables, las m\u00e1s subliminales, donde el poder y el dominio se disfraza de ?amor?, confianza y fidelidad; ser\u00e1n esenciales para ir desmostando las l\u00f3gicas patriarcales y lograr que estos espacios sean sitios libres de violencia hacia lo interno del colectivo laboral y hacia los entornos comunitarios y sus clientes\u00bb.<br>\u00abSi cada una de las personas que han participado en este taller, al regreso a su casa, piensa, reflexiona y medita e incluso se cuestiona algunos patrones de vida que reproduce, entonces habremos empezado a ganar una batalla\u00bb, agreg\u00f3.<\/p>\n\n\n\n<p class=\"wp-block-paragraph\"><br>Mitos como el \u00abamor rom\u00e1ntico\u00bb, estereotipos que asocian la violencia mayormente a nivel social o educacional; el control sobre el cuerpo, el acoso callejero o la naturalizaci\u00f3n de expresiones de maltrato al interior de las parejas fueron algunos de los temas m\u00e1s debatidos durante el intercambio.<\/p>\n\n\n\n<p class=\"wp-block-paragraph\"><br>Entre las mayores inquietudes, las mujeres reflejaron la necesidad de conocer y reconocer los tipos de violencia de g\u00e9nero existentes, las v\u00edas para denunciar los hechos y los mecanismos de protecci\u00f3n a las v\u00edctimas.<\/p>\n\n\n\n<p class=\"wp-block-paragraph\"><br>Uno de los consensos a los que llegaron lo resumi\u00f3 Inmaculada Ayarza: \u00abM\u00e1s que educacional, la violencia es un problema cultural de las sociedades machistas. Si creces en un ambiente donde tus padres te pegaban, vas a golpear porque, para ti, se ha vuelto algo normal. Pero todo lo que se aprende se desaprende\u00bb, dijo.<\/p>\n\n\n\n<p class=\"wp-block-paragraph\"><br>Del intercambio resultaron varias iniciativas, como elaborar y colocar mensajes que ayuden a visibilizar el problema en el entorno laboral y el barrio; utilizar el cartel, pero tambi\u00e9n el debate en asamblea de asociados, invitar a familiares a estos intercambios, echar mano a las redes sociales, estampar frases en los vales, confeccionar un cu\u00f1o como se\u00f1al para pedir ayuda e insertar en algunas etiquetas de las manualidades informaci\u00f3n b\u00e1sica sobre la l\u00ednea 103, que brinda ayuda para estos casos.<\/p>\n\n\n\n<p class=\"wp-block-paragraph\"><br>\u00abUna frase al dorso de un vale de pago puede hacer la diferencia y ayudar a que m\u00e1s personas est\u00e9n al tanto del tema o buscar salidas. Hay formas en que la cooperativa puede prevenir y, qui\u00e9n sabe, hasta salvar la vida de alguien; me parece muy importante\u00bb, consider\u00f3 Febles.<\/p>\n\n\n\n<p class=\"wp-block-paragraph\"><br>Para Mirell P\u00e9rez Gonz\u00e1lez, \u00abesas iniciativas solidarias, comunitarias y los modos que han encontrado para mitigar el impacto de la pandemia de covid-19, que ha implicado reorganizar el trabajo, los tiempos, la vida de la cooperativa, diversificar creativamente sus producciones y servicios; hablan del deseo de DAJO de superarse constantemente, perfeccionar sus modos y visiones, de ser parte de procesos de aprendizajes constantes\u00bb.<\/p>\n\n\n\n<p class=\"wp-block-paragraph\"><br>La investigadora sostiene que hay potencialidades reales de prevenci\u00f3n de la violencia de g\u00e9nero en espacios como este. \u00abSiento que hay un camino andado, pero tambi\u00e9n que nos queda mucho por hacer. Como dice una frase feminista: &#8216;Son las redes que tejemos entre mujeres, aquellas que nos salvan&#8217;, enfatiz\u00f3.<\/p>\n\n\n\n<p class=\"wp-block-paragraph\">SEM-SEMlac<\/p>\n","protected":false},"excerpt":{"rendered":"<p>Cooperativas cubanas como DAJO impulsan comunidades solidarias<\/p>\n","protected":false},"author":3,"featured_media":37482,"comment_status":"open","ping_status":"open","sticky":false,"template":"","format":"standard","meta":{"_monsterinsights_skip_tracking":false,"footnotes":""},"categories":[692,53],"tags":[],"class_list":["post-37478","post","type-post","status-publish","format-standard","has-post-thumbnail","category-692","category-internacional"],"_links":{"self":[{"href":"https:\/\/redsemlac.com\/semmexico\/wp-json\/wp\/v2\/posts\/37478","targetHints":{"allow":["GET"]}}],"collection":[{"href":"https:\/\/redsemlac.com\/semmexico\/wp-json\/wp\/v2\/posts"}],"about":[{"href":"https:\/\/redsemlac.com\/semmexico\/wp-json\/wp\/v2\/types\/post"}],"author":[{"embeddable":true,"href":"https:\/\/redsemlac.com\/semmexico\/wp-json\/wp\/v2\/users\/3"}],"replies":[{"embeddable":true,"href":"https:\/\/redsemlac.com\/semmexico\/wp-json\/wp\/v2\/comments?post=37478"}],"version-history":[{"count":0,"href":"https:\/\/redsemlac.com\/semmexico\/wp-json\/wp\/v2\/posts\/37478\/revisions"}],"wp:featuredmedia":[{"embeddable":true,"href":"https:\/\/redsemlac.com\/semmexico\/wp-json\/wp\/v2\/media\/37482"}],"wp:attachment":[{"href":"https:\/\/redsemlac.com\/semmexico\/wp-json\/wp\/v2\/media?parent=37478"}],"wp:term":[{"taxonomy":"category","embeddable":true,"href":"https:\/\/redsemlac.com\/semmexico\/wp-json\/wp\/v2\/categories?post=37478"},{"taxonomy":"post_tag","embeddable":true,"href":"https:\/\/redsemlac.com\/semmexico\/wp-json\/wp\/v2\/tags?post=37478"}],"curies":[{"name":"wp","href":"https:\/\/api.w.org\/{rel}","templated":true}]}}