{"id":37475,"date":"2021-06-28T16:33:26","date_gmt":"2021-06-28T22:33:26","guid":{"rendered":"https:\/\/redsemlac.com\/semmexico\/?p=37475"},"modified":"2023-07-21T17:03:08","modified_gmt":"2023-07-21T22:03:08","slug":"diputadas-federales-forman-el-grupo-rebeldes-con-causa","status":"publish","type":"post","link":"https:\/\/redsemlac.com\/semmexico\/diputadas-federales-forman-el-grupo-rebeldes-con-causa\/","title":{"rendered":"Diputadas federales forman el grupo Rebeldes con Causa"},"content":{"rendered":"\n<ul class=\"wp-block-list\"><li><strong>Buscar\u00e1n que la paridad sustantiva llegue a tambi\u00e9n a la Jucopo<\/strong><\/li><\/ul>\n\n\n\n<ul class=\"wp-block-list\"><li><strong>Revisan los pendientes: sistema nacional de cuidados, autonom\u00eda de las mujeres en su vida reproductiva y sexual y la violencia, entre otros<\/strong><\/li><\/ul>\n\n\n\n<p class=\"wp-block-paragraph\"><strong>Elda Montiel<\/strong><\/p>\n\n\n\n<p class=\"wp-block-paragraph\">SemM\u00e9xico, Cd. de M\u00e9xico, 28 de junio 2021.- Con tareas inmediatas para la pr\u00f3xima legislatura como la de presentar la Iniciativa para reformar la Ley Org\u00e1nica del Congreso de la Uni\u00f3n para que la Junta de Coordinaci\u00f3n Pol\u00edtica se integre de manera paritaria, las diputadas Martha Tagle, Laura Rojas, Ver\u00f3nica Ju\u00e1rez y Lorena Villavicencio, integrantes de diferentes fracciones parlamentarias dieron a conocer la integraci\u00f3n del grupo \u201cRebeldes con Causa\u201d.&nbsp;&nbsp;<\/p>\n\n\n\n<p class=\"wp-block-paragraph\">Como \u201cmujeres comprometidas, pol\u00edticas, plurales, y diversas con experiencias con cargos en decisi\u00f3n publica y con voz, decidieron constituirse en una alianza \u201cRebeldes con Causa\u201d.<\/p>\n\n\n\n<p class=\"wp-block-paragraph\">Las diputadas Lorena Villavicencio de Morena y Martha Tagle de Movimiento Ciudadano est\u00e1n por salir de su cargo, ya que el pr\u00f3ximo primero de septiembre entra la nueva legislatura, por el momento est\u00e1n en receso legislativo.<\/p>\n\n\n\n<p class=\"wp-block-paragraph\">Las legisladoras de la paridad consideran que la Junta de Coordinaci\u00f3n Pol\u00edtica es una extensi\u00f3n del patriarcado donde se ponen de acuerdo los hombres para ver que iniciativas pasan y cu\u00e1les no.<\/p>\n\n\n\n<p class=\"wp-block-paragraph\">Las diputadas afirman que los espacios de decisi\u00f3n y de poder han sido dominados por hombres. \u201cVamos por la feminizaci\u00f3n de la pol\u00edtica\u201d, coincidieron las cuatro diputadas en la presentaci\u00f3n.<\/p>\n\n\n\n<p class=\"wp-block-paragraph\">Por lo que hicieron un llamado a las fuerzas legislativas para lograr la igualdad sustantiva y la erradicaci\u00f3n de la violencia, \u201cno queremos m\u00e1s agresores en el poder ni en la vida p\u00fablica\u201d.<\/p>\n\n\n\n<p class=\"wp-block-paragraph\">Quedaron pendientes un sistema nacional de cuidados, la autonom\u00eda de las mujeres en su vida reproductiva y sexual, la propuesta del ingreso \u00fanico vital para las jefas de familia por la crisis de la pandemia y la violencia, se\u00f1alaron.<\/p>\n\n\n\n<p class=\"wp-block-paragraph\">En conferencia de prensa en el Lobby de la C\u00e1mara de Diputados, Martha Tagle ley\u00f3 el pronunciamiento de las legisladoras que se impusieron transformar el poder con diversas acciones para promover la democracia paritaria en los partidos pol\u00edticos, la feminizaci\u00f3n de la pol\u00edtica y la erradicaci\u00f3n de la violencia contra las mujeres y las ni\u00f1as, como las tareas inmediatas.<\/p>\n\n\n\n<p class=\"wp-block-paragraph\">Asimismo, hicieron un llamado a todas las legisladoras y mujeres con causas para articularse, unir fuerzas y transformar \u201cel pa\u00eds que queremos las mujeres\u201d.&nbsp;<\/p>\n\n\n\n<p class=\"wp-block-paragraph\">Las llamaron a unirse a sus causas que son la democracia paritaria, la igualdad sustantiva, por el derecho de las ni\u00f1as a una vida libres de violencia, y por el derecho de ni\u00f1as y mujeres a construir una realidad en la que se puedan ejercer sus derechos plenamente y en libertad.&nbsp;&nbsp;<\/p>\n\n\n\n<p class=\"wp-block-paragraph\">Como causa inmediata para promover la democracia paritaria en los partidos pol\u00edticos, est\u00e1 el hacer cumplir la paridad en los cargos de direcci\u00f3n y toma de decisi\u00f3n en todos los niveles, y establecer los mecanismos efectivos para que ning\u00fan candidato, funcionario o dirigente sean violentadores.<\/p>\n\n\n\n<p class=\"wp-block-paragraph\">Como tarea inmediata para feminizar la pol\u00edtica, adem\u00e1s de la iniciativa para reformar la Ley Org\u00e1nica del Congreso de la Uni\u00f3n para la paridad en la Junta de Coordinaci\u00f3n Pol\u00edtica, est\u00e1 la firma de un compromiso paritario para la integraci\u00f3n de gabinetes paritarios en todos los niveles de gobierno.<\/p>\n\n\n\n<p class=\"wp-block-paragraph\">As\u00ed como para que se tomen medidas tendientes a disminuir las brechas salariales, y contra el acoso y hostigamiento laboral y sexual tanto en la administraci\u00f3n p\u00fablica como en los espacios donde se desenvuelven las mujeres.<\/p>\n\n\n\n<p class=\"wp-block-paragraph\">La diputada Laura Rojas se\u00f1alo que decidieron formalizar la alianza durante tres a\u00f1os y expres\u00f3 que las mujeres estamos convencidas de que podemos hacer realidad la paridad.<\/p>\n\n\n\n<p class=\"wp-block-paragraph\">La diputada Ver\u00f3nica Ju\u00e1rez, Coordinadora del Grupo Parlamentario del PRD en la C\u00e1mara de Diputados dio detalles de la iniciativa que presentar\u00e1n en la pr\u00f3xima legislatura.<\/p>\n\n\n\n<p class=\"wp-block-paragraph\">La diputada Lorena Villavicencio expreso que la feminizaci\u00f3n de la pol\u00edtica va m\u00e1s all\u00e1 de ser incluidas, de que los partidos pol\u00edticos dejen de ser \u201ccamisas de fuerza\u201d, reducto de hombres que deciden.<\/p>\n\n\n\n<p class=\"wp-block-paragraph\">Afirm\u00f3 que no van a dejar de empujar \u201cnuestras causas\u201d estamos convencidas de que las mujeres con poder debemos transformar la pol\u00edtica. Se trata de que las mujeres decidamos desde la colaboraci\u00f3n, inclusi\u00f3n y empat\u00eda. Somos un g\u00e9nero en permanente resistencia\u201d.<\/p>\n\n\n\n<p class=\"wp-block-paragraph\">Una de las intenciones de la alianza es la construcci\u00f3n de un frente amplio de mujeres, donde haya feministas, especialistas, abogadas, \u201cpara combatir la violencia de g\u00e9nero porque no queremos m\u00e1s agresores al poder ni en el poder, no queremos en la vida p\u00fablica, en la vida privada, en el espacio social\u201d, reclam\u00f3 Lorena Villavicencio.<\/p>\n\n\n\n<h2 class=\"wp-block-heading\"><strong>Legisladoras piden renuncia de Hugo L\u00f3pez Gatell<\/strong><\/h2>\n\n\n\n<p class=\"wp-block-paragraph\">Las diputadas que integran el grupo \u201cRebeldes con causa, transformando el poder\u201d pidieron la renuncia del subsecretario de Prevenci\u00f3n y Promoci\u00f3n de la Salud Hugo L\u00f3pez Gatell despu\u00e9s de sus declaraciones en la conferencia ma\u00f1anera en el que dijo que las protestas de los ni\u00f1os con c\u00e1ncer por la falta de medicamentos \u201clo vemos m\u00e1s posicionado como parte de una campa\u00f1a de los grupos de derecha internacionales\u2026que buscan simpat\u00edas con los ciudadanos mexicanos casi golpista\u201d.<\/p>\n\n\n\n<p class=\"wp-block-paragraph\">La diputada Ver\u00f3nica Ju\u00e1rez tras se\u00f1alar que el subsecretario L\u00f3pez Gatell desconoce la Ley porque es obligaci\u00f3n del Estado garantizar el derecho a la salud de las ni\u00f1as y ni\u00f1os y afirmar que los temas de la compra o no de medicamentos no se discute.<\/p>\n\n\n\n<p class=\"wp-block-paragraph\">\u201cEn lugar de buscar \u201clavarse las manos por la falta de cumplimiento del Ejecutivo que dijo que tendr\u00edan a m\u00e1s tardar esta semana los medicamentos\u201d, deber\u00eda leer la Ley, por lo que dijo le va a mandar un ejemplar.<\/p>\n\n\n\n<p class=\"wp-block-paragraph\">La coordinadora del Grupo Parlamentario del PRD en la C\u00e1mara de Diputados activista de los derechos de los ni\u00f1os, ni\u00f1as y adolescentes lamento que los padres de familia de los infantes enfermos de c\u00e1ncer tengan que cerrar calles, el acceso al Aeropuerto por las malas decisiones del gobierno de concentrar las compras, lo que ya ha costado vidas.<\/p>\n\n\n\n<p class=\"wp-block-paragraph\">La diputada Laura Rojas fue m\u00e1s all\u00e1 pidi\u00f3 la renuncia del subsecretario L\u00f3pez Gatell porque no es la primera vez que se pasa de la raya.&nbsp;<\/p>\n\n\n\n<p class=\"wp-block-paragraph\">SEM\/em\/sj<\/p>\n","protected":false},"excerpt":{"rendered":"<p>Buscar\u00e1n que la paridad sustantiva llegue a tambi\u00e9n a la Jucopo<\/p>\n","protected":false},"author":3,"featured_media":37476,"comment_status":"open","ping_status":"open","sticky":false,"template":"","format":"standard","meta":{"_monsterinsights_skip_tracking":false,"footnotes":""},"categories":[692,50],"tags":[],"class_list":["post-37475","post","type-post","status-publish","format-standard","has-post-thumbnail","category-692","category-congreso"],"_links":{"self":[{"href":"https:\/\/redsemlac.com\/semmexico\/wp-json\/wp\/v2\/posts\/37475","targetHints":{"allow":["GET"]}}],"collection":[{"href":"https:\/\/redsemlac.com\/semmexico\/wp-json\/wp\/v2\/posts"}],"about":[{"href":"https:\/\/redsemlac.com\/semmexico\/wp-json\/wp\/v2\/types\/post"}],"author":[{"embeddable":true,"href":"https:\/\/redsemlac.com\/semmexico\/wp-json\/wp\/v2\/users\/3"}],"replies":[{"embeddable":true,"href":"https:\/\/redsemlac.com\/semmexico\/wp-json\/wp\/v2\/comments?post=37475"}],"version-history":[{"count":0,"href":"https:\/\/redsemlac.com\/semmexico\/wp-json\/wp\/v2\/posts\/37475\/revisions"}],"wp:featuredmedia":[{"embeddable":true,"href":"https:\/\/redsemlac.com\/semmexico\/wp-json\/wp\/v2\/media\/37476"}],"wp:attachment":[{"href":"https:\/\/redsemlac.com\/semmexico\/wp-json\/wp\/v2\/media?parent=37475"}],"wp:term":[{"taxonomy":"category","embeddable":true,"href":"https:\/\/redsemlac.com\/semmexico\/wp-json\/wp\/v2\/categories?post=37475"},{"taxonomy":"post_tag","embeddable":true,"href":"https:\/\/redsemlac.com\/semmexico\/wp-json\/wp\/v2\/tags?post=37475"}],"curies":[{"name":"wp","href":"https:\/\/api.w.org\/{rel}","templated":true}]}}