{"id":37469,"date":"2021-06-28T16:16:34","date_gmt":"2021-06-28T22:16:34","guid":{"rendered":"https:\/\/redsemlac.com\/semmexico\/?p=37469"},"modified":"2023-07-21T17:03:08","modified_gmt":"2023-07-21T22:03:08","slug":"contra-prejuicios-y-discriminacion-realizan-primera-marcha-de-personas-trans","status":"publish","type":"post","link":"https:\/\/redsemlac.com\/semmexico\/contra-prejuicios-y-discriminacion-realizan-primera-marcha-de-personas-trans\/","title":{"rendered":"Contra prejuicios y discriminaci\u00f3n, realizan primera marcha de personas trans"},"content":{"rendered":"\n<ul class=\"wp-block-list\"><li><strong>En Veracruz, gobierne quien gobierne, los derechos se defienden, expresan<\/strong><\/li><\/ul>\n\n\n\n<ul class=\"wp-block-list\"><li><strong>Autodenominan su movilizaci\u00f3n como \u201clechotransmarika\u201d<\/strong><\/li><\/ul>\n\n\n\n<p class=\"wp-block-paragraph\"><strong>Ana Alicia Osorio Gonz\u00e1lez<\/strong><\/p>\n\n\n\n<p class=\"wp-block-paragraph\">SemM\u00e9xico, Xalapa, Ver., 28 de junio, 2021.- Mujeres y personas de identidades trans participaron en la primera marcha autodenominada \u201clechotransmarika\u201d en la ciudad de Xalapa&nbsp;para levantar la voz en contra de los prejuicios y discriminaci\u00f3n en contra de dicho sector.<\/p>\n\n\n\n<p class=\"wp-block-paragraph\">Con banderas del arco\u00edris y las representativas de las personas transexuales marcharon por las calles del centro de la capital del estado de Veracruz para se\u00f1alar que la entidad sigue ocupando los primeros lugares en cr\u00edmenes de odio y la existencia de leyes que consideran discriminatorias.<\/p>\n\n\n\n<p class=\"wp-block-paragraph\">\u201cEn Veracruz, gobierne quien gobierne, los derechos se defienden\u201d, se pod\u00eda leer en una de las mantas que fueron portadas durante la protesta.<\/p>\n\n\n\n<p class=\"wp-block-paragraph\">En redes sociales una de las colectivas que organiz\u00f3 la marcha se\u00f1ala que se trat\u00f3 de contrarrestar un discurso que existe en la sociedad donde&nbsp;a las mujeres lesbianas y trasexuales se les estigmatiza o se les sexualiza.<\/p>\n\n\n\n<p class=\"wp-block-paragraph\">Asimismo criticaron a las marcas de diversos productos por utilizar la lucha de las disidencias sexuales como una estrategia para vender y no como un verdadero esfuerzo por la inclusi\u00f3n y el respeto.<\/p>\n\n\n\n<p class=\"wp-block-paragraph\">\u201cLa marcha Lenchotransmarika&nbsp;no fue construida para hombres, fue una forma de visibilizar las lenchitudes y las identidades trans&nbsp;en una comunidad en donde constantemente se nos est\u00e1 borrando, sexualizando y estigmatizando\u201d, indicaron desde Colectivo Medusa.<\/p>\n\n\n\n<p class=\"wp-block-paragraph\">Una marcha similar fue organizada en CDMX hace unos d\u00edas en la cual se resalt\u00f3 la necesidad de incluir a las disidencias dentro del mismo colectivo LGBTTTQ+ pues se\u00f1alan que en muchas ocasiones siguen siendo los hombres el foco de este tipo de movilizaciones.<\/p>\n\n\n\n<p class=\"wp-block-paragraph\">SEM\/aaog\/sj<\/p>\n","protected":false},"excerpt":{"rendered":"<p>Autodenominan su movilizaci\u00f3n como \u201clechotransmarika\u201d<\/p>\n","protected":false},"author":3,"featured_media":37470,"comment_status":"open","ping_status":"open","sticky":false,"template":"","format":"standard","meta":{"_monsterinsights_skip_tracking":false,"footnotes":""},"categories":[692,54],"tags":[],"class_list":["post-37469","post","type-post","status-publish","format-standard","has-post-thumbnail","category-692","category-mujeres"],"_links":{"self":[{"href":"https:\/\/redsemlac.com\/semmexico\/wp-json\/wp\/v2\/posts\/37469","targetHints":{"allow":["GET"]}}],"collection":[{"href":"https:\/\/redsemlac.com\/semmexico\/wp-json\/wp\/v2\/posts"}],"about":[{"href":"https:\/\/redsemlac.com\/semmexico\/wp-json\/wp\/v2\/types\/post"}],"author":[{"embeddable":true,"href":"https:\/\/redsemlac.com\/semmexico\/wp-json\/wp\/v2\/users\/3"}],"replies":[{"embeddable":true,"href":"https:\/\/redsemlac.com\/semmexico\/wp-json\/wp\/v2\/comments?post=37469"}],"version-history":[{"count":0,"href":"https:\/\/redsemlac.com\/semmexico\/wp-json\/wp\/v2\/posts\/37469\/revisions"}],"wp:featuredmedia":[{"embeddable":true,"href":"https:\/\/redsemlac.com\/semmexico\/wp-json\/wp\/v2\/media\/37470"}],"wp:attachment":[{"href":"https:\/\/redsemlac.com\/semmexico\/wp-json\/wp\/v2\/media?parent=37469"}],"wp:term":[{"taxonomy":"category","embeddable":true,"href":"https:\/\/redsemlac.com\/semmexico\/wp-json\/wp\/v2\/categories?post=37469"},{"taxonomy":"post_tag","embeddable":true,"href":"https:\/\/redsemlac.com\/semmexico\/wp-json\/wp\/v2\/tags?post=37469"}],"curies":[{"name":"wp","href":"https:\/\/api.w.org\/{rel}","templated":true}]}}