{"id":37466,"date":"2021-06-28T16:14:00","date_gmt":"2021-06-28T22:14:00","guid":{"rendered":"https:\/\/redsemlac.com\/semmexico\/?p=37466"},"modified":"2023-07-21T17:03:08","modified_gmt":"2023-07-21T22:03:08","slug":"desapariciones-de-menores-de-edad-vinculadas-a-la-trata-de-ninas","status":"publish","type":"post","link":"https:\/\/redsemlac.com\/semmexico\/desapariciones-de-menores-de-edad-vinculadas-a-la-trata-de-ninas\/","title":{"rendered":"Desapariciones de menores de edad vinculadas a la trata de ni\u00f1as"},"content":{"rendered":"\n<ul class=\"wp-block-list\"><li><strong> En Jalisco m\u00e1s de 20 mil personas desaparecidas de acuerdo con el Registro Nacional en 57 a\u00f1os<\/strong><\/li><\/ul>\n\n\n\n<ul class=\"wp-block-list\"><li><strong>SOS M\u00e9xico, Cap\u00edtulo Jalisco, 57.9 % menores desaparecidas son mujeres<\/strong><\/li><\/ul>\n\n\n\n<p class=\"wp-block-paragraph\"><strong>Elda Montiel<\/strong><\/p>\n\n\n\n<p class=\"wp-block-paragraph\">SemM\u00e9xico, Cd. de M\u00e9xico, 28 de junio, 2021.- La desaparici\u00f3n de ni\u00f1as menores de 18 a\u00f1os en Jalisco podr\u00eda estar vinculado al delito de la trata de personas, ya que el 57.9 por ciento de las v\u00edctimas son ni\u00f1as.<\/p>\n\n\n\n<p class=\"wp-block-paragraph\">De acuerdo al recuento del Registro Nacional de Personas Desaparecidas y No Localizadas (RNPDNO), del 15 de marzo de 1964 (fecha en que comenz\u00f3 el conteo) hasta el 27 de junio del 2021, sumaban 20 mil 96 personas desaparecidas en Jalisco, de los cuales 77.6 por ciento son hombres, y 22.3 por ciento son mujeres con 4 mil 475 casos. &nbsp;<\/p>\n\n\n\n<p class=\"wp-block-paragraph\">Anuar Garc\u00eda del grupo M\u00e9xico SOS, Cap\u00edtulo Jalisco, al enfocar las cifras s\u00f3lo en menores de edad reportados como desaparecidos, las proporciones se invierten.<br>En el mismo periodo se registraron tres mil 155 personas desaparecidas con entre 0 y 17 a\u00f1os de edad, de las cuales mil 829 (57.9 por ciento) son mujeres y mil 326 (42.1 por ciento) son hombres.<br><br>Adem\u00e1s del total de personas menores reportadas como desaparecidas hist\u00f3ricamente en Jalisco, el RNPDNO indica que mil 50 (33.3 por ciento) no han sido localizados.<\/p>\n\n\n\n<p class=\"wp-block-paragraph\">Para el doctor en Derecho existe una relaci\u00f3n entre las desapariciones de menores y la trata de personas, pues las v\u00edctimas de este \u00faltimo delito suelen no llegar a la mayor\u00eda de edad.<\/p>\n\n\n\n<p class=\"wp-block-paragraph\">Precisa que, de las personas localizadas, se estaba descubriendo que una gran cantidad de ellas estaban siendo metidas a la trata de personas entre las edades de 10 y 19 a\u00f1os de edad, y ese era uno de los principales motivos por los cuales se encontraban desaparecidas.<\/p>\n\n\n\n<p class=\"wp-block-paragraph\">Para Anuar Garc\u00eda, doctor en derecho y presidente del grupo M\u00e9xico SOS Cap\u00edtulo Jalisco, este enfoque podr\u00eda desvelar que existe una relaci\u00f3n entre las desapariciones de menores y la trata de personas, pues las v\u00edctimas de este \u00faltimo delito suelen no llegar a la mayor\u00eda de edad.<\/p>\n\n\n\n<p class=\"wp-block-paragraph\"><br>Consider\u00f3 que las autoridades deber\u00edan investigar con este enfoque las desapariciones de menores. \u201cLa responsabilidad inicial recae en el estado, por eso hay una Fiscal\u00eda Especializada para Desaparecidos, sin embargo, cuando ya toma una l\u00ednea de investigaci\u00f3n relacionada con trata tendr\u00eda que entrar la Federaci\u00f3n\u00bb.<br><br><\/p>\n\n\n\n<p class=\"wp-block-paragraph\">Sostuvo que deber\u00eda haber coordinaci\u00f3n de los Gobiernos federal y locales, ya que m\u00e1s de la mitad de las desapariciones en el pa\u00eds se registran en Jalisco, Tamaulipas, Nuevo Le\u00f3n, Puebla, Veracruz y Ciudad de M\u00e9xico.<\/p>\n\n\n\n<p class=\"wp-block-paragraph\">SEM\/em\/sj<\/p>\n","protected":false},"excerpt":{"rendered":"<p>SOS M\u00e9xico, Cap\u00edtulo Jalisco, 57.9 % menores desaparecidas son mujeres<\/p>\n","protected":false},"author":3,"featured_media":37467,"comment_status":"open","ping_status":"open","sticky":false,"template":"","format":"standard","meta":{"_monsterinsights_skip_tracking":false,"footnotes":""},"categories":[692,47],"tags":[],"class_list":["post-37466","post","type-post","status-publish","format-standard","has-post-thumbnail","category-692","category-no-mas-impunidad"],"_links":{"self":[{"href":"https:\/\/redsemlac.com\/semmexico\/wp-json\/wp\/v2\/posts\/37466","targetHints":{"allow":["GET"]}}],"collection":[{"href":"https:\/\/redsemlac.com\/semmexico\/wp-json\/wp\/v2\/posts"}],"about":[{"href":"https:\/\/redsemlac.com\/semmexico\/wp-json\/wp\/v2\/types\/post"}],"author":[{"embeddable":true,"href":"https:\/\/redsemlac.com\/semmexico\/wp-json\/wp\/v2\/users\/3"}],"replies":[{"embeddable":true,"href":"https:\/\/redsemlac.com\/semmexico\/wp-json\/wp\/v2\/comments?post=37466"}],"version-history":[{"count":0,"href":"https:\/\/redsemlac.com\/semmexico\/wp-json\/wp\/v2\/posts\/37466\/revisions"}],"wp:featuredmedia":[{"embeddable":true,"href":"https:\/\/redsemlac.com\/semmexico\/wp-json\/wp\/v2\/media\/37467"}],"wp:attachment":[{"href":"https:\/\/redsemlac.com\/semmexico\/wp-json\/wp\/v2\/media?parent=37466"}],"wp:term":[{"taxonomy":"category","embeddable":true,"href":"https:\/\/redsemlac.com\/semmexico\/wp-json\/wp\/v2\/categories?post=37466"},{"taxonomy":"post_tag","embeddable":true,"href":"https:\/\/redsemlac.com\/semmexico\/wp-json\/wp\/v2\/tags?post=37466"}],"curies":[{"name":"wp","href":"https:\/\/api.w.org\/{rel}","templated":true}]}}