{"id":37463,"date":"2021-06-28T16:01:59","date_gmt":"2021-06-28T22:01:59","guid":{"rendered":"https:\/\/redsemlac.com\/semmexico\/?p=37463"},"modified":"2023-07-21T17:03:08","modified_gmt":"2023-07-21T22:03:08","slug":"senora-de-feroz-libro-infantil-que-aborda-la-violencia-hacia-las-mujeres","status":"publish","type":"post","link":"https:\/\/redsemlac.com\/semmexico\/senora-de-feroz-libro-infantil-que-aborda-la-violencia-hacia-las-mujeres\/","title":{"rendered":"Se\u00f1ora de Feroz libro infantil que aborda la violencia hacia las mujeres"},"content":{"rendered":"\n<ul class=\"wp-block-list\"><li><strong>Ser\u00e1 presentado en Oaxaca el 3 de julio<\/strong><\/li><\/ul>\n\n\n\n<ul class=\"wp-block-list\"><li><strong> Organizan Amaleer, el colectivo Colibr\u00ed, Planeta Lector y el GESMujer<\/strong><\/li><\/ul>\n\n\n\n<p class=\"wp-block-paragraph\"><strong>Elda Montiel<\/strong><\/p>\n\n\n\n<p class=\"wp-block-paragraph\">SemM\u00e9xico, Cd. de M\u00e9xico, 28 de junio 2021.- El escritor Emilio Lome presentar\u00e1 el pr\u00f3ximo s\u00e1bado 3 de julio en Oaxaca su libro Se\u00f1ora de Feroz, libro infantil que aborda la violencia en las relaciones de pareja. La presentaci\u00f3n organizada por Amaleer, el colectivo Colibr\u00ed, Planeta Lector y el Grupo de Estudios sobre la Mujer Rosario Castellanos, GESMujer.<\/p>\n\n\n\n<p class=\"wp-block-paragraph\">El autor Emilio Lome habla de temas sensibles y necesarios para abordar con los ni\u00f1os y las ni\u00f1as, como la separaci\u00f3n de un padre y una madre, el derecho de las mujeres a una vida libre de violencia y la necesidad de esta sociedad a masculinidades positivas.<\/p>\n\n\n\n<p class=\"wp-block-paragraph\">Se\u00f1ora de Feroz invita a los hombres a dejar de lado el machismo y optar por masculinidades positivas para educar de manera diferente y lograr que existan m\u00e1s ni\u00f1as y ni\u00f1os ejerciendo su derecho a&nbsp;crecer libres de prejuicios&nbsp;de g\u00e9nero.<\/p>\n\n\n\n<p class=\"wp-block-paragraph\">La presidenta del GESMujer, Ang\u00e9lica Ayala Ortiz, valor\u00f3 que Emilio Lome, quien adem\u00e1s de escritor, es compositor e investigador de arte, cultura infantil y juvenil, respalde el trabajo de esta organizaci\u00f3n feminista y comparta su experiencia personal de c\u00f3mo los hombres \u201capapachadores\u201d pueden contribuir a un mundo mejor.<\/p>\n\n\n\n<p class=\"wp-block-paragraph\">\u201cValoramos las expresiones l\u00fadicas y creativas que nos motiven a reflexionar sobre las pr\u00e1cticas cotidianas que limitan nuestro pleno desarrollo, esas pr\u00e1cticas naturalizadas desde la infancia que crean desigualdad\u201d, expres\u00f3 Ang\u00e9lica Ayala.<\/p>\n\n\n\n<p class=\"wp-block-paragraph\">Tania Melchor, directora de Amaleer, y Antonio Toledo, coordinador de la Colectiva Colibr\u00ed expresaron su entusiasmo por la presentaci\u00f3n del libro, \u00e9sta ultimo refiri\u00f3 que \u201cEn una \u00e9poca diferente, es el tiempo y espacio que nos toca vivir y compartir, el que nos ayudar\u00e1 a encontrarnos y reencontrarnos\u201d.<\/p>\n\n\n\n<p class=\"wp-block-paragraph\">Emilio Lome ha publicado m\u00e1s de ochenta libros para diversas editoriales de M\u00e9xico, Iberoam\u00e9rica y los Estados Unidos; varios de \u00e9stos forman parte de la lista de honor de IBBY M\u00e9xico, en las salas de lectura de todo el pa\u00eds y en el programa Biblioteca de Aula de la Secretar\u00eda de Educaci\u00f3n P\u00fablica (SEP).<\/p>\n\n\n\n<p class=\"wp-block-paragraph\">Es coautor del material&nbsp;<em>Toc Toc Cantos y cuentos para romper el cascar\u00f3n<\/em>&nbsp;de Libros del Rinc\u00f3n SEP, material pionero en M\u00e9xico dirigido a la primera infancia.<\/p>\n\n\n\n<p class=\"wp-block-paragraph\">Sus canciones han sido interpretadas por Tania Libertad, Susana Harp, Iraida Noriega, Lila Downs, La Maldita Vecindad, el grupo de son jarocho Los Cojolites y el grupo Bandula.<\/p>\n\n\n\n<p class=\"wp-block-paragraph\">Se contempla la venta y firma de libros por parte del autor Emilio Lome. Amaleer donar\u00e1 un porcentaje a la causa del GESMujer que entre sus actividades otorga asesor\u00edas jur\u00eddicas y psicol\u00f3gicas a mujeres que enfrentan alg\u00fan tipo de violencia de g\u00e9nero, las cuales se ofrecer\u00e1n el d\u00eda del evento.<\/p>\n\n\n\n<p class=\"wp-block-paragraph\">Habr\u00e1 tambi\u00e9n remate de libros infantiles y juveniles, as\u00ed como transmisi\u00f3n virtual en vivo desde la fan page del GESMujer para las personas que no puedan asistir. Recientemente Emilio Lome recibi\u00f3 el Premio Barco de Vapor 2021, importante galard\u00f3n que otorga la Fundaci\u00f3n SM a lo mejor de la literatura infantil y juvenil en nuestro pa\u00eds.<\/p>\n\n\n\n<p class=\"wp-block-paragraph\">Por la contingencia, se eligi\u00f3 como escenario para la presentaci\u00f3n del libro el Paseo Ju\u00e1rez El Llano, un espacio abierto donde se implementar\u00e1n las medidas de prevenci\u00f3n de contagios del virus SARS-CoV-2.<\/p>\n\n\n\n<p class=\"wp-block-paragraph\">SEM\/em\/sj<\/p>\n","protected":false},"excerpt":{"rendered":"<p> Organizan Amaleer, el colectivo Colibr\u00ed, Planeta Lector y el GESMujer<\/p>\n","protected":false},"author":3,"featured_media":37464,"comment_status":"open","ping_status":"open","sticky":false,"template":"","format":"standard","meta":{"_monsterinsights_skip_tracking":false,"footnotes":""},"categories":[692,54],"tags":[],"class_list":["post-37463","post","type-post","status-publish","format-standard","has-post-thumbnail","category-692","category-mujeres"],"_links":{"self":[{"href":"https:\/\/redsemlac.com\/semmexico\/wp-json\/wp\/v2\/posts\/37463","targetHints":{"allow":["GET"]}}],"collection":[{"href":"https:\/\/redsemlac.com\/semmexico\/wp-json\/wp\/v2\/posts"}],"about":[{"href":"https:\/\/redsemlac.com\/semmexico\/wp-json\/wp\/v2\/types\/post"}],"author":[{"embeddable":true,"href":"https:\/\/redsemlac.com\/semmexico\/wp-json\/wp\/v2\/users\/3"}],"replies":[{"embeddable":true,"href":"https:\/\/redsemlac.com\/semmexico\/wp-json\/wp\/v2\/comments?post=37463"}],"version-history":[{"count":0,"href":"https:\/\/redsemlac.com\/semmexico\/wp-json\/wp\/v2\/posts\/37463\/revisions"}],"wp:featuredmedia":[{"embeddable":true,"href":"https:\/\/redsemlac.com\/semmexico\/wp-json\/wp\/v2\/media\/37464"}],"wp:attachment":[{"href":"https:\/\/redsemlac.com\/semmexico\/wp-json\/wp\/v2\/media?parent=37463"}],"wp:term":[{"taxonomy":"category","embeddable":true,"href":"https:\/\/redsemlac.com\/semmexico\/wp-json\/wp\/v2\/categories?post=37463"},{"taxonomy":"post_tag","embeddable":true,"href":"https:\/\/redsemlac.com\/semmexico\/wp-json\/wp\/v2\/tags?post=37463"}],"curies":[{"name":"wp","href":"https:\/\/api.w.org\/{rel}","templated":true}]}}