{"id":37453,"date":"2021-06-28T14:15:00","date_gmt":"2021-06-28T20:15:00","guid":{"rendered":"https:\/\/redsemlac.com\/semmexico\/?p=37453"},"modified":"2023-07-21T17:03:08","modified_gmt":"2023-07-21T22:03:08","slug":"movilidad-limitada-precarizacion-laboral-y-el-no-acceso-a-la-justicia-viven-mujeres-migrantes","status":"publish","type":"post","link":"https:\/\/redsemlac.com\/semmexico\/movilidad-limitada-precarizacion-laboral-y-el-no-acceso-a-la-justicia-viven-mujeres-migrantes\/","title":{"rendered":"Movilidad limitada, precarizaci\u00f3n laboral y el no acceso a la justicia viven mujeres migrantes"},"content":{"rendered":"\n<ul class=\"wp-block-list\"><li><strong>Presenta OIM diagn\u00f3stico de Procesos de participaci\u00f3n econ\u00f3mica, laboral y social de las mujeres migrantes en M\u00e9xico<\/strong><\/li><\/ul>\n\n\n\n<ul class=\"wp-block-list\"><li><strong>Las brechas impactan su inclusi\u00f3n en la sociedad receptora y a la poblaci\u00f3n migrante<\/strong><\/li><\/ul>\n\n\n\n<p class=\"wp-block-paragraph\"><strong>Yessica Morales<\/strong><\/p>\n\n\n\n<p class=\"wp-block-paragraph\">SemM\u00e9xico\/Chiapas Paralelo, Tuxtla Guti\u00e9rrez, 28 de junio, 2021.- La Organizaci\u00f3n Internacional para las Migraciones (OIM)&nbsp;<a href=\"https:\/\/kmhub.iom.int\/es\/procesos-de-participacion-economica-laboral-y-social-de-mujeres-migrantes-en-chiapas-mexico\">present\u00f3 el diagn\u00f3stico<\/a>&nbsp;\u201cProcesos de participaci\u00f3n econ\u00f3mica, laboral y social de mujeres migrantes en Chiapas, M\u00e9xico\u201d, que visibiliza los desaf\u00edos que tienen las mujeres migrantes al tratar de integrarse a las comunidades del sur de M\u00e9xico.<\/p>\n\n\n\n<p class=\"wp-block-paragraph\">El diagn\u00f3stico enfatiza que no es posible generalizar las experiencias de las mujeres migrantes, sin embargo, dicho estudio permite aproximarse al an\u00e1lisis de la complejidad que atraviesan, con el objetivo de encaminar procesos que promuevan la mejora de las condiciones de estancia y faciliten su integraci\u00f3n.<\/p>\n\n\n\n<p class=\"wp-block-paragraph\">A trav\u00e9s del di\u00e1logo directo con mujeres migrantes y con actores clave involucrados, encontraron que los perfiles con mayor visibilidad y frecuencia en Chiapas se distinguen en dos grupos, definidos con base en su proyecto migratorio, es decir, quienes trabajan de manera temporal en los municipios o regiones fronterizas.<\/p>\n\n\n\n<p class=\"wp-block-paragraph\">Aunado a ello, est\u00e1n las extranjeras cuyo prop\u00f3sito es atravesar territorio mexicano y llegar a los Estados Unidos de Am\u00e9rica, solicitantes de la condici\u00f3n de refugiadas y\/o con requerimientos espec\u00edficos de protecci\u00f3n, y a las que les fue negada la condici\u00f3n de refugio o cualquier otro requerimiento espec\u00edfico de protecci\u00f3n<\/p>\n\n\n\n<p class=\"wp-block-paragraph\">Los perfiles dan cuenta de la complejidad de las situaciones de las mujeres migrantes que proceden de pa\u00edses -a menudo de Centroam\u00e9rica- en conflicto social, con falta de oportunidades laborales, limitaci\u00f3n en la educaci\u00f3n y la violencia de g\u00e9nero, que pone en riesgo la vulneraci\u00f3n de derechos, el dif\u00edcil acceso a oportunidades econ\u00f3micas\/laborales y la falta de seguridad durante el tr\u00e1nsito.<\/p>\n\n\n\n<p class=\"wp-block-paragraph\">Por otro lado, el diagn\u00f3stico menciona que la caracterizaci\u00f3n de las mujeres migrantes que se han establecido de manera temporal, indefinida o permanente, permite un an\u00e1lisis regional, donde se incorpora las especificidades de cada corredor migratorio: geogr\u00e1ficas, pol\u00edticas, econ\u00f3micas y culturales, constituidas desde la historia y que impactan en la integraci\u00f3n econ\u00f3mica, laboral y social de este grupo.<\/p>\n\n\n\n<p class=\"wp-block-paragraph\">Destacaron los servicios de solicitud de la condici\u00f3n de refugio, as\u00ed como en condici\u00f3n de&nbsp;transmigraci\u00f3n, que invisibiliza a los sectores de la poblaci\u00f3n migrante -de los cu\u00e1les forman parte activa mujeres- que no cuentan con la informaci\u00f3n necesaria, recursos o requisitos para regularizar su estancia migratoria.<\/p>\n\n\n\n<p class=\"wp-block-paragraph\">La presencia de estas brechas impacta la inclusi\u00f3n de las mujeres en la sociedad receptora y a la poblaci\u00f3n migrante, aumentando sus condiciones de vulnerabilidad en tres puntos:&nbsp;movilidad limitada, precarizaci\u00f3n laboral y el limitado acceso a mecanismos de justicia y violencias basada en g\u00e9nero y de asistencia especializada.<\/p>\n\n\n\n<p class=\"wp-block-paragraph\">El primer punto se refiere a que, si la estancia de las personas es irregular, tendr\u00e1n obst\u00e1culos para trasladarse a las localidades donde puedan realizar tr\u00e1mites de regularizaci\u00f3n migratoria, o bien los costos de estos impactan en la econom\u00eda de las mujeres y en algunos casos, la de sus familias.<\/p>\n\n\n\n<p class=\"wp-block-paragraph\">A eso se suma la limitada posibilidad para trasladarse a otras localidades de manera segura, es decir, sin el riesgo de ser v\u00edctimas de delito.<\/p>\n\n\n\n<p class=\"wp-block-paragraph\">El segundo punto es sobre&nbsp;la precarizaci\u00f3n laboral y dependencia econ\u00f3mica de las mujeres migrantes, mismo que se acent\u00faa cuando no pueden acreditar su estancia regular en M\u00e9xico, sumado a los riesgos de ser v\u00edctimas de robo, extorsi\u00f3n, acoso sexual, de trata de personas, y dando paso a posibles irregularidades en el \u00e1mbito laboral informal.<\/p>\n\n\n\n<p class=\"wp-block-paragraph\">Lo anterior, crea la posibilidad de violencias en el \u00e1mbito laboral, como son despidos injustificados, salarios por debajo de lo establecido o desiguales, jornadas largas, acoso sexual, entre otras.<\/p>\n\n\n\n<p class=\"wp-block-paragraph\">Adem\u00e1s, al no tener ingresos o no posibiliten la suficiencia econ\u00f3mica, las mujeres migrantes pueden verse involucradas en din\u00e1micas de dependencia o vulnerabilidad, lo que impacta su autonom\u00eda y promueve otras formas de violencia, como es la basada en g\u00e9nero en el \u00e1mbito dom\u00e9stico.<\/p>\n\n\n\n<p class=\"wp-block-paragraph\">El tercer punto se enfoca a la situaci\u00f3n de irregularidad migratoria, sumado con la desinformaci\u00f3n y el no visible o limitado acceso a la justicia, lo que crea condiciones para que las mujeres migrantes sean v\u00edctimas de violencia basada en g\u00e9nero.<\/p>\n\n\n\n<p class=\"wp-block-paragraph\">Otros elementos que se suman a ello, son las limitadas redes sociales con la familia y la comunidad de origen o local, la falta de acceso a empleos dignos, incluso, en casos en los que el estatus migratorio se encuentra ligado a la pareja.<\/p>\n\n\n\n<p class=\"wp-block-paragraph\">Estos elementos forman parte de la vulnerabilidad, que promueve el pronunciamiento de las&nbsp;brechas de desigualdad econ\u00f3mica y social,&nbsp;no solo con respecto a otras mujeres locales, sino tambi\u00e9n a las migrantes de otras localidades y corredores.<\/p>\n\n\n\n<p class=\"wp-block-paragraph\">En este sentido, se evidencia la relaci\u00f3n entre las diversas formas y espacios de violencia que afectan a las mujeres migrantes que, invariablemente, juegan un papel importante en sus experiencias de participaci\u00f3n econ\u00f3mica, laboral y social durante su asentamiento temporal, indefinido o permanente en los dos corredores migratorios ubicados en Chiapas, se\u00f1ala el diagnostico.<\/p>\n\n\n\n<h2 class=\"wp-block-heading\"><strong>Chiapas en la din\u00e1mica migratoria, laboral y econ\u00f3mica<\/strong><\/h2>\n\n\n\n<p class=\"wp-block-paragraph\">El diagnostico acent\u00faa que, Chiapas es uno de los estados cuyo \u00cdndice de Desarrollo Humano (IDH), seg\u00fan cifras del 2015, se encuentra por debajo del promedio nacional (0.762), con casi el 72% de sus municipios con un IDH medio y solo el 1% muy alto.<\/p>\n\n\n\n<p class=\"wp-block-paragraph\">Las condiciones de desarrollo econ\u00f3mico de Chiapas, en la actualidad son un factor que se relaciona con el alto nivel de emigraci\u00f3n en la entidad, siendo las remesas uno de los beneficios en sus indicadores econ\u00f3micos.<\/p>\n\n\n\n<p class=\"wp-block-paragraph\">Por otra parte, datos de la Encuesta Nacional de Ocupaci\u00f3n y Empleo Nueva Versi\u00f3n (ENOEN) del Instituto Nacional de Estad\u00edstica y Geograf\u00eda (INEGI) dio a conocer que, la tasa de informalidad laboral en el cuarto trimestre del 2020 fue de 76.4%.<\/p>\n\n\n\n<p class=\"wp-block-paragraph\">El papel de la informalidad y trabajo por cuenta propia en la mitigaci\u00f3n de la ca\u00edda econ\u00f3mica de Chiapas revela la condici\u00f3n cr\u00edtica de precarizaci\u00f3n laboral del estado cuya distribuci\u00f3n porcentual de la poblaci\u00f3n ocupada de 15 a\u00f1os y m\u00e1s por tipo de actividad econ\u00f3mica.<\/p>\n\n\n\n<p class=\"wp-block-paragraph\">Seg\u00fan el informe de la OIM, la Organizaci\u00f3n Internacional del Trabajo (OIT), y la Unidad de Pol\u00edtica Migratoria, Registro e Identidad de Personas&nbsp;(UPMRIP) 2020, la complejidad espacial de la entidad se refleja en la distribuci\u00f3n de sus actividades econ\u00f3micas, en 2010, la riqueza del estado fue generada en gran parte por municipios como Tuxtla Guti\u00e9rrez, Tapachula, San Crist\u00f3bal de las Casas y Comit\u00e1n de Dom\u00ednguez.<\/p>\n\n\n\n<p class=\"wp-block-paragraph\">En consideraci\u00f3n lo anterior, los nichos laborales disponibles son: informal y formal, en el sector agr\u00edcola, comercial, manufacturero, restaurantero, servicios diversos, sociales, de alojamiento y construcci\u00f3n, estos han sido aprovechados por las personas extranjeras provenientes de Guatemala, con quien Chiapas mantiene estrechos v\u00ednculos culturales.<\/p>\n\n\n\n<p class=\"wp-block-paragraph\">Sin embargo, en las \u00faltimas d\u00e9cadas, personas provenientes de Honduras, El Salvador, Cuba y Hait\u00ed, se incorporan a la situaci\u00f3n de precarizaci\u00f3n laboral al participar de la vida econ\u00f3mica y social del estado.<\/p>\n\n\n\n<p class=\"wp-block-paragraph\">De acuerdo con el Censo de Poblaci\u00f3n y Vivienda 2020, en Chiapas, las personas nacidas en otro pa\u00eds se distribuyen de la siguiente forma: Guatemala 55%, Honduras 17%, El Salvador 8%, y Otros pa\u00edses 20%.<\/p>\n\n\n\n<p class=\"wp-block-paragraph\">Siendo las mujeres quienes representan el 50.5% del total de la poblaci\u00f3n extranjera en la entidad, coexisten tres tipos de situaciones: inmigrantes nacidas en Centroam\u00e9rica que residen y trabajan en Chiapas, transfronterizas que cruzan a trabajar al estado por periodos cortos, y temporales las que trabajan por periodos de mayor duraci\u00f3n o por ciclos agr\u00edcolas.<\/p>\n\n\n\n<p class=\"wp-block-paragraph\">El diagn\u00f3stico menciona que, aunque las personas en situaci\u00f3n de movilidad se enfrentan a importantes retos en materia de participaci\u00f3n econ\u00f3mica, laboral y social, que dificultan su integraci\u00f3n a las sociedades receptoras estos se presentan de maneras diferenciadas, dependiendo de la nacionalidad, g\u00e9nero, edad, orientaci\u00f3n sexual, condici\u00f3n de estancia migratoria, nivel educativo y la lengua.<\/p>\n\n\n\n<p class=\"wp-block-paragraph\">Dichas situaciones pueden ampliar la brecha de desigualdad y a veces limitar el acceso a derechos de las personas.<\/p>\n\n\n\n<p class=\"wp-block-paragraph\">En este sentido, los procesos migratorios protagonizados por mujeres han visibilizado y generado condiciones de vulnerabilidad espec\u00edficas asociadas al g\u00e9nero como son ser v\u00edctima de trata, precarizaci\u00f3n laboral, abusos laborales y la descalificaci\u00f3n de las mujeres migrantes calificadas.<\/p>\n\n\n\n<p class=\"wp-block-paragraph\">A su vez, estas condiciones se cruzan con la condici\u00f3n de estancia migratoria, nacionalidad, edad, raza o pertenencia \u00e9tnica, creando segmentos laborales que, en ocasiones, promueven el rechazo de las mujeres migrantes y dificultan su integraci\u00f3n en las sociedades receptoras.<\/p>\n\n\n\n<p class=\"wp-block-paragraph\">De acuerdo con datos aportados por la OIM, OIT, El Colegio de la Frontera Norte (Colef) y UPMRIP, junto a la Organizaci\u00f3n de las Naciones Unidas&nbsp;para la Igualdad de G\u00e9nero y el Empoderamiento de la Mujer (ONU Mujeres) y el Instituto para las Mujeres en la Migraci\u00f3n, AC (IMUMI) podr\u00eda decirse que el mercado laboral \u2013informal en principio\u2013 del que forman parte las mujeres migrantes en M\u00e9xico se encuentra segmentado, racializado y segregado.<\/p>\n\n\n\n<p class=\"wp-block-paragraph\">SEM-ChiapasParalelo\/ym<\/p>\n","protected":false},"excerpt":{"rendered":"<p>Las brechas impactan su inclusi\u00f3n en la sociedad receptora y a la poblaci\u00f3n migrante<\/p>\n","protected":false},"author":3,"featured_media":37454,"comment_status":"open","ping_status":"open","sticky":false,"template":"","format":"standard","meta":{"_monsterinsights_skip_tracking":false,"footnotes":""},"categories":[692,51],"tags":[],"class_list":["post-37453","post","type-post","status-publish","format-standard","has-post-thumbnail","category-692","category-ejecutivo"],"_links":{"self":[{"href":"https:\/\/redsemlac.com\/semmexico\/wp-json\/wp\/v2\/posts\/37453","targetHints":{"allow":["GET"]}}],"collection":[{"href":"https:\/\/redsemlac.com\/semmexico\/wp-json\/wp\/v2\/posts"}],"about":[{"href":"https:\/\/redsemlac.com\/semmexico\/wp-json\/wp\/v2\/types\/post"}],"author":[{"embeddable":true,"href":"https:\/\/redsemlac.com\/semmexico\/wp-json\/wp\/v2\/users\/3"}],"replies":[{"embeddable":true,"href":"https:\/\/redsemlac.com\/semmexico\/wp-json\/wp\/v2\/comments?post=37453"}],"version-history":[{"count":0,"href":"https:\/\/redsemlac.com\/semmexico\/wp-json\/wp\/v2\/posts\/37453\/revisions"}],"wp:featuredmedia":[{"embeddable":true,"href":"https:\/\/redsemlac.com\/semmexico\/wp-json\/wp\/v2\/media\/37454"}],"wp:attachment":[{"href":"https:\/\/redsemlac.com\/semmexico\/wp-json\/wp\/v2\/media?parent=37453"}],"wp:term":[{"taxonomy":"category","embeddable":true,"href":"https:\/\/redsemlac.com\/semmexico\/wp-json\/wp\/v2\/categories?post=37453"},{"taxonomy":"post_tag","embeddable":true,"href":"https:\/\/redsemlac.com\/semmexico\/wp-json\/wp\/v2\/tags?post=37453"}],"curies":[{"name":"wp","href":"https:\/\/api.w.org\/{rel}","templated":true}]}}