{"id":37450,"date":"2021-06-28T14:00:00","date_gmt":"2021-06-28T20:00:00","guid":{"rendered":"https:\/\/redsemlac.com\/semmexico\/?p=37450"},"modified":"2023-07-21T17:03:08","modified_gmt":"2023-07-21T22:03:08","slug":"consejo-de-genero-de-la-oem-mujeres-ni-estereotipadas-ni-invisibilizadas","status":"publish","type":"post","link":"https:\/\/redsemlac.com\/semmexico\/consejo-de-genero-de-la-oem-mujeres-ni-estereotipadas-ni-invisibilizadas\/","title":{"rendered":"Consejo de G\u00e9nero de la OEM: Mujeres, ni estereotipadas, ni invisibilizadas"},"content":{"rendered":"\n<ul class=\"wp-block-list\"><li><strong>Especialistas y fotoperiodistas coincidieron en que las mujeres deben ser retratada en todos sus espacios de acci\u00f3n<\/strong><\/li><\/ul>\n\n\n\n<ul class=\"wp-block-list\"><li><strong>Sara Lovera: \u201cs\u00ed existen cambios positivos en c\u00f3mo se refleja a la mujer a trav\u00e9s de la fotograf\u00eda, derivados de su propio avance\u201d<\/strong><\/li><\/ul>\n\n\n\n<p class=\"wp-block-paragraph\"><strong>Sa\u00fal Hern\u00e1ndez<\/strong><\/p>\n\n\n\n<p class=\"wp-block-paragraph\">SemM\u00e9xico\/El Sol de M\u00e9xico, 28 de junio, 2021.- &nbsp;Los medios de comunicaci\u00f3n deben erradicar de sus recursos gr\u00e1ficos los estereotipos de la mujer como s\u00f3lo v\u00edctima, en un papel exclusivamente maternal o bajo los est\u00e1ndares de belleza homog\u00e9nea que actualmente dominan, coincidieron fotoperiodistas y especialistas en la novena sesi\u00f3n del Consejo con Perspectiva de G\u00e9nero de la Organizaci\u00f3n Editorial Mexicana (OEM).<\/p>\n\n\n\n<p class=\"wp-block-paragraph\">La reuni\u00f3n del Consejo del jueves pasado tuvo como eje tem\u00e1tico el manejo de la fotograf\u00eda period\u00edstica e imagen con perspectiva de g\u00e9nero y fue presidida por la directora general editorial de la OEM, Martha Ramos Sosa.<\/p>\n\n\n\n<p class=\"wp-block-paragraph\">Pedro Valtierra, director de la agencia de fotograf\u00eda Cuartoscuro, consider\u00f3 que \u201ca la mujer generalmente se le retrata siendo la v\u00edctima\u201d, aunque con el paso de los a\u00f1os en algunos medios se dieron pol\u00edticas diferentes en torno a su trato dada la presencia de cada vez m\u00e1s reporteras en las redacciones. \u201cDesde entonces yo me di cuenta que la presencia de la mujer era muy importante, de tal manera que hab\u00eda una influencia por parte del director y por parte de las mujeres para nosotros, como fot\u00f3grafos, de revalorar m\u00e1s su trabajo\u201d.<\/p>\n\n\n\n<p class=\"wp-block-paragraph\">Durante su intervenci\u00f3n, la periodista feminista Sara Lovera coincidi\u00f3 en que s\u00ed existen cambios positivos en c\u00f3mo se refleja a la mujer a trav\u00e9s de la fotograf\u00eda, derivados del propio avance de las mujeres en todos los \u00e1mbitos de la vida p\u00fablica, aunque todav\u00eda persisten estereotipos.<\/p>\n\n\n\n<p class=\"wp-block-paragraph\">Si bien, en campos como el deporte las im\u00e1genes son cada vez m\u00e1s respetuosas con las atletas, resaltando su progreso deportivo sobre su f\u00edsico, en el caso de los espect\u00e1culos, \u201catr\u00e1s del lente de fot\u00f3grafos o fot\u00f3grafas est\u00e1 el uso y abuso del cuerpo\u201d, consider\u00f3.<\/p>\n\n\n\n<p class=\"wp-block-paragraph\">En la prensa escrita a\u00fan hay diarios que siguen colocando mujeres sin ropa en sus primeras planas, mientras que otros, como La Prensa, fueron cambiando radicalmente estas pr\u00e1cticas, reconoci\u00f3 Lovera, quien tambi\u00e9n es consejera permanente de la OEM.<\/p>\n\n\n\n<p class=\"wp-block-paragraph\">Otro estereotipo com\u00fan, y que debe replantearse por otro tipo de narrativa, es colocar a la mujer siempre como v\u00edctima. \u201cEs decir, una mujer que va a hacer una denuncia de violencia familiar la prefieren llorando, y no s\u00f3lo eso, es adem\u00e1s el discurso\u2026 Hay una mucho mayor narrativa en la victimizaci\u00f3n que en la demanda de justicia\u201d, agreg\u00f3 Sara Lovera.<\/p>\n\n\n\n<p class=\"wp-block-paragraph\">Tambi\u00e9n critic\u00f3 las im\u00e1genes que colocan a la mujer en un papel pasivo, \u201ccomo disminuida\u201d, y las que s\u00f3lo la retratan en su papel de madre. \u201cMujeres activas, estamos en todos los campos de la actividad\u2026 No solamente es la de los ni\u00f1os. Tenemos una enorme tendencia en las fotograf\u00edas a retratar a las mujeres con la carga de la prole. Seguimos reafirmando, sin darnos cuenta, que las mujeres son s\u00f3lo madres, y resulta que no, que est\u00e1n en todos lados\u201d.<\/p>\n\n\n\n<p class=\"wp-block-paragraph\">Critic\u00f3 a los medios que en las manifestaciones feministas privilegian m\u00e1s el amarillismo que las demandas de justicia o que estereotipan a sus integrantes. \u201cMe preocupa que son siempre tatuadas las colectivas. Pues hay algunas de las colectivas que no se tat\u00faan. Se ponen tacones y son abogadas\u201d.<\/p>\n\n\n\n<p class=\"wp-block-paragraph\">Sobre el tema, Pedro Valtierra, indic\u00f3 que en Cuartoscuro siempre est\u00e1n trabajando con la edici\u00f3n de las im\u00e1genes para que estas reflejen, no a la mujer violenta, \u201csino la dignidad, la forma de enfrentar la lucha\u201d.<\/p>\n\n\n\n<p class=\"wp-block-paragraph\">Durante su participaci\u00f3n, Gabriela Ram\u00edrez, del Centro de Informaci\u00f3n ONU M\u00e9xico y consejera permanente de la OEM, hizo \u00e9nfasis en que las mujeres est\u00e1n o completamente invisibilizadas, o completamente expuestas.<\/p>\n\n\n\n<p class=\"wp-block-paragraph\">\u201cCuando se habla de ciencia, aunque las mujeres ocupan cada vez m\u00e1s espacios, no estamos completamente (en las noticias). Y cuando se habla de violencia o prostituci\u00f3n, estamos completamente expuestas. Entonces, necesitamos cuidar que la fotograf\u00eda no replique esta asignaci\u00f3n arbitraria de vender roles fijos marcados por esta divisi\u00f3n de g\u00e9nero\u201d, detall\u00f3.<\/p>\n\n\n\n<p class=\"wp-block-paragraph\">Agreg\u00f3 que las nuevas generaciones necesitan ver mujeres en todos los espacios de una manera natural, digna y profesional \u201cpara poder decir \u2018yo quiero ser cient\u00edfica como la doctora que est\u00e1 desarrollando la vacuna contra el papiloma o yo quiero ser futbolista\u201d.<\/p>\n\n\n\n<p class=\"wp-block-paragraph\">Puso como ejemplo del problema uno de los resultados preliminares del Proyecto de Monitoreo Global de Medios (GMMP por sus siglas en ingl\u00e9s) que revela que durante 2020 aparecieron en medios m\u00e1s hombres que mujeres expertos opinando sobre la pandemia de Covid-19: de cada tres especialistas, s\u00f3lo una era mujer.<\/p>\n\n\n\n<p class=\"wp-block-paragraph\">Ram\u00edrez tambi\u00e9n consider\u00f3 necesario dejar de publicar im\u00e1genes que replican los estereotipos de belleza homog\u00e9nea y evitar la sexualizaci\u00f3n de ni\u00f1as y adolescentes.<\/p>\n\n\n\n<h2 class=\"wp-block-heading\"><strong>Conocer la historia detr\u00e1s<\/strong><\/h2>\n\n\n\n<p class=\"wp-block-paragraph\">\u201cSi quieres retratar, tienes que saber la historia que hay detr\u00e1s\u201d, explic\u00f3 Aldonza M\u00e9ndez, subdirectora de Producci\u00f3n Audiovisual en la Secretar\u00eda de Medio Ambiente y Recursos Naturales (Semarnat).<\/p>\n\n\n\n<p class=\"wp-block-paragraph\">Con 18 a\u00f1os de experiencia en producci\u00f3n gr\u00e1fica y audiovisual, M\u00e9ndez destac\u00f3 la importancia de no s\u00f3lo retratar a las mujeres l\u00edderes sino tambi\u00e9n la de todas aquellas historias que dan a la mujer cada vez m\u00e1s un lugar en la vida cotidiana, en la vida pol\u00edtica y en la vida social.<\/p>\n\n\n\n<p class=\"wp-block-paragraph\">\u201cUno puede obtener una fotograf\u00eda documental o fotorreportaje enalteciendo este tipo de actividades, tanto para cambio social como de la vida cotidiana\u2026 Todo eso es promover tanto la imagen de la mujer como de la econom\u00eda local y la econom\u00eda de un pa\u00eds desde la microeconom\u00eda\u201d.<\/p>\n\n\n\n<p class=\"wp-block-paragraph\">Coincidi\u00f3 en el tema Roberto Hern\u00e1ndez, fotoperiodista de El Sol de M\u00e9xico, quien lament\u00f3 que todav\u00eda desde las redacciones se piensa que la mujer empoderada es la que tiene mucho dinero, viste de traje sastre y tacones o usa un portafolio ejecutivo.<\/p>\n\n\n\n<p class=\"wp-block-paragraph\">\u201cMuchas veces pasa que los editores te piden una foto de mujeres trabajando. Les pasas la foto y te dicen: \u2018pero que se vean empoderadas\u2019. Y mi pregunta es: \u00bfc\u00f3mo se ve una mujer empoderada en una foto?<\/p>\n\n\n\n<p class=\"wp-block-paragraph\">\u201cSe est\u00e1 repitiendo esta imagen que se tiene, este clich\u00e9, que no representa lo que realmente son las mujeres que trabajan, que hacen actividades, que participan en la econom\u00eda, que no necesariamente tiene que ser la l\u00edder de una empresa\u2026 Hay que cambiar el discurso\u201d.<\/p>\n\n\n\n<h2 class=\"wp-block-heading\"><strong>Espacios seguros<\/strong><\/h2>\n\n\n\n<p class=\"wp-block-paragraph\">Ulises Castellanos, fundador y director de C\u00edrculo Rojo, enfatiz\u00f3 la necesidad de garantizar un ambiente de seguridad para las mujeres al interior de las redacciones.<\/p>\n\n\n\n<p class=\"wp-block-paragraph\">\u201cSi no se toman acciones, ellas van a salir saliendo a la calle cada 8 de marzo; si no se toman acciones, se sigue alentando la impunidad\u201d, dijo el fotoperiodista.<\/p>\n\n\n\n<p class=\"wp-block-paragraph\">Pedro Valtierra consider\u00f3 que tanto reporteros como fot\u00f3grafos deben comprender la importancia del hombre y la mujer en las salas de redacci\u00f3n. \u201cVenimos de una pol\u00edtica sumamente machista en los medios\u2026 los cargos de direcci\u00f3n no los ocupaban mujeres, eran de hombres y generalmente con actitudes que no eran compatibles con el respeto al trabajo de la mujer\u201d, se\u00f1al\u00f3.<\/p>\n\n\n\n<p class=\"wp-block-paragraph\">SEM-El Sol de M\u00e9xico\/sh<\/p>\n","protected":false},"excerpt":{"rendered":"<p>Especialistas y fotoperiodistas coincidieron en que las mujeres deben ser retratada en todos sus espacios de acci\u00f3n<\/p>\n","protected":false},"author":3,"featured_media":37451,"comment_status":"open","ping_status":"open","sticky":false,"template":"","format":"standard","meta":{"_monsterinsights_skip_tracking":false,"footnotes":""},"categories":[692,55],"tags":[],"class_list":["post-37450","post","type-post","status-publish","format-standard","has-post-thumbnail","category-692","category-periodistas"],"_links":{"self":[{"href":"https:\/\/redsemlac.com\/semmexico\/wp-json\/wp\/v2\/posts\/37450","targetHints":{"allow":["GET"]}}],"collection":[{"href":"https:\/\/redsemlac.com\/semmexico\/wp-json\/wp\/v2\/posts"}],"about":[{"href":"https:\/\/redsemlac.com\/semmexico\/wp-json\/wp\/v2\/types\/post"}],"author":[{"embeddable":true,"href":"https:\/\/redsemlac.com\/semmexico\/wp-json\/wp\/v2\/users\/3"}],"replies":[{"embeddable":true,"href":"https:\/\/redsemlac.com\/semmexico\/wp-json\/wp\/v2\/comments?post=37450"}],"version-history":[{"count":0,"href":"https:\/\/redsemlac.com\/semmexico\/wp-json\/wp\/v2\/posts\/37450\/revisions"}],"wp:featuredmedia":[{"embeddable":true,"href":"https:\/\/redsemlac.com\/semmexico\/wp-json\/wp\/v2\/media\/37451"}],"wp:attachment":[{"href":"https:\/\/redsemlac.com\/semmexico\/wp-json\/wp\/v2\/media?parent=37450"}],"wp:term":[{"taxonomy":"category","embeddable":true,"href":"https:\/\/redsemlac.com\/semmexico\/wp-json\/wp\/v2\/categories?post=37450"},{"taxonomy":"post_tag","embeddable":true,"href":"https:\/\/redsemlac.com\/semmexico\/wp-json\/wp\/v2\/tags?post=37450"}],"curies":[{"name":"wp","href":"https:\/\/api.w.org\/{rel}","templated":true}]}}