{"id":37444,"date":"2021-06-28T13:30:00","date_gmt":"2021-06-28T19:30:00","guid":{"rendered":"https:\/\/redsemlac.com\/semmexico\/?p=37444"},"modified":"2023-07-21T17:03:08","modified_gmt":"2023-07-21T22:03:08","slug":"aborto-de-forma-involuntaria-la-acusan-de-homicidio","status":"publish","type":"post","link":"https:\/\/redsemlac.com\/semmexico\/aborto-de-forma-involuntaria-la-acusan-de-homicidio\/","title":{"rendered":"Abort\u00f3 de forma involuntaria, la acusan de homicidio"},"content":{"rendered":"\n<ul class=\"wp-block-list\"><li><strong>Una joven es detenida sin orden de aprehensi\u00f3n, no le informan a la familia<\/strong><\/li><\/ul>\n\n\n\n<ul class=\"wp-block-list\"><li><strong>De acuerdo a su control m\u00e9dico su embarazo era de alto riesgo<\/strong><\/li><\/ul>\n\n\n\n<p class=\"wp-block-paragraph\"><strong>Ana Alicia Osorio Gonz\u00e1lez<\/strong><\/p>\n\n\n\n<p class=\"wp-block-paragraph\">SemM\u00e9xico, Veracruz, 28 de junio, 2021.- Tras horas de b\u00fasqueda, Diana fue localizada por su madre y cu\u00f1ada. Estaba detenida acusada de homicidio, despu\u00e9s de haber presentado un aborto involuntario en una plaza comercial.<\/p>\n\n\n\n<p class=\"wp-block-paragraph\">Desde hace m\u00e1s de un mes, la joven ha estado en prisi\u00f3n preventiva en un penal de Acayucan, en esta misma entidad y fue la familia quien advirti\u00f3 que Diana fue sacada de su vivienda sin orden de aprehensi\u00f3n por elementos de la fiscal\u00eda.<\/p>\n\n\n\n<p class=\"wp-block-paragraph\">Diana quien se encontraba en la casa familiar desde la separaci\u00f3n de su pareja, con quien sufr\u00eda violencia psicol\u00f3gica y f\u00edsica, cursaba un embarazo de seis meses, considerado de alto riesgo por lo que llevaba un control m\u00e9dico.<\/p>\n\n\n\n<p class=\"wp-block-paragraph\">El d\u00eda en que ocurri\u00f3 el aborto involuntario fue a ver a su ex pareja y despu\u00e9s no supieron nada de ella por varias horas. Su madre y cu\u00f1ada hab\u00edan conocido del caso de una mujer que abort\u00f3 en el ba\u00f1o de una plaza comercial por los medios de comunicaci\u00f3n, hasta entonces supieron que se trataba de Diana, quien ya estaba detenida acusada de homicidio.<\/p>\n\n\n\n<p class=\"wp-block-paragraph\">Tambi\u00e9n supieron que la joven no hab\u00eda recibido atenci\u00f3n m\u00e9dica, temiendo una posible infecci\u00f3n pidieron a los ministeriales que la internaran en un hospital, lo que hicieron hasta dos d\u00edas despu\u00e9s, cuando la placenta a\u00fan dentro de su cuerpo presentaba una infecci\u00f3n por lo que fue necesario un legrado.<\/p>\n\n\n\n<p class=\"wp-block-paragraph\">All\u00ed no acab\u00f3 su problema m\u00e9dico, explica su familia que casi un mes despu\u00e9s ha tenido que ser hospitalizada de nuevo, pero hasta el momento la familia no tiene ninguna certeza sobre su salud.<\/p>\n\n\n\n<p class=\"wp-block-paragraph\">Ahora la familia ha sido informada que, en la detenci\u00f3n de Diana, los polic\u00edas ministeriales cometieron varias violaciones a sus derechos, como la detenci\u00f3n sin una orden, se le neg\u00f3 oportunamente la atenci\u00f3n m\u00e9dica y ha sido acusada por homicidio doloso, lo que de ser encontrada culpable podr\u00eda representar una pena carcelaria mayor al delito de aborto.<\/p>\n\n\n\n<p class=\"wp-block-paragraph\">Ella no es una asesina, es una madre responsable y cari\u00f1osa con sus hijos, es una buena mujer y la est\u00e1n acusando injustamente\u201d, dice una familiar de Diana.<\/p>\n\n\n\n<p class=\"wp-block-paragraph\">Hoy, enfrentan un problema m\u00e1s, no tienen recursos para pagar a un abogado que les pide 10 mil pesos y se requiere de peritos especialistas en ginecolog\u00eda y psiquiatr\u00eda para demostrar que Diana abort\u00f3 de forma involuntaria.<\/p>\n\n\n\n<p class=\"wp-block-paragraph\">SEM\/aaog\/sj<\/p>\n","protected":false},"excerpt":{"rendered":"<p>De acuerdo a su control m\u00e9dico su embarazo era de alto riesgo<\/p>\n","protected":false},"author":3,"featured_media":37445,"comment_status":"open","ping_status":"open","sticky":false,"template":"","format":"standard","meta":{"_monsterinsights_skip_tracking":false,"footnotes":""},"categories":[692,54],"tags":[],"class_list":["post-37444","post","type-post","status-publish","format-standard","has-post-thumbnail","category-692","category-mujeres"],"_links":{"self":[{"href":"https:\/\/redsemlac.com\/semmexico\/wp-json\/wp\/v2\/posts\/37444","targetHints":{"allow":["GET"]}}],"collection":[{"href":"https:\/\/redsemlac.com\/semmexico\/wp-json\/wp\/v2\/posts"}],"about":[{"href":"https:\/\/redsemlac.com\/semmexico\/wp-json\/wp\/v2\/types\/post"}],"author":[{"embeddable":true,"href":"https:\/\/redsemlac.com\/semmexico\/wp-json\/wp\/v2\/users\/3"}],"replies":[{"embeddable":true,"href":"https:\/\/redsemlac.com\/semmexico\/wp-json\/wp\/v2\/comments?post=37444"}],"version-history":[{"count":0,"href":"https:\/\/redsemlac.com\/semmexico\/wp-json\/wp\/v2\/posts\/37444\/revisions"}],"wp:featuredmedia":[{"embeddable":true,"href":"https:\/\/redsemlac.com\/semmexico\/wp-json\/wp\/v2\/media\/37445"}],"wp:attachment":[{"href":"https:\/\/redsemlac.com\/semmexico\/wp-json\/wp\/v2\/media?parent=37444"}],"wp:term":[{"taxonomy":"category","embeddable":true,"href":"https:\/\/redsemlac.com\/semmexico\/wp-json\/wp\/v2\/categories?post=37444"},{"taxonomy":"post_tag","embeddable":true,"href":"https:\/\/redsemlac.com\/semmexico\/wp-json\/wp\/v2\/tags?post=37444"}],"curies":[{"name":"wp","href":"https:\/\/api.w.org\/{rel}","templated":true}]}}