{"id":37433,"date":"2021-06-28T11:01:43","date_gmt":"2021-06-28T17:01:43","guid":{"rendered":"https:\/\/redsemlac.com\/semmexico\/?p=37433"},"modified":"2023-07-21T17:03:08","modified_gmt":"2023-07-21T22:03:08","slug":"vamos-a-tipificar-correctamente-el-feminicidio-rosa-icela-rodriguez","status":"publish","type":"post","link":"https:\/\/redsemlac.com\/semmexico\/vamos-a-tipificar-correctamente-el-feminicidio-rosa-icela-rodriguez\/","title":{"rendered":"Vamos a tipificar correctamente el feminicidio: Rosa Icela Rodr\u00edguez"},"content":{"rendered":"\n<ul class=\"wp-block-list\"><li><strong>La secretaria de Seguridad y Protecci\u00f3n Ciudadana asegur\u00f3 que entre enero y mayo de este a\u00f1o ocurrieron 423 feminicidios<\/strong><\/li><li><strong>Durante d\u00e9cadas se trat\u00f3 de ocultar este delito desde la cifra oficial<\/strong><\/li><\/ul>\n\n\n\n<p class=\"wp-block-paragraph\"><strong>Lizbeth \u00c1lvarez Mart\u00ednez<\/strong>.<br>SemM\u00e9xico, Cd. de M\u00e9xico, 28 de junio, 2021.- La secretaria de Seguridad y Protecci\u00f3n Ciudadana (SSPC), Rosa Icela Rodr\u00edguez, dijo que la actual administraci\u00f3n federal trabaja para homologar en todo el pa\u00eds el delito de feminicidio y asegur\u00f3 \u201ctenemos el compromiso de tipificar correctamente\u201d.<\/p>\n\n\n\n<p class=\"wp-block-paragraph\">Durante la conferencia Ma\u00f1anera, dijo que durante d\u00e9cadas \u201cla cifra oficial minimiz\u00f3 el feminicidio, lo borr\u00f3, disfraz\u00f3 y borr\u00f3\u201d. En 2018 se homolog\u00f3 y aprob\u00f3 un criterio nacional para el registro de este delito por parte del Secretariado ejecutivo del sistema nacional de seguridad y hace apenas dos a\u00f1os se logr\u00f3 que todos los estados lo tipificaran en sus c\u00f3digos penales.<\/p>\n\n\n\n<p class=\"wp-block-paragraph\">Y asegur\u00f3 que en el gobierno federal \u201ctenemos el compromiso de clasificar adecuadamente los feminicidios sin importar que esa suma implique un aumento en las estad\u00edsticas\u201d.<\/p>\n\n\n\n<p class=\"wp-block-paragraph\">Inform\u00f3 que entre enero y mayo de este a\u00f1o se presentaron 423 v\u00edctimas de feminicidio, un aumento del 7.1 respecto al mismo periodo de 2020.<\/p>\n\n\n\n<p class=\"wp-block-paragraph\">Ocho entidades concentraron 57.4 por ciento de las carpetas de investigaci\u00f3n por este delito en el pa\u00eds: Morelos. En algunas entidades como la Ciudad de M\u00e9xico toda carpeta de investigaci\u00f3n por homicidio cuya v\u00edctima es mujer se inicia como feminicidio.<\/p>\n\n\n\n<p class=\"wp-block-paragraph\">Dijo que si se revisa la incidencia por cada 100 mil habitantes, ocho entidades concentran las tasas m\u00e1s altas por este delito: Morelos, Sonora, Quintana Roo, Colima, Jalisco, Sinaloa, San Luis Potos\u00ed y Chiapas.<\/p>\n\n\n\n<p class=\"wp-block-paragraph\">De los 724 municipios que registran carpetas de investigaci\u00f3n por este delito 50 concentran el 38.5 por ciento de los casos y cinco m\u00e1s tienen el 7.9 del total de las carpetas \u2013Culiac\u00e1n, Tijuana, Ju\u00e1rez, Guadalajara y Monterrey-.<\/p>\n\n\n\n<p class=\"wp-block-paragraph\">Dijo tambi\u00e9n que en las mesas estatales y regionales para la construcci\u00f3n de paz, dan seguimiento a 294 carpetas de investigaci\u00f3n por \u201chomicidios contra mujeres\u201d y 123 por feminicidios y 101 por homicidios dolosos.<\/p>\n\n\n\n<p class=\"wp-block-paragraph\">Dijo que en relaci\u00f3n con los cuerpos especializados para la atenci\u00f3n del feminicidio inform\u00f3 que cien integrantes de la Guardia Nacional se encuentran listas para apoyar a las fiscal\u00edas estatales en investigaciones en este delito y se han capacitado en atenci\u00f3n e investigaci\u00f3n de violencia de g\u00e9nero y feminicidio.<\/p>\n\n\n\n<p class=\"wp-block-paragraph\">La secretaria de Seguridad y Protecci\u00f3n Ciudadana dijo \u201cconviene terminar con esta estructura de violencia, por la seguridad de nuestras madres, abuelas, hermanas, hijas y nieta, no puede haber paz sin justicia y no puede haber justicia sin una vida digna y libre para las mujeres\u201d.<\/p>\n\n\n\n<p class=\"wp-block-paragraph\">La secretaria de Gobernaci\u00f3n, Olga S\u00e1nchez Cordero, dijo que a partir de este lunes se retoma el informe en las conferencias matutinas que da cuenta sobre el avance contra las distintas violencias que viven las mujeres, despu\u00e9s que se suspendieran por el pasado proceso electoral.<\/p>\n\n\n\n<p class=\"wp-block-paragraph\">Durante su intervenci\u00f3n en la tradicional Ma\u00f1anera, expuso que diferentes instituciones, as\u00ed como medios de comunicaci\u00f3n han reportado el incremento de feminicidios y violencia familiar durante el periodo de confinamiento por la pandemia del Covid-19.<\/p>\n\n\n\n<p class=\"wp-block-paragraph\">A su vez, el presidente Andr\u00e9s Manuel L\u00f3pez Obrador acept\u00f3 que \u201cha habido un incremento en feminicidios, lamentablemente, y en violencia familiar\u201d. \u201cEstamos ocup\u00e1ndonos de eso\u201d, acentu\u00f3.<\/p>\n\n\n\n<p class=\"wp-block-paragraph\">SEM\/lam\/sj<\/p>\n\n\n\n<figure class=\"wp-block-gallery columns-2 is-cropped wp-block-gallery-1 is-layout-flex wp-block-gallery-is-layout-flex\"><ul class=\"blocks-gallery-grid\"><li class=\"blocks-gallery-item\"><figure><a href=\"https:\/\/redsemlac.com\/semmexico\/wp-content\/uploads\/2021\/06\/Captura-de-pantalla-2021-06-28-a-las-11.30.31.png\"><img loading=\"lazy\" decoding=\"async\" width=\"772\" height=\"422\" src=\"https:\/\/redsemlac.com\/semmexico\/wp-content\/uploads\/2021\/06\/Captura-de-pantalla-2021-06-28-a-las-11.30.31.png\" alt=\"\" data-id=\"37436\" data-full-url=\"https:\/\/redsemlac.com\/semmexico\/wp-content\/uploads\/2021\/06\/Captura-de-pantalla-2021-06-28-a-las-11.30.31.png\" data-link=\"https:\/\/redsemlac.com\/semmexico\/?attachment_id=37436\" class=\"wp-image-37436\"\/><\/a><\/figure><\/li><li class=\"blocks-gallery-item\"><figure><a href=\"https:\/\/redsemlac.com\/semmexico\/wp-content\/uploads\/2021\/06\/Captura-de-pantalla-2021-06-28-a-las-11.28.15.png\"><img loading=\"lazy\" decoding=\"async\" width=\"761\" height=\"386\" src=\"https:\/\/redsemlac.com\/semmexico\/wp-content\/uploads\/2021\/06\/Captura-de-pantalla-2021-06-28-a-las-11.28.15.png\" alt=\"\" data-id=\"37435\" data-full-url=\"https:\/\/redsemlac.com\/semmexico\/wp-content\/uploads\/2021\/06\/Captura-de-pantalla-2021-06-28-a-las-11.28.15.png\" data-link=\"https:\/\/redsemlac.com\/semmexico\/?attachment_id=37435\" class=\"wp-image-37435\"\/><\/a><\/figure><\/li><\/ul><\/figure>\n","protected":false},"excerpt":{"rendered":"<p>La secretaria de Seguridad y Protecci\u00f3n Ciudadana asegur\u00f3 que entre enero y mayo de este a\u00f1o ocurrieron 423 feminicidios<\/p>\n","protected":false},"author":3,"featured_media":37434,"comment_status":"open","ping_status":"open","sticky":false,"template":"","format":"standard","meta":{"_monsterinsights_skip_tracking":false,"footnotes":""},"categories":[692,51],"tags":[],"class_list":["post-37433","post","type-post","status-publish","format-standard","has-post-thumbnail","category-692","category-ejecutivo"],"_links":{"self":[{"href":"https:\/\/redsemlac.com\/semmexico\/wp-json\/wp\/v2\/posts\/37433","targetHints":{"allow":["GET"]}}],"collection":[{"href":"https:\/\/redsemlac.com\/semmexico\/wp-json\/wp\/v2\/posts"}],"about":[{"href":"https:\/\/redsemlac.com\/semmexico\/wp-json\/wp\/v2\/types\/post"}],"author":[{"embeddable":true,"href":"https:\/\/redsemlac.com\/semmexico\/wp-json\/wp\/v2\/users\/3"}],"replies":[{"embeddable":true,"href":"https:\/\/redsemlac.com\/semmexico\/wp-json\/wp\/v2\/comments?post=37433"}],"version-history":[{"count":0,"href":"https:\/\/redsemlac.com\/semmexico\/wp-json\/wp\/v2\/posts\/37433\/revisions"}],"wp:featuredmedia":[{"embeddable":true,"href":"https:\/\/redsemlac.com\/semmexico\/wp-json\/wp\/v2\/media\/37434"}],"wp:attachment":[{"href":"https:\/\/redsemlac.com\/semmexico\/wp-json\/wp\/v2\/media?parent=37433"}],"wp:term":[{"taxonomy":"category","embeddable":true,"href":"https:\/\/redsemlac.com\/semmexico\/wp-json\/wp\/v2\/categories?post=37433"},{"taxonomy":"post_tag","embeddable":true,"href":"https:\/\/redsemlac.com\/semmexico\/wp-json\/wp\/v2\/tags?post=37433"}],"curies":[{"name":"wp","href":"https:\/\/api.w.org\/{rel}","templated":true}]}}