{"id":37340,"date":"2021-06-25T14:40:48","date_gmt":"2021-06-25T20:40:48","guid":{"rendered":"https:\/\/redsemlac.com\/semmexico\/?p=37340"},"modified":"2023-07-21T17:03:10","modified_gmt":"2023-07-21T22:03:10","slug":"corte-de-caja-violencia-en-el-proceso-electoral-611-agresiones-a-mujeres-36-por-ciento-del-total","status":"publish","type":"post","link":"https:\/\/redsemlac.com\/semmexico\/corte-de-caja-violencia-en-el-proceso-electoral-611-agresiones-a-mujeres-36-por-ciento-del-total\/","title":{"rendered":"Corte de Caja: violencia en el proceso electoral, 954 agresiones, 36 por ciento a mujeres"},"content":{"rendered":"\n<p class=\"wp-block-paragraph\">Hasta el 21 de junio, 15 asesinadas,\u00a0\u00a0836 juicios de delitos en raz\u00f3n de g\u00e9nero, s\u00f3lo 67 hombres sancionados\u00a0<\/p>\n\n\n\n<p class=\"wp-block-paragraph\">En positivo, 6 gobernadoras, 317 diputadas locales, 246 diputadas federales, en medio de ambientes de miedo<\/p>\n\n\n\n<p class=\"wp-block-paragraph\">Sara Lovera, 1\u00aa. Parte<\/p>\n\n\n\n<p class=\"wp-block-paragraph\">SemM\u00e9xico, Cd. de M\u00e9xico, 25 de junio 2021.- Al 21 de junio los datos de violencia en las elecciones federales y locales son\u00a0\u00a0alarmantes 265 v\u00edctimas mortales,\u00a0\u00a0de candidatos y candidatas, sus colaboradores y familiares, 15 mujeres; del total de agresiones, mil 66, 36 por ciento mujeres por\u00a0\u00a0violencia electoral y de g\u00e9nero; 836 juicios por violencia pol\u00edtica de g\u00e9nero y s\u00f3lo 67 funcionarios inscritos en el registro Nacional de Personas Sancionadas en esa materia.<\/p>\n\n\n\n<p class=\"wp-block-paragraph\">Ante ello la Alta Comisionada de la ONU para los Derechos Humanos, Michelle Bachelet, alert\u00f3 en su discurso inaugural de la 47 sesi\u00f3n del Consejo de Derechos Humanos de Naciones Unidas en Ginebra, Suiza, sobre el \u201calto nivel de violencia pol\u00edtica\u201d durante las recientes elecciones&nbsp;&nbsp;en M\u00e9xico y pidi\u00f3 al gobierno no banalizar el problema.<\/p>\n\n\n\n<p class=\"wp-block-paragraph\">Aunque el an\u00e1lisis fino de la consultora&nbsp;&nbsp;Etellekt est\u00e1 por publicarse, algunas informaciones destacan, como que&nbsp;&nbsp;fueron asesinadas 55 personas entre familiares y equipos de trabajo de las y los aspirantes a&nbsp;&nbsp;un puesto de representaci\u00f3n popular.<\/p>\n\n\n\n<p class=\"wp-block-paragraph\">Que la violencia fue en todo el territorio nacional, pero destacan 13 entidades que superaron el 25 por ciento del volumen global, como Zacatecas con el 70 por ciento, Yucat\u00e1n con el 58 por ciento o Baja California con el 53 por ciento. Adem\u00e1s Etellek sostiene que las agresiones a candidatos provinieron de las autoridades gobernantes en municipios, en este sentido, la mayor\u00eda provino de gobiernos en manos del partido gobernante Morena.<\/p>\n\n\n\n<p class=\"wp-block-paragraph\"><strong>Denuncias documentadas<\/strong><\/p>\n\n\n\n<p class=\"wp-block-paragraph\">El Tribunal Electoral del Poder Judicial de la Federaci\u00f3n (TEPJF) resolvi\u00f3 836 juicios por violencia pol\u00edtica de g\u00e9nero y cuestiones relacionadas con la paridad en la contienda electoral del 22 de septiembre de 2020 al 6 de junio pasado. De ellos&nbsp;&nbsp;69 casos m\u00e1s que en los procesos electorales anteriores inmediatos, pues de noviembre de 2016 a 2020 se resolvieron 767 sentencias por violencia pol\u00edtica de g\u00e9nero.<\/p>\n\n\n\n<p class=\"wp-block-paragraph\">Paralelamente y en positivo, muy publicado en los medios y discutido, el hecho de que&nbsp;&nbsp;7 entidades&nbsp;&nbsp;del pa\u00eds, al final de este a\u00f1o&nbsp;&nbsp;ser\u00e1n gobernadas por mujeres, seis gobernadoras electas&nbsp;&nbsp;y la jefa de gobierno de la ciudad de M\u00e9xico.<\/p>\n\n\n\n<p class=\"wp-block-paragraph\">Tambi\u00e9n en positivo habr\u00e1 246 diputadas federales, 317 diputadas locales, unos 900 ayuntamientos encabezados por mujeres; adem\u00e1s 60 diputaciones de mayor\u00eda relativa y 31 plurinominales para candidatos ind\u00edgenas, afromexicanos\/as, con alguna discapacidad y para la comunidad LGTB+.&nbsp;<\/p>\n\n\n\n<p class=\"wp-block-paragraph\">La informaci\u00f3n del Instituto Nacional Electoral, registr\u00f3 que 67 funcionarios quedaron inscritos en el Registro Nacional de Personas Sancionadas en Materia de Violencia Pol\u00edtica contra las Mujeres en Raz\u00f3n de G\u00e9nero del INE.&nbsp;&nbsp;No obstante en&nbsp;&nbsp;10 de los 32 congresos locales las mujeres ser\u00e1n mayor\u00eda; en el resto tendr\u00e1n una representaci\u00f3n de entre 43 por ciento&nbsp;&nbsp;y 48 por ciento. Calific\u00f3,&nbsp;&nbsp;&nbsp;30 congresos&nbsp;&nbsp;del pa\u00eds&nbsp;&nbsp;ser\u00e1n paritarios. No obstante un an\u00e1lisis m\u00e1s fino, indica diversos resultados, tanto que habr\u00e1 entidades s\u00f3lo con 6 diputadas o una.&nbsp;<\/p>\n\n\n\n<figure class=\"wp-block-embed is-type-wp-embed is-provider-semmexico wp-block-embed-semmexico\"><div class=\"wp-block-embed__wrapper\">\n<blockquote class=\"wp-embedded-content\" data-secret=\"4NV2vkemm4\"><a href=\"https:\/\/redsemlac.com\/semmexico\/se-logra-paridad-en-congresos-locales-mujeres-49-5-del-total-de-integrantes-de-los-poderes-legislativos-estatales\/\">Se logra  paridad en Congresos Locales: mujeres  49.5 % del total de integrantes de los poderes legislativos estatales<\/a><\/blockquote><iframe loading=\"lazy\" class=\"wp-embedded-content\" sandbox=\"allow-scripts\" security=\"restricted\" style=\"position: absolute; visibility: hidden;\" title=\"\u00abSe logra  paridad en Congresos Locales: mujeres  49.5 % del total de integrantes de los poderes legislativos estatales\u00bb \u2014 SemM\u00e9xico\" src=\"https:\/\/redsemlac.com\/semmexico\/se-logra-paridad-en-congresos-locales-mujeres-49-5-del-total-de-integrantes-de-los-poderes-legislativos-estatales\/embed\/#?secret=ae8PEcbweD#?secret=4NV2vkemm4\" data-secret=\"4NV2vkemm4\" width=\"600\" height=\"338\" frameborder=\"0\" marginwidth=\"0\" marginheight=\"0\" scrolling=\"no\"><\/iframe>\n<\/div><\/figure>\n\n\n\n<p class=\"wp-block-paragraph\"><strong>Datos<\/strong><\/p>\n\n\n\n<p class=\"wp-block-paragraph\"><strong>SANCIONES<\/strong><\/p>\n\n\n\n<p class=\"wp-block-paragraph\">El Tribunal Electoral del Poder Judicial de la Federaci\u00f3n (TEPJF) sancion\u00f3 al candidato de Movimiento Ciudadano (MC) a la gubernatura de Nuevo Le\u00f3n, Samuel Garc\u00eda, por violencia pol\u00edtica de gener\u00f3, en contra de la abanderada de Morena, Clara Luz Flores, por la difusi\u00f3n de dos spots de campa\u00f1a. Orden\u00f3 realizar una disculpa p\u00fablica en los tiempos del partido, publicar un extracto de la sentencia en sus redes sociales, y tomar un curso en materia de violencia pol\u00edtica contra las mujeres.<\/p>\n\n\n\n<p class=\"wp-block-paragraph\">Los magistrados del Tribunal Electoral del Estado de Oaxaca (TEEO) resolvieron que el presidente municipal Ariel Osbaldo Ramos Gonz\u00e1lez ejerci\u00f3 violencia pol\u00edtica en raz\u00f3n de g\u00e9nero contra de Alejandra Jacqueline Barrag\u00e1n Corres, quien se desempe\u00f1a como Regidora de Hacienda de esa localidad. Impusieron una multa por 4 mil 481 pesos, dar vista al Congreso del Estado de Oaxaca, para que inicie en su contra el procedimiento de revocaci\u00f3n de mandato correspondiente. Y al INE para incorporarlo Registro Nacional de Personas Sancionadas en Materia de Violencia Pol\u00edtica Contra las Mujeres en Raz\u00f3n de G\u00e9nero.<\/p>\n\n\n\n<p class=\"wp-block-paragraph\">Los magistrados del Tribunal Electoral del Estado de Oaxaca (TEEO) confirmaron la existencia de violencia pol\u00edtica en raz\u00f3n de g\u00e9nero atribuida a Alfredo Ju\u00e1rez Constantino, hijo del entonces presidente municipal de Mat\u00edas Romero Avenda\u00f1o, en contra de una regidora. \u201cEn el estudio de este asunto se advirti\u00f3 que el denunciado amenaz\u00f3 a la actora con el objetivo de invisibilizarla, someterla a acatar las decisiones de su padre, al grado que la afectada tuvo que desplazarse del municipio por el temor fundado a sufrir una afectaci\u00f3n mayor en su esfera de derechos o su familia\u201d.<\/p>\n\n\n\n<p class=\"wp-block-paragraph\">El Tribunal Estatal Electoral de Guanajuato sancion\u00f3 a Jos\u00e9 Luis Montoya Vargas, s\u00edndico de Morena en el Ayuntamiento de Salamanca, Guanajuato, ser\u00e1 suspendido por violencia pol\u00edtica en contra de la senadora panista Lilly T\u00e9llez, a quien llam\u00f3 \u201cimb\u00e9cil y fr\u00edgida\u201d. Tambi\u00e9n determin\u00f3 que inscribirlo en el Registro Nacional de Personas Sancionadas en Materia de Violencia Pol\u00edtica contra las Mujeres en Raz\u00f3n de G\u00e9nero del INE, y deber\u00e1 ofrecer una disculpa p\u00fablica, as\u00ed como abstenerse de emitir cualquier tipo de expresi\u00f3n estereotipada.&nbsp;<\/p>\n\n\n\n<p class=\"wp-block-paragraph\">El TEPJF revoc\u00f3 la convocatoria del INE para designar la presidencia del OPLE Jalisco y le ordenan emitir una nueva en donde se convoque solo a mujeres.<\/p>\n\n\n\n<p class=\"wp-block-paragraph\">DENUNCIAS<\/p>\n\n\n\n<ol class=\"wp-block-list\" type=\"1\"><li><strong>Maruca M\u00e9ndez M\u00e9ndez<\/strong>, quien gan\u00f3 la elecci\u00f3n para la alcald\u00eda de Mitontic, Chiapas, municipio que se rige por usos y costumbres, teme que no la dejen gobernar y se repita la historia de otras mujeres que obtuvieron un puesto, pero no tomaron posesi\u00f3n por violencia de g\u00e9nero.<\/li><\/ol>\n\n\n\n<ol class=\"wp-block-list\" type=\"1\" start=\"2\"><li><strong>Sonia Eloina Hern\u00e1ndez Aguilar<\/strong>, presidenta electa del municipio de Suchiate, denunci\u00f3 que fue amenazada de muerte tras obtener el triunfo el 6 de junio.<\/li><\/ol>\n\n\n\n<ol class=\"wp-block-list\" type=\"1\" start=\"3\"><li><strong>Laura Berista\u00edn<\/strong>, presidenta del Municipio de Solidaridad, en Quintana Roo, denunci\u00f3 persecuci\u00f3n pol\u00edtica por parte del Gobierno del Estado, y candidata de Morena, acus\u00f3 al Gobernador de homofobia y misoginia.<\/li><\/ol>\n\n\n\n<ol class=\"wp-block-list\" type=\"1\" start=\"4\"><li>La jueza&nbsp;<strong>\u00c9rika Mar\u00eda Rodr\u00edguez<\/strong>&nbsp;enfrenta una batalla legal para cambiar la Constituci\u00f3n de Oaxaca, pues, aunque en el Congreso local se le eligi\u00f3 para ser Magistrada del Tribunal de Justicia, el Gobernador Alejandro Murat nombr\u00f3 a un hombre en el cargo.<\/li><\/ol>\n","protected":false},"excerpt":{"rendered":"<p>Hasta el 21 de junio, 15 asesinadas,\u00a0\u00a0836 juicios de delitos en raz\u00f3n de g\u00e9nero, s\u00f3lo 67 hombres sancionados\u00a0 En positivo, 6 gobernadoras, 317 diputadas locales, 246 diputadas federales, en medio de ambientes de miedo Sara Lovera, 1\u00aa. Parte SemM\u00e9xico, Cd. de M\u00e9xico, 25 de junio 2021.- Al 21 de junio los datos de violencia en [&hellip;]<\/p>\n","protected":false},"author":3,"featured_media":37341,"comment_status":"open","ping_status":"open","sticky":false,"template":"","format":"standard","meta":{"_monsterinsights_skip_tracking":false,"footnotes":""},"categories":[692,141],"tags":[],"class_list":["post-37340","post","type-post","status-publish","format-standard","has-post-thumbnail","category-692","category-elecciones-2020-2021"],"_links":{"self":[{"href":"https:\/\/redsemlac.com\/semmexico\/wp-json\/wp\/v2\/posts\/37340","targetHints":{"allow":["GET"]}}],"collection":[{"href":"https:\/\/redsemlac.com\/semmexico\/wp-json\/wp\/v2\/posts"}],"about":[{"href":"https:\/\/redsemlac.com\/semmexico\/wp-json\/wp\/v2\/types\/post"}],"author":[{"embeddable":true,"href":"https:\/\/redsemlac.com\/semmexico\/wp-json\/wp\/v2\/users\/3"}],"replies":[{"embeddable":true,"href":"https:\/\/redsemlac.com\/semmexico\/wp-json\/wp\/v2\/comments?post=37340"}],"version-history":[{"count":0,"href":"https:\/\/redsemlac.com\/semmexico\/wp-json\/wp\/v2\/posts\/37340\/revisions"}],"wp:featuredmedia":[{"embeddable":true,"href":"https:\/\/redsemlac.com\/semmexico\/wp-json\/wp\/v2\/media\/37341"}],"wp:attachment":[{"href":"https:\/\/redsemlac.com\/semmexico\/wp-json\/wp\/v2\/media?parent=37340"}],"wp:term":[{"taxonomy":"category","embeddable":true,"href":"https:\/\/redsemlac.com\/semmexico\/wp-json\/wp\/v2\/categories?post=37340"},{"taxonomy":"post_tag","embeddable":true,"href":"https:\/\/redsemlac.com\/semmexico\/wp-json\/wp\/v2\/tags?post=37340"}],"curies":[{"name":"wp","href":"https:\/\/api.w.org\/{rel}","templated":true}]}}