{"id":37334,"date":"2021-06-25T12:36:01","date_gmt":"2021-06-25T18:36:01","guid":{"rendered":"https:\/\/redsemlac.com\/semmexico\/?p=37334"},"modified":"2023-07-21T17:03:10","modified_gmt":"2023-07-21T22:03:10","slug":"propuestas-e-iniciativas-de-ultima-hora-en-la-comision-permanente-repetitivas-o-que-ya-tienen-marco-legal","status":"publish","type":"post","link":"https:\/\/redsemlac.com\/semmexico\/propuestas-e-iniciativas-de-ultima-hora-en-la-comision-permanente-repetitivas-o-que-ya-tienen-marco-legal\/","title":{"rendered":"Propuestas e iniciativas de \u00faltima hora en la Comisi\u00f3n Permanente, repetitivas o que ya tienen marco legal"},"content":{"rendered":"\n<p class=\"wp-block-paragraph\">Presentan 8 diputadas y diputados de Morena, PAN, PRI, PT, MC y PES&nbsp;<\/p>\n\n\n\n<p class=\"wp-block-paragraph\">Ser\u00e1 para abultar los archivos del Congreso, cuya nueva legislara empieza en septiembre&nbsp;<\/p>\n\n\n\n<p class=\"wp-block-paragraph\">Libertad L\u00f3pez&nbsp;<\/p>\n\n\n\n<p class=\"wp-block-paragraph\">SemM\u00e9xico, Cd. de M\u00e9xico, 25 de junio, 2021.- Diputadas y diputados en la Comisi\u00f3n Permanente, en el \u00faltimo tramo de su desempe\u00f1o, presentaron de un jal\u00f3n 8 iniciativas relativas a igualdad salarial entre hombres y mujeres, discapacidad y hasta ajustes en el funcionamiento de la Suprema Corte de Justicia.<\/p>\n\n\n\n<p class=\"wp-block-paragraph\">Estas nuevas iniciativas, se suman a decenas presentadas tanto en la C\u00e1mara de Senadores como de Diputados, que se sumen a numerosas propuestas archivadas y que te\u00f3ricamente deber\u00e1 desahogar la pr\u00f3xima legislatura que entrar\u00e1 en funciones el primero de septiembre pr\u00f3ximo.<\/p>\n\n\n\n<p class=\"wp-block-paragraph\">Algunas de ellas repiten o copian otras resueltas o pendientes; en algunos casos son propuestas que ya est\u00e1n en la legislaci\u00f3n vigente. Una insistencia en modificar la Ley de Igualdad entre Hombres y Mujeres o la Ley Federal del Trabajo, cuya \u00faltima modificaci\u00f3n en 2019 introdujo la perspectiva de g\u00e9nero.<\/p>\n\n\n\n<p class=\"wp-block-paragraph\">El futuro de esas nuevas 8 iniciativas es el archivo. Ello sucedi\u00f3 en la sesi\u00f3n a distancia del viernes \u00faltimo de la Comisi\u00f3n Permanente, fueron propuestas por legisladores y legisladoras de 5 partidos pol\u00edticos distintos.<\/p>\n\n\n\n<p class=\"wp-block-paragraph\">Los temas que&nbsp;&nbsp;diputadas y diputados de Morena, PAN, PRI, PT, MC y PES como&nbsp;&nbsp;novedosas, en&nbsp;&nbsp;dos rondas de intervenciones fueron sobre diagn\u00f3stico del espectro autista, consultas al pleno de la SCJN, vigilar que se garantice igualdad salarial entre mujeres y hombres,&nbsp;&nbsp;&#8211; una reforma constitucional en el archivo desde hace 8 meses-, otra relativa a la conciliaci\u00f3n laboral y&nbsp;&nbsp;discriminaci\u00f3n en el trabajo&nbsp;&nbsp;y vivienda para personas con discapacidad.&nbsp;<\/p>\n\n\n\n<p class=\"wp-block-paragraph\"><strong><em>Diagn\u00f3stico temprano del espectro autista<\/em><\/strong><em>&nbsp;<\/em><\/p>\n\n\n\n<p class=\"wp-block-paragraph\">La diputada Nohem\u00ed Alem\u00e1n Hern\u00e1ndez (Morena) plante\u00f3 reformar los art\u00edculos 10, 16 y 17 de la Ley General para la Atenci\u00f3n y Protecci\u00f3n a Personas con la Condici\u00f3n del Espectro Autista, a fin de&nbsp; establecer que la Secretar\u00eda de Salud sea responsable de coordinarse con los institutos nacionales de salud y dem\u00e1s organismos y \u00f3rganos de este sector, &nbsp;para realizar estudios e investigaciones que les garantice un diagn\u00f3stico temprano y tratamiento adecuado. &nbsp;<\/p>\n\n\n\n<p class=\"wp-block-paragraph\"><strong><em>Consultas al pleno de la SCJN sobre constitucionalidad de normas<\/em><\/strong><\/p>\n\n\n\n<p class=\"wp-block-paragraph\">Por el PRI, la diputada Claudia Pastor Badilla present\u00f3 una iniciativa que reforma y adiciona diversas disposiciones de la Ley Org\u00e1nica del Poder Judicial de la Federaci\u00f3n,- cuya reforma integral acaba de aprobarse- buscando&nbsp;&nbsp;precisar que cuando el Congreso de la Uni\u00f3n expida normas que puedan afectar la autonom\u00eda e independencia del Poder Judicial de la Federaci\u00f3n, y contravengan el esp\u00edritu y\/o el contenido de los art\u00edculos 94, 97, 100 y 101 de la Constituci\u00f3n Pol\u00edtica, el presidente de la Suprema Corte de Justicia de la Naci\u00f3n someter\u00e1 a consulta la constitucionalidad de dichas normas, a fin de que determine su validez o defina, en su caso, su \u00e1mbito de aplicaci\u00f3n o inaplicaci\u00f3n. El documento, se envi\u00f3 a la Comisi\u00f3n de Justicia.<\/p>\n\n\n\n<p class=\"wp-block-paragraph\"><strong><em>Vigilar que se garantice igualdad salarial entre mujeres y hombres<\/em><\/strong>&nbsp;<\/p>\n\n\n\n<p class=\"wp-block-paragraph\">Desde la plataforma digital, la diputada Adriana Gabriela Medina Ortiz de Movimiento Ciudadano MC present\u00f3, a nombre de la legisladora Fabiola Loya Hern\u00e1ndez, una iniciativa para adicionar el art\u00edculo 17 de la Ley General para la Igualdad entre Mujeres y Hombres, con el objetivo de que la pol\u00edtica nacional en la materia incorpore mecanismos de vigilancia para garantizar que las mujeres reciban igual remuneraci\u00f3n y prestaciones, respecto a un trabajo de igual valor realizado por hombres, as\u00ed como para dar seguimiento al avance de la paridad en los \u00e1mbitos p\u00fablicos y privados.<\/p>\n\n\n\n<p class=\"wp-block-paragraph\">Sostiene en su exposici\u00f3n de motivos que&nbsp;&nbsp;en M\u00e9xico la brecha salarial entre mujeres y hombres era de 18.8 por ciento en 2019, una de las m\u00e1s amplias entre los pa\u00edses miembros de la OCDE. A pesar de que las mujeres representan m\u00e1s del 50 por ciento de la poblaci\u00f3n del pa\u00eds, no tienen las mismas oportunidades ni los mismos beneficios que los hombres en m\u00faltiples \u00e1mbitos de la vida social, como en el laboral y en la remuneraci\u00f3n que reciben por realizar el mismo trabajo que su contraparte masculina. Se turn\u00f3 a la Comisi\u00f3n de Igualdad de G\u00e9nero. Se trata de un complemento a una amplia iniciativa presentada por su partido el a\u00f1o pasado.&nbsp;<\/p>\n\n\n\n<p class=\"wp-block-paragraph\"><strong><em>Facilitar la conciliaci\u00f3n laboral de hombres y mujeres&nbsp;<\/em><\/strong>&nbsp;<\/p>\n\n\n\n<p class=\"wp-block-paragraph\">Del partido&nbsp;&nbsp;Encuentro Social \u2013 de perfil extremo derecha- las legisladoras Olga Patricia Sosa Ruiz y Adriana Paulina Teissier Zavala piden&nbsp;&nbsp;adicionar una fracci\u00f3n XIV al art\u00edculo 34 de la Ley General para la Igualdad entre Mujeres y Hombres, con el fin de que se desarrollen acciones dirigidas a facilitar la conciliaci\u00f3n laboral y familiar de los hombres y mujeres con responsabilidades familiares. Tema ampliamente debatido en los \u00faltimos 12 a\u00f1os y reformado.<\/p>\n\n\n\n<p class=\"wp-block-paragraph\">&nbsp;Las diputadas, en su escrito reconocen que se ha avanzado en generar condiciones de igualdad, pero les preocupa que se incrementaron las cifras de violencia familiar, feminicidio y homicidios, reiterado al menos una vez cada d\u00eda. Sostiene que la incorporaci\u00f3n de las mujeres en el mercado laboral debe realizarse bajo un modelo de responsabilidad en la vida profesional y privada. Los cambios, adem\u00e1s del \u00e1mbito legislativo, deben traducirse en modificaciones de pol\u00edticas p\u00fablicas y pr\u00e1cticas de las empresas privadas\u201d. Se envi\u00f3 a la Comisi\u00f3n de Igualdad de G\u00e9nero.<\/p>\n\n\n\n<p class=\"wp-block-paragraph\"><strong><em>Reforma constitucional para denominar \u201cdiputado estatal\u201d&nbsp;<\/em><\/strong>&nbsp;<\/p>\n\n\n\n<p class=\"wp-block-paragraph\">Una curiosa propuesta busca cambiar s\u00f3lo el nombre para denominar a las y los diputados de las entidades del pa\u00eds. Fue en una&nbsp;&nbsp;segunda ronda de intervenciones, donde&nbsp;&nbsp;la diputada Mar\u00eda Del Carmen Almeida Navarro (Morena) present\u00f3 a nombre del legislador Ra\u00fal Eduardo Bonifaz Moedano, una iniciativa para reformar el numeral II del art\u00edculo 116 de la Constituci\u00f3n Pol\u00edtica y establecer que el n\u00famero de representantes en las legislaturas de los estados ser\u00e1 denominado como \u201cdiputado estatal\u201d. El documento, remitido a la Comisi\u00f3n de Puntos Constitucionales.&nbsp;<\/p>\n\n\n\n<p class=\"wp-block-paragraph\"><strong><em>Tipificar el delito de desv\u00edo de poder&nbsp;<\/em><\/strong><em>&nbsp;<\/em><\/p>\n\n\n\n<p class=\"wp-block-paragraph\">La diputada Josefina Salazar B\u00e1ez (PAN) propuso reformar el C\u00f3digo Penal Federal, la Ley General de Responsabilidades Administrativas, y la Ley Federal de Responsabilidades de los Servidores P\u00fablicos, con el objetivo de tipificar el delito de desv\u00edo de poder e imponer de dos a seis a\u00f1os de prisi\u00f3n y de treinta a cien d\u00edas multa a quien cometa dicho delito. La iniciativa fue&nbsp;&nbsp;turnada a las comisiones Unidas de Justicia, y de Transparencia y Anticorrupci\u00f3n de la C\u00e1mara de Diputados.&nbsp;<\/p>\n\n\n\n<p class=\"wp-block-paragraph\"><strong><em>Combatir la discriminaci\u00f3n laboral&nbsp;<\/em><\/strong>&nbsp;<\/p>\n\n\n\n<p class=\"wp-block-paragraph\">En lo que puede considerarse como una reiteraci\u00f3n discursiva en los \u00faltimos 3 a\u00f1os, el diputado del PT, Manuel Huerta Mart\u00ednez present\u00f3, a nombre de la senadora Geovanna del Carmen Ba\u00f1uelos de la Torre y del senador Miguel \u00c1ngel Lucero Olivas, la iniciativa que reforma y adiciona diversas disposiciones de las leyes Federal del Trabajo, la Org\u00e1nica de la Administraci\u00f3n P\u00fablica Federal y la Federal para Prevenir y Eliminar la Discriminaci\u00f3n, con el prop\u00f3sito de combatir la discriminaci\u00f3n laboral por raz\u00f3n de g\u00e9nero y\/o preferencia sexuales, y facultar al Conapred para recibir quejas, emitir recomendaciones laborales y verificar que se les d\u00e9 estricto cumplimiento. Lo que ya est\u00e1 establecido en la Ley Federal del Trabajo, s\u00f3lo introduce el tema de quejas.&nbsp;<\/p>\n\n\n\n<p class=\"wp-block-paragraph\">Dice sin embargo, que&nbsp;&nbsp;los patrones deber\u00e1n establecer el Esquema de Ascensos y Bonificaciones de las y los Trabajadores, basados exclusivamente en criterios t\u00e9cnicos, de eficacia y eficiencia, contemplando, en todo momento, el derecho humano a la no discriminaci\u00f3n, con perspectiva de g\u00e9nero e incluyente. Y&nbsp;&nbsp;prohibir a los patrones obstaculizar su permanencia o ascensos en el empleo y otorgar o negar ascensos, bonificaciones o similares que contravengan el Esquema de Ascensos. Fue enviada a las comisiones de Trabajo y Previsi\u00f3n Social, de Igualdad de G\u00e9nero y de Estudios Legislativos de la C\u00e1mara de Senadores.&nbsp;<\/p>\n\n\n\n<p class=\"wp-block-paragraph\"><strong><em>Acceso a la vivienda para poblaci\u00f3n con discapacidad&nbsp;<\/em><\/strong><em>&nbsp;<\/em><\/p>\n\n\n\n<p class=\"wp-block-paragraph\">A nombre de la diputada Nancy Claudia Res\u00e9ndiz Hern\u00e1ndez, la diputada Adriana Paulina Teissier Zavala (Encuentro Social), expuso una iniciativa para modificar los art\u00edculos 6, 19 y 45 de la Ley de Vivienda, con el objetivo de que la pol\u00edtica nacional en la materia considere promover oportunidades de acceso a la vivienda para la poblaci\u00f3n que se encuentre en situaci\u00f3n de discapacidad. Aunque existe una ley general e instituciones nacionales al respecto.<\/p>\n","protected":false},"excerpt":{"rendered":"<p>Presentan 8 diputadas y diputados de Morena, PAN, PRI, PT, MC y PES&nbsp; Ser\u00e1 para abultar los archivos del Congreso, cuya nueva legislara empieza en septiembre&nbsp; Libertad L\u00f3pez&nbsp; SemM\u00e9xico, Cd. de M\u00e9xico, 25 de junio, 2021.- Diputadas y diputados en la Comisi\u00f3n Permanente, en el \u00faltimo tramo de su desempe\u00f1o, presentaron de un jal\u00f3n 8 [&hellip;]<\/p>\n","protected":false},"author":3,"featured_media":37335,"comment_status":"open","ping_status":"open","sticky":false,"template":"","format":"standard","meta":{"_monsterinsights_skip_tracking":false,"footnotes":""},"categories":[692,50],"tags":[],"class_list":["post-37334","post","type-post","status-publish","format-standard","has-post-thumbnail","category-692","category-congreso"],"_links":{"self":[{"href":"https:\/\/redsemlac.com\/semmexico\/wp-json\/wp\/v2\/posts\/37334","targetHints":{"allow":["GET"]}}],"collection":[{"href":"https:\/\/redsemlac.com\/semmexico\/wp-json\/wp\/v2\/posts"}],"about":[{"href":"https:\/\/redsemlac.com\/semmexico\/wp-json\/wp\/v2\/types\/post"}],"author":[{"embeddable":true,"href":"https:\/\/redsemlac.com\/semmexico\/wp-json\/wp\/v2\/users\/3"}],"replies":[{"embeddable":true,"href":"https:\/\/redsemlac.com\/semmexico\/wp-json\/wp\/v2\/comments?post=37334"}],"version-history":[{"count":0,"href":"https:\/\/redsemlac.com\/semmexico\/wp-json\/wp\/v2\/posts\/37334\/revisions"}],"wp:featuredmedia":[{"embeddable":true,"href":"https:\/\/redsemlac.com\/semmexico\/wp-json\/wp\/v2\/media\/37335"}],"wp:attachment":[{"href":"https:\/\/redsemlac.com\/semmexico\/wp-json\/wp\/v2\/media?parent=37334"}],"wp:term":[{"taxonomy":"category","embeddable":true,"href":"https:\/\/redsemlac.com\/semmexico\/wp-json\/wp\/v2\/categories?post=37334"},{"taxonomy":"post_tag","embeddable":true,"href":"https:\/\/redsemlac.com\/semmexico\/wp-json\/wp\/v2\/tags?post=37334"}],"curies":[{"name":"wp","href":"https:\/\/api.w.org\/{rel}","templated":true}]}}