{"id":37322,"date":"2021-06-24T13:24:34","date_gmt":"2021-06-24T19:24:34","guid":{"rendered":"https:\/\/redsemlac.com\/semmexico\/?p=37322"},"modified":"2023-07-21T17:03:11","modified_gmt":"2023-07-21T22:03:11","slug":"trazan-ruta-para-mejorar-la-integracion-de-mujeres-migrantes-en-el-sur-de-mexico","status":"publish","type":"post","link":"https:\/\/redsemlac.com\/semmexico\/trazan-ruta-para-mejorar-la-integracion-de-mujeres-migrantes-en-el-sur-de-mexico\/","title":{"rendered":"Trazan ruta para mejorar la integraci\u00f3n de mujeres migrantes en el sur de M\u00e9xico"},"content":{"rendered":"\n<p class=\"wp-block-paragraph\">SemM\u00e9xico. Tapachula. 24 de junio de 2021<strong>. <\/strong>\u00a0\u2013 Especialistas en g\u00e9nero y migraci\u00f3n de la Organizaci\u00f3n Internacional para las Migraciones (OIM) presentaron hoy un informe con 42 recomendaciones que, de ser aplicadas, permitir\u00e1n una m\u00e1s adecuada integraci\u00f3n econ\u00f3mica, laboral y social de las mujeres migrantes en dos corredores migratorios fundamentales del estado de Chiapas, en el sur de M\u00e9xico.<\/p>\n\n\n\n<p class=\"wp-block-paragraph\">En el documento titulado<a href=\"https:\/\/mexico.iom.int\/sites\/mexico\/files\/documents\/Diagn%C3%B3stico%20Mujeres%20web_1.pdf\" target=\"_blank\" rel=\"noreferrer noopener\">&nbsp;\u201cProcesos de Participaci\u00f3n Econ\u00f3mica, Laboral y Social de Mujeres Migrantes en Chiapas, M\u00e9xico\u201d<\/a>, las expertas sostuvieron que actualmente en Chiapas, estado mexicano fronterizo con Guatemala, hay una incipiente feminizaci\u00f3n de la migraci\u00f3n y una creciente movilidad activa e independiente de las mujeres que ha ido cobrando visibilidad debido a m\u00faltiples causas.<\/p>\n\n\n\n<p class=\"wp-block-paragraph\">\u201cLos factores que impulsan la migraci\u00f3n de mujeres en Am\u00e9rica Central y el Caribe son diversos y oscilan entre la b\u00fasqueda de mejores oportunidades, reunificaci\u00f3n familiar, el intento de evitar o salvaguardarse de la violencia que acontece en sus comunidades o al interior de sus familias, sumado a la discriminaci\u00f3n y la violencia por motivos de g\u00e9nero, tan preocupante para nosotras\u201d, dijo Michele Klein Solomon, Directora Regional de la OIM para Centroam\u00e9rica, Norteam\u00e9rica y el Caribe, en la presentaci\u00f3n del estudio.<\/p>\n\n\n\n<p class=\"wp-block-paragraph\">La investigaci\u00f3n recuerda que, durante d\u00e9cadas, la migraci\u00f3n de car\u00e1cter internacional por Chiapas fue percibida como un proceso protagonizado por hombres adultos, mientras que las mujeres, ni\u00f1os, ni\u00f1as y adolescentes migrantes, estaban inmersos en procesos migratorios de manera regular en los que, mayoritariamente, se buscaba la reunificaci\u00f3n familiar.<\/p>\n\n\n\n<p class=\"wp-block-paragraph\">Una de las principales aportaciones del diagn\u00f3stico es que logra visibilizar de manera importante los desaf\u00edos que tienen ante s\u00ed las mujeres migrantes al tratar de integrarse socioecon\u00f3micamente en las comunidades del sur de M\u00e9xico. El g\u00e9nero, la condici\u00f3n de estancia migratoria, edad, nacionalidad y la posici\u00f3n que ocupan dentro de la estructura familiar que acompa\u00f1a o que permanece en lugares de origen son elementos que condicionan a las mujeres.<\/p>\n\n\n\n<p class=\"wp-block-paragraph\">Tambi\u00e9n hace un llamado a fortalecer a las organizaciones de la sociedad civil en materia de protecci\u00f3n de los derechos laborales de las mujeres trabajadoras del hogar con \u00e9nfasis en la poblaci\u00f3n migrante, mediante capacitaciones, mesas de trabajo, e intercambios de experiencias en la materia.<\/p>\n\n\n\n<p class=\"wp-block-paragraph\">Tambi\u00e9n se presentan veinticuatro recomendaciones generales, entre las que destacan la necesidad de difundir las rutas de atenci\u00f3n para servicios relacionados con la violencia sexual o basada en g\u00e9nero; la promoci\u00f3n del acceso a servicios de guarder\u00edas p\u00fablicas y escolarizaci\u00f3n formal de ni\u00f1os, ni\u00f1as y adolescentes migrantes que acompa\u00f1an a sus madres y familias; y la creaci\u00f3n y operaci\u00f3n de un observatorio laboral regional con enfoque de g\u00e9nero.<\/p>\n\n\n\n<p class=\"wp-block-paragraph\">Otros \u00e1mbitos los que hay recomendaciones son en cuanto al trabajo remunerado en el hogar, en lo relativo a la atenci\u00f3n a las mujeres extranjeras empleadas en los sectores de comercio y servicios, las que trabajan en el sector privado, las autoempleadas, y las dedicadas al emprendimiento. Al estudio contribuyeron 34 participantes, entre ellos ayuntamientos y representantes de ventanillas informativas para personas migrantes de los municipios del corredor Centro y Pac\u00edfico de Chiapas, organizaciones civiles, instituciones gubernamentales, representantes consulares y de la sociedad civil, y agencias de la ONU.<\/p>\n","protected":false},"excerpt":{"rendered":"<p>SemM\u00e9xico. Tapachula. 24 de junio de 2021. \u00a0\u2013 Especialistas en g\u00e9nero y migraci\u00f3n de la Organizaci\u00f3n Internacional para las Migraciones (OIM) presentaron hoy un informe con 42 recomendaciones que, de ser aplicadas, permitir\u00e1n una m\u00e1s adecuada integraci\u00f3n econ\u00f3mica, laboral y social de las mujeres migrantes en dos corredores migratorios fundamentales del estado de Chiapas, en [&hellip;]<\/p>\n","protected":false},"author":3,"featured_media":37323,"comment_status":"open","ping_status":"open","sticky":false,"template":"","format":"standard","meta":{"_monsterinsights_skip_tracking":false,"footnotes":""},"categories":[692,51],"tags":[],"class_list":["post-37322","post","type-post","status-publish","format-standard","has-post-thumbnail","category-692","category-ejecutivo"],"_links":{"self":[{"href":"https:\/\/redsemlac.com\/semmexico\/wp-json\/wp\/v2\/posts\/37322","targetHints":{"allow":["GET"]}}],"collection":[{"href":"https:\/\/redsemlac.com\/semmexico\/wp-json\/wp\/v2\/posts"}],"about":[{"href":"https:\/\/redsemlac.com\/semmexico\/wp-json\/wp\/v2\/types\/post"}],"author":[{"embeddable":true,"href":"https:\/\/redsemlac.com\/semmexico\/wp-json\/wp\/v2\/users\/3"}],"replies":[{"embeddable":true,"href":"https:\/\/redsemlac.com\/semmexico\/wp-json\/wp\/v2\/comments?post=37322"}],"version-history":[{"count":0,"href":"https:\/\/redsemlac.com\/semmexico\/wp-json\/wp\/v2\/posts\/37322\/revisions"}],"wp:featuredmedia":[{"embeddable":true,"href":"https:\/\/redsemlac.com\/semmexico\/wp-json\/wp\/v2\/media\/37323"}],"wp:attachment":[{"href":"https:\/\/redsemlac.com\/semmexico\/wp-json\/wp\/v2\/media?parent=37322"}],"wp:term":[{"taxonomy":"category","embeddable":true,"href":"https:\/\/redsemlac.com\/semmexico\/wp-json\/wp\/v2\/categories?post=37322"},{"taxonomy":"post_tag","embeddable":true,"href":"https:\/\/redsemlac.com\/semmexico\/wp-json\/wp\/v2\/tags?post=37322"}],"curies":[{"name":"wp","href":"https:\/\/api.w.org\/{rel}","templated":true}]}}