{"id":37319,"date":"2021-06-24T12:49:48","date_gmt":"2021-06-24T18:49:48","guid":{"rendered":"https:\/\/redsemlac.com\/semmexico\/?p=37319"},"modified":"2023-07-21T17:03:11","modified_gmt":"2023-07-21T22:03:11","slug":"mentirosillo-mentirosillo","status":"publish","type":"post","link":"https:\/\/redsemlac.com\/semmexico\/mentirosillo-mentirosillo\/","title":{"rendered":"Mentirosillo, mentirosillo\u2026"},"content":{"rendered":"\n<p class=\"wp-block-paragraph\">SemM\u00e9xico, Cd. de M\u00e9xico, 24 de junio, 2021.- \u00bfUsted cree que a Carlos Salinas, Ernesto Zedillo, Vicente Fox, Felipe Calder\u00f3n y Enrique Pe\u00f1a Nieto molesta que Su Alteza Seren\u00edsima cotidianamente diga que no se parece a ninguno de ellos? Se carcajean.<\/p>\n\n\n\n<p class=\"wp-block-paragraph\">Pero, vaya, el clasemediero Andr\u00e9s Manuel se regocija con esa distancia que marca con sus antecesores. Los acusa de todas las desgracias del M\u00e9xico contempor\u00e1neo, pero en un acto timorato se puso a salvo y evit\u00f3 ejercer el poder y enderezar una demanda para llevarlos a proceso penal. \u00bfNo que muy, muy?<\/p>\n\n\n\n<p class=\"wp-block-paragraph\">Por eso la consulta que impulsa para que por lo menos 40 millones de mexicanos y mexicanas vote por procesar a los ex presidentes. Falaz, aduce que \u00e9l no desea ese escenario, pero va a promover que el pueblo decida ese proceso.<\/p>\n\n\n\n<p class=\"wp-block-paragraph\"><strong>\u00bfY?<\/strong><\/p>\n\n\n\n<p class=\"wp-block-paragraph\">No cabe duda. El licenciado presidente es el primer presidente de M\u00e9xico cuya imaginaci\u00f3n es pr\u00f3diga en inventar c\u00f3mo perder el tiempo en frusler\u00edas, es decir, cosas de poco valor o por capricho. \u00bfA poco no?<\/p>\n\n\n\n<p class=\"wp-block-paragraph\">Y se enreda en forma tal que en su muy, pero muy personal filosof\u00eda encuentra explicaci\u00f3n a lo inexplicable y, usted d\u00edgame si miento, recurre al invento del hilo negro.<\/p>\n\n\n\n<p class=\"wp-block-paragraph\">Por ejemplo, cuando se dio cuenta de la metida de choclo en la que incurri\u00f3 cuando descalific\u00f3 y ofendi\u00f3 a la clase media, dijo que construir\u00e1 otra clase media, mejor que la que vot\u00f3 en contra de Morena en la capital del pa\u00eds y la zona conurbada del Estado de M\u00e9xico.<\/p>\n\n\n\n<p class=\"wp-block-paragraph\">Ni qu\u00e9 decir de ese desprecio con el que trat\u00f3 a las v\u00edctimas de la tragedia de la L12 del Metro. \u00bfAl carajo con ir a dar el p\u00e9same a las familias enlutadas? \u00bfAl carajo con la obligaci\u00f3n de ir a la zona cero y estar con sus gobernados?<\/p>\n\n\n\n<p class=\"wp-block-paragraph\">Luego dijo que todos los d\u00edas lamenta y le duele la tragedia.<\/p>\n\n\n\n<p class=\"wp-block-paragraph\">Es, esa praxis de mentir cotidianamente con tal impunidad que termina crey\u00e9ndose sus dichos, como reflej\u00e1ndose en el espejo de Mal\u00e9fica:<\/p>\n\n\n\n<p class=\"wp-block-paragraph\">&#8211;Espejo, espejo, \u00bfqui\u00e9n es el mejor presidente del mundo, el universo y m\u00e1s all\u00e1?<\/p>\n\n\n\n<p class=\"wp-block-paragraph\">Y s\u00f3lo \u00e9l escucha al espejo imaginario que le responde:<\/p>\n\n\n\n<p class=\"wp-block-paragraph\">&#8211;T\u00fa, Andr\u00e9s Manuel, t\u00fa\u201d.<\/p>\n\n\n\n<p class=\"wp-block-paragraph\">No, no es una referencia simplista, sobre todo en trat\u00e1ndose de quien es depositario del Poder Ejecutivo Federal, elegido Presidente de la Rep\u00fablica por m\u00e1s de 30 millones de mexicanos y mexicanas que no se merecen un gobierno de fantas\u00edas y ocurrencias, \u00e9ste que gobierna con la vista puesta en el pasado, olvid\u00e1ndose del presente y arrastrando al pa\u00eds a un futuro poco halag\u00fce\u00f1o.<\/p>\n\n\n\n<p class=\"wp-block-paragraph\">As\u00ed, desde el Palacio que tiene prestado, el licenciado Andr\u00e9s Manuel se anot\u00f3 como cliente dorado para el ejercicio semanal del qui\u00e9n es qui\u00e9n en la mentira nuestra de cada d\u00eda, que propuso en la ma\u00f1anera.<\/p>\n\n\n\n<p class=\"wp-block-paragraph\">\u201c(\u2026)&nbsp;Entonces, hay que estar informando, vamos a estar aqu\u00ed dando a conocer todas las noticias falsas y tambi\u00e9n aclarando, informando, aunque hay gente conservadora que no quiere ver la ma\u00f1anera, o sea, ni vernos; entonces, pues por eso tambi\u00e9n los manipulan; porque si vieran la ma\u00f1anera, pues aqu\u00ed tendr\u00edan informaci\u00f3n de lo que est\u00e1 sucediendo, pero se quedan s\u00f3lo con la informaci\u00f3n que les dan sus medios\u201d, plante\u00f3 el clasemediero L\u00f3pez Obrador.<\/p>\n\n\n\n<p class=\"wp-block-paragraph\"><strong>Y puntualiz\u00f3:<\/strong><strong><\/strong><\/p>\n\n\n\n<p class=\"wp-block-paragraph\">\u201cPero s\u00ed vamos a tener esta secci\u00f3n una vez por semana, nada m\u00e1s estoy viendo qui\u00e9n nos ayuda, porque tienen que hacer en an\u00e1lisis de todo y aqu\u00ed presentar qu\u00e9 no es cierto, o sea, cu\u00e1les son las noticias falsas.<\/p>\n\n\n\n<p class=\"wp-block-paragraph\">\u201cPara ver si las conservadoras, conservadores\u2026 Y tambi\u00e9n, cuando digo fif\u00ed estoy hablando de un sector de muy arriba, no se vayan a creer fif\u00ed todos, porque ya ser\u00eda el colmo pues\u201d.<\/p>\n\n\n\n<p class=\"wp-block-paragraph\">Como dicen los cl\u00e1sicos: \u00bfqui\u00e9n ser\u00e1 el guapo, o la guapa, que se atreva a anotar, a la cabeza de la lista diaria, al licenciado presidente como declarante de noticias falsas?<\/p>\n\n\n\n<p class=\"wp-block-paragraph\">No es invento y usted lo sabe. El pasado 15 de abril, le refiero, la agencia EFE divulg\u00f3 en sus despachos uno que alude a esa praxis del clasemediero Andr\u00e9s Manuel. A saber:<\/p>\n\n\n\n<p class=\"wp-block-paragraph\">\u201cEl presidente de M\u00e9xico, Andr\u00e9s Manuel L\u00f3pez Obrador, miente o brinda datos inexactos 80 veces en promedio en cada una de sus conferencias matutinas, seg\u00fan el informe \u201cEl valor de la verdad. A un tercio del sexenio\u201d de la organizaci\u00f3n Signos Vitales El Pulso de M\u00e9xico.<\/p>\n\n\n\n<p class=\"wp-block-paragraph\">\u201cEste gobierno se ha caracterizado por la p\u00e9rdida del valor de la verdad, el uso frecuente y sin recato de mentiras, medias verdades y datos no verificables\u201d, inform\u00f3 este jueves Signos Vitales en un comunicado.<\/p>\n\n\n\n<p class=\"wp-block-paragraph\">\u201cDe acuerdo con el informe, que fue elaborado con base en el an\u00e1lisis realizado SPIN Taller de comunicaci\u00f3n pol\u00edtica sobre las conferencias matutinas, el mandatario recurre a \u201cmedias verdades y datos no verificables\u201d para no tocar temas relacionados con la pandemia, la militarizaci\u00f3n, la deserci\u00f3n escolar o las energ\u00edas limpias\u201d.<\/p>\n\n\n\n<p class=\"wp-block-paragraph\">Bueno, bueno, para no ir m\u00e1s lejos, en la ma\u00f1anera de ayer mi\u00e9rcoles, acerca del ensalzamiento que hizo del ingeniero Carlos Slim quien gentilmente ofreci\u00f3 colaborar motu proprio con la doctora Claudia Sheinmabum en la rehabilitaci\u00f3n de la L\u00ednea 12 de Metro, para atender la demanda de cientos de miles de capitalinos pobres y clasemedieros, Su Alteza Seren\u00edsima parafrase\u00f3 a su modo la m\u00e1xima que quiso aplicar al empresario pero es un autorretrato. Lea usted:<\/p>\n\n\n\n<p class=\"wp-block-paragraph\">\u201cEl poder atonta a los inteligentes y a los tontos los vuelve locos. Se resisten las tentaciones del poder cuando hay principios, cuando hay ideales; pero hay quienes se suben a un ladrillo y se marean por esos comportamientos prepotentes. Se les olvida que el poder es humildad, no es prepotencia, arrogancia, el creerse sabiondo\u201d.<\/p>\n\n\n\n<p class=\"wp-block-paragraph\">Prepotente, arrogante, sabiondo que todos, todos los d\u00edas descalifica, miente, insulta, se desdice y, lo peor, presume que gobierna y pretende crear una sociedad mexicana mediocre y conformista. S\u00ed, para desarmar a la oposici\u00f3n. El virrey en su palacio reflexiona en voz alta y ofrece su visi\u00f3n del pa\u00eds que quiere:<\/p>\n\n\n\n<p class=\"wp-block-paragraph\">\u201c(\u2026) A eso me refiero cuando planteo que debemos de luchar por una sociedad mejor, no materialista, no buscar progresar a toda costa sin escr\u00fapulos morales de ninguna \u00edndole, treparnos, triunfar. \u2018El fin justifica los medios\u2019, no, hay que tener lo necesario para vivir, para mantener a la familia, que no falte nada en la casa, que no le falte nada a los hijos, pero al mismo tiempo vivir con mucha dignidad, con moralidad, con valores espirituales, que nos obnubile el dinero, que no sea lo material lo principal.<\/p>\n\n\n\n<p class=\"wp-block-paragraph\">\u201cSiempre digo que la felicidad no es acumular bienes materiales, dinero, fama, t\u00edtulos, grados acad\u00e9micos, la verdadera felicidad es estar bien con uno mismo, estar bien con nuestra conciencia y estar bien con el pr\u00f3jimo. La ambici\u00f3n al dinero desmedida, el querer salir adelante, destacar a como sea, pasando por encima de todo, ese aspiracionismo produce mucha infelicidad\u201d, acot\u00f3 SAS (Su Alteza Seren\u00edsima) en la ma\u00f1anera.<\/p>\n\n\n\n<p class=\"wp-block-paragraph\">Seamos, pues, pobres pero felices; jodidos pero no aspiracionistas, cr\u00e9dulos de coraz\u00f3n porque el licenciado presidente lo pide. Palabra divina; mentirosillo, mentirosillo. Digo.<\/p>\n\n\n\n<p class=\"wp-block-paragraph\"><a href=\"mailto:sanchezlimon@gmail.com\" target=\"_blank\" rel=\"noreferrer noopener\">sanchezlimon@gmail.com<\/a><\/p>\n\n\n\n<p class=\"wp-block-paragraph\"><a href=\"http:\/\/www.entresemana.mx\/\" target=\"_blank\" rel=\"noreferrer noopener\">www.entresemana.mx<\/a><\/p>\n\n\n\n<p class=\"wp-block-paragraph\"><strong>@msanchezlimon @msanchezlimon1<\/strong><\/p>\n","protected":false},"excerpt":{"rendered":"<p>SemM\u00e9xico, Cd. de M\u00e9xico, 24 de junio, 2021.- \u00bfUsted cree que a Carlos Salinas, Ernesto Zedillo, Vicente Fox, Felipe Calder\u00f3n y Enrique Pe\u00f1a Nieto molesta que Su Alteza Seren\u00edsima cotidianamente diga que no se parece a ninguno de ellos? Se carcajean. Pero, vaya, el clasemediero Andr\u00e9s Manuel se regocija con esa distancia que marca con [&hellip;]<\/p>\n","protected":false},"author":3,"featured_media":15805,"comment_status":"open","ping_status":"open","sticky":false,"template":"","format":"standard","meta":{"_monsterinsights_skip_tracking":false,"footnotes":""},"categories":[692,105,83,35],"tags":[],"class_list":["post-37319","post","type-post","status-publish","format-standard","has-post-thumbnail","category-692","category-entresemana","category-moises-sanchez-limon","category-opinion"],"_links":{"self":[{"href":"https:\/\/redsemlac.com\/semmexico\/wp-json\/wp\/v2\/posts\/37319","targetHints":{"allow":["GET"]}}],"collection":[{"href":"https:\/\/redsemlac.com\/semmexico\/wp-json\/wp\/v2\/posts"}],"about":[{"href":"https:\/\/redsemlac.com\/semmexico\/wp-json\/wp\/v2\/types\/post"}],"author":[{"embeddable":true,"href":"https:\/\/redsemlac.com\/semmexico\/wp-json\/wp\/v2\/users\/3"}],"replies":[{"embeddable":true,"href":"https:\/\/redsemlac.com\/semmexico\/wp-json\/wp\/v2\/comments?post=37319"}],"version-history":[{"count":0,"href":"https:\/\/redsemlac.com\/semmexico\/wp-json\/wp\/v2\/posts\/37319\/revisions"}],"wp:featuredmedia":[{"embeddable":true,"href":"https:\/\/redsemlac.com\/semmexico\/wp-json\/wp\/v2\/media\/15805"}],"wp:attachment":[{"href":"https:\/\/redsemlac.com\/semmexico\/wp-json\/wp\/v2\/media?parent=37319"}],"wp:term":[{"taxonomy":"category","embeddable":true,"href":"https:\/\/redsemlac.com\/semmexico\/wp-json\/wp\/v2\/categories?post=37319"},{"taxonomy":"post_tag","embeddable":true,"href":"https:\/\/redsemlac.com\/semmexico\/wp-json\/wp\/v2\/tags?post=37319"}],"curies":[{"name":"wp","href":"https:\/\/api.w.org\/{rel}","templated":true}]}}