{"id":37316,"date":"2021-06-24T12:48:13","date_gmt":"2021-06-24T18:48:13","guid":{"rendered":"https:\/\/redsemlac.com\/semmexico\/?p=37316"},"modified":"2023-07-21T17:03:11","modified_gmt":"2023-07-21T22:03:11","slug":"4-mil-555-mujeres-victimas-de-feminicidio-en-america-latina-en-2018","status":"publish","type":"post","link":"https:\/\/redsemlac.com\/semmexico\/4-mil-555-mujeres-victimas-de-feminicidio-en-america-latina-en-2018\/","title":{"rendered":"4 mil 555 mujeres v\u00edctimas de feminicidio en Am\u00e9rica Latina en 2018"},"content":{"rendered":"\n<p class=\"wp-block-paragraph\">Fortalecer la justicia y atender a las v\u00edctimas, propone Naciones Unidas<\/p>\n\n\n\n<p class=\"wp-block-paragraph\">Informe&nbsp;Regional de Desarrollo Humano 2021 \u201cAtrapados: Alta Desigualdad y Bajo Crecimiento en Am\u00e9rica Latina y el Caribe\u201d<\/p>\n\n\n\n<p class=\"wp-block-paragraph\">Elda Montiel&nbsp;<\/p>\n\n\n\n<p class=\"wp-block-paragraph\">SemM\u00e9xico, Cd. de M\u00e9xico, 24 de junio 2021.- Am\u00e9rica Latina y el Caribe es la regi\u00f3n m\u00e1s violenta del mundo, ya que alberga s\u00f3lo al nueve por ciento de la poblaci\u00f3n mundial, pero actualmente representa el 34 por ciento del total de muertes violentas.<\/p>\n\n\n\n<p class=\"wp-block-paragraph\">Los pa\u00edses de la regi\u00f3n entre los que se encuentra M\u00e9xico tienen las tasas de homicidios m\u00e1s altas que los pa\u00edses con niveles de desigualdad similares. Los niveles de violencia contra las mujeres y las ni\u00f1as son abrumadores.<\/p>\n\n\n\n<p class=\"wp-block-paragraph\">Tan s\u00f3lo en el 2018 4,555 mujeres fueron v\u00edctimas de feminicidio en 18 pa\u00edses de Am\u00e9rica Latina de acuerdo al Observatorio de Igualdad de G\u00e9nero de la Comisi\u00f3n Econ\u00f3mica para Am\u00e9rica Latina y el Caribe (CEPAL).&nbsp;&nbsp;<\/p>\n\n\n\n<p class=\"wp-block-paragraph\">Los pa\u00edses tambi\u00e9n luchan contra formas de violencia no letales, incluida la violencia sexual, los robos, el abuso policial y la trata de personas.<\/p>\n\n\n\n<p class=\"wp-block-paragraph\">En el Informe&nbsp;Regional de Desarrollo Humano 2021 \u201cAtrapados: Alta Desigualdad y Bajo Crecimiento en Am\u00e9rica Latina y el Caribe\u201d, lanzado por el Programa de Naciones Unidas para el Desarrollo (PNUD), analiza&nbsp;\u201cla&nbsp;trampa en&nbsp;la que se encuentra sumida la regi\u00f3n&nbsp;que&nbsp;impide el avance hacia el logro de la Agenda 2030 y sus Objetivos de Desarrollo Sostenible.\u201d&nbsp;<\/p>\n\n\n\n<p class=\"wp-block-paragraph\">La pandemia del COVID 19 ha generado una crisis econ\u00f3mica afectando principalmente a las mujeres, ni\u00f1as, ni\u00f1os y adolescentes coloc\u00e1ndolos en situaci\u00f3n de riesgo dentro de sus propios hogares.&nbsp;<\/p>\n\n\n\n<p class=\"wp-block-paragraph\">El cuarto Informe de Desarrollo Humano advierte que, si bien la&nbsp;desigualdad causa mayor violencia, la violencia tambi\u00e9n aumenta la desigualdad porque afecta de manera desproporcionada a las poblaciones m\u00e1s vulnerables, entre ellas las mujeres, minor\u00edas \u00e9tnicas y de g\u00e9nero lo que contribuye a perpetuar su estado de privaci\u00f3n.&nbsp;<\/p>\n\n\n\n<p class=\"wp-block-paragraph\">La violencia social y dom\u00e9stica presenta elevados niveles de violencia sexual, feminicidio y violencia contra ni\u00f1as y ni\u00f1os, lo que ha sido un \u00e1rea de creciente preocupaci\u00f3n durante los confinamientos a ra\u00edz del COVID 19.<\/p>\n\n\n\n<p class=\"wp-block-paragraph\">La regi\u00f3n tiene la tercera prevalencia m\u00e1s alta de violencia sexual a lo largo de la vida perpetrada por personas que no son la pareja y la segunda prevalencia m\u00e1s alta de violencia a lo largo de la vida cometida por la pareja.<\/p>\n\n\n\n<p class=\"wp-block-paragraph\"><strong>La violencia contra minor\u00edas sexuales es tambi\u00e9n una de las m\u00e1s altas en el mundo.<\/strong><strong><\/strong><\/p>\n\n\n\n<p class=\"wp-block-paragraph\">El Informe destaca que la violencia homicida en la regi\u00f3n tambi\u00e9n var\u00eda mucho al interior de los pa\u00edses.&nbsp;<\/p>\n\n\n\n<p class=\"wp-block-paragraph\">Por ejemplo, refiere que algunos estados y ciudades de M\u00e9xico tienen tasas de homicidio superiores a 200 por cada 100.000 habitantes, mientras que otros tienen tasas inferiores a 2, y algunas regiones de Chile registran 3 homicidios por cada 100.000 habitantes mientras que otras tienen de una tasa de 0,5.<\/p>\n\n\n\n<p class=\"wp-block-paragraph\">La violencia limita tambi\u00e9n el crecimiento a trav\u00e9s de su impacto sobre el capital humano (y la productividad) y sobre la inversi\u00f3n p\u00fablica y privada que se ve distorsionada, as\u00ed como por el gasto en seguridad y por la incertidumbre acerca de los derechos de propiedad.<\/p>\n\n\n\n<p class=\"wp-block-paragraph\">Entre las l\u00edneas de acci\u00f3n que propone el documento para abordar este tema, figuran el fortalecimiento de los sistemas de justicia local y la expansi\u00f3n de la atenci\u00f3n en salud mental para las v\u00edctimas de violencia.<\/p>\n\n\n\n<p class=\"wp-block-paragraph\">Las pol\u00edticas p\u00fablicas dirigidas a erradicar la violencia contra las mujeres y las ni\u00f1as deben adoptar un enfoque integral que incluya la prevenci\u00f3n, la atenci\u00f3n, la sanci\u00f3n y la reparaci\u00f3n.&nbsp;<\/p>\n\n\n\n<p class=\"wp-block-paragraph\">Establecer sistemas de justicia independiente y eficaz, capaz de salvaguardar los derechos humanos, facilitar el acceso a la justicia para todos sin discriminaci\u00f3n y proporcionar servicios transparentes y objetivos es fundamental para combatir la violencia eficazmente.&nbsp;<\/p>\n\n\n\n<p class=\"wp-block-paragraph\">Al no permitir que los delitos queden impunes y prevenir la revictimizaci\u00f3n, el sistema judicial elevar\u00eda el costo de cometer cr\u00edmenes.&nbsp;<\/p>\n\n\n\n<p class=\"wp-block-paragraph\">Estos sistemas deben responder adecuadamente a las necesidades diferenciadas, por ejemplo, construyendo capacidad para abordar mejor la violencia contra las mujeres, las personas LGBT+ y los grupos \u00e9tnicos mediante una clasificaci\u00f3n m\u00e1s detallada de los cr\u00edmenes en las estructuras jur\u00eddicas y mediante el entrenamiento<\/p>\n\n\n\n<p class=\"wp-block-paragraph\">Este enfoque tambi\u00e9n debe integrar perspectivas econ\u00f3micas, sociales, culturales y de<\/p>\n\n\n\n<p class=\"wp-block-paragraph\">justicia para enfrentar el problema a lo largo de las diferentes etapas del ciclo de vida de las mujeres.<\/p>\n\n\n\n<p class=\"wp-block-paragraph\">Destaca que, si se abordan con \u00e9xito, los avances en la lucha contra la violencia pueden allanar el camino hacia sociedades m\u00e1s equitativas, m\u00e1s productivas y pac\u00edficas.<\/p>\n\n\n\n<p class=\"wp-block-paragraph\"><strong>El narcotr\u00e1fico triplico en diez a\u00f1os la tasa de homicidio en M\u00e9xico<\/strong><\/p>\n\n\n\n<p class=\"wp-block-paragraph\">De los datos sobre la violencia en la regi\u00f3n destaca, que&nbsp;en&nbsp;las \u00faltimas dos d\u00e9cadas el crimen organizado en la regi\u00f3n se ha vuelto cada vez m\u00e1s violento.&nbsp;<\/p>\n\n\n\n<p class=\"wp-block-paragraph\">Debido a la inestabilidad y la subsiguiente escisi\u00f3n de las organizaciones narcotraficantes mexicanas y sus enfrentamientos entre s\u00ed y con las autoridades estatales tras los cambios en el entorno pol\u00edtico, la tasa de homicidio del pa\u00eds se triplic\u00f3 en diez a\u00f1os.<\/p>\n\n\n\n<p class=\"wp-block-paragraph\">&nbsp;Al mismo tiempo, el enfoque internacional de reprimir las redes de narcotr\u00e1fico colombianas y mexicanas empuj\u00f3 al crimen organizado a expandirse hacia Am\u00e9rica Central para establecer nuevas rutas para sus operaciones de tr\u00e1fico.<\/p>\n\n\n\n<p class=\"wp-block-paragraph\">Tambi\u00e9n refiere el documento que la violencia o la amenaza de violencia se ha convertido en moneda de negociaci\u00f3n entre actores estatales y no estatales en diversos contextos para alcanzar y sostener acuerdos, y es parte fundamental de la lucha por la distribuci\u00f3n de recursos, derechos, oportunidades y poder en la regi\u00f3n.<\/p>\n\n\n\n<p class=\"wp-block-paragraph\">Asimismo, la regi\u00f3n a\u00fan lucha con la violencia pol\u00edtica, que incluye protestas violentas, actos de violencia estatal como brutalidad policial, ejecuciones extrajudiciales y represi\u00f3n violenta de protestas, y violencia contra defensores de derechos humanos, activistas ambientales, pol\u00edticos y periodistas.<\/p>\n\n\n\n<p class=\"wp-block-paragraph\">Dada la prevalencia de la violencia y sus graves repercusiones en el desarrollo humano, la regi\u00f3n necesita desesperadamente m\u00e1s y mejores datos especialmente sobre las formas m\u00e1s graves de la violencia que la afligen.<\/p>\n\n\n\n<p class=\"wp-block-paragraph\"><strong>La militarizaci\u00f3n en pa\u00edses como M\u00e9xico increment\u00f3 la violencia<\/strong><\/p>\n\n\n\n<p class=\"wp-block-paragraph\">Las agresiones llevadas a cabo por las fuerzas armadas tambi\u00e9n se han intensificado tras la decisi\u00f3n de algunos pa\u00edses de militarizar las tareas de seguridad p\u00fablica, lo que ha provocado un aumento de la violencia en Ecuador, El Salvador, Honduras, M\u00e9xico, Nicaragua y Venezuela.<\/p>\n\n\n\n<p class=\"wp-block-paragraph\">Tambi\u00e9n se menciona a M\u00e9xico entre los pa\u00edses con protestas violentas que se dieron entre 2000 y 2019. En Am\u00e9rica del Sur fueron m\u00e1s comunes en Bolivia, Brasil y Venezuela. La mayor\u00eda de las protestas violentas en Am\u00e9rica Central se produjeron en Honduras y Nicaragua.<\/p>\n\n\n\n<p class=\"wp-block-paragraph\">M\u00e9xico se encuentra entre los pa\u00edses con mayor n\u00famero de protestas violentas junto con Nicaragua y Brasil, s\u00f3lo superadas por Hait\u00ed y Venezuela.&nbsp;&nbsp;<\/p>\n\n\n\n<p class=\"wp-block-paragraph\">La mayor\u00eda de los casos de defensores de los derechos humanos asesinados se han producido en Brasil, Colombia, Guatemala, Honduras y M\u00e9xico.<\/p>\n\n\n\n<p class=\"wp-block-paragraph\">Cientos de pol\u00edticos mexicanos han sido asesinados por organizaciones narcotraficantes.<\/p>\n\n\n\n<p class=\"wp-block-paragraph\">Se estima que 450 periodistas fueron asesinados o desaparecidos en la regi\u00f3n entre 2000 y 2017; Brasil, Colombia, Guatemala, Honduras y M\u00e9xico son los pa\u00edses m\u00e1s peligrosos para esa profesi\u00f3n.<\/p>\n\n\n\n<p class=\"wp-block-paragraph\">M\u00e9xico se encuentra entre&nbsp;los cuatro pa\u00edses, despu\u00e9s de Per\u00fa y Ecuador, Uruguay con mayor porcentaje de ciudadanos que afirman haber sido v\u00edctimas de un delito en doce meses.&nbsp;<\/p>\n\n\n\n<p class=\"wp-block-paragraph\"><strong>Los costos de la violencia<\/strong><\/p>\n\n\n\n<p class=\"wp-block-paragraph\">La violencia tiene la capacidad de distorsionar la asignaci\u00f3n de recursos p\u00fablicos y privados, contribuyendo de esta forma a la persistencia de la desigualdad.<\/p>\n\n\n\n<p class=\"wp-block-paragraph\">Se estima que los costos directos e indirectos del crimen en la regi\u00f3n son alrededor del 3 por ciento del PIB en el pa\u00eds promedio y en m\u00e1s del 6 por ciento en los pa\u00edses m\u00e1s violentos de Am\u00e9rica Central.&nbsp;<\/p>\n\n\n\n<p class=\"wp-block-paragraph\">El Banco Mundial estima que los costos relacionados con los gastos m\u00e9dicos, la p\u00e9rdida de productividad y el gasto p\u00fablico en seguridad ascienden al 3,7 por ciento de la producci\u00f3n anual. Esto representa un desperdicio sustancial de los recursos p\u00fablicos que se necesitan para la defensa, la polic\u00eda, los programas de prevenci\u00f3n y el castigo.<\/p>\n","protected":false},"excerpt":{"rendered":"<p>Fortalecer la justicia y atender a las v\u00edctimas, propone Naciones Unidas Informe&nbsp;Regional de Desarrollo Humano 2021 \u201cAtrapados: Alta Desigualdad y Bajo Crecimiento en Am\u00e9rica Latina y el Caribe\u201d Elda Montiel&nbsp; SemM\u00e9xico, Cd. de M\u00e9xico, 24 de junio 2021.- Am\u00e9rica Latina y el Caribe es la regi\u00f3n m\u00e1s violenta del mundo, ya que alberga s\u00f3lo al [&hellip;]<\/p>\n","protected":false},"author":3,"featured_media":37317,"comment_status":"open","ping_status":"open","sticky":false,"template":"","format":"standard","meta":{"_monsterinsights_skip_tracking":false,"footnotes":""},"categories":[692,47],"tags":[],"class_list":["post-37316","post","type-post","status-publish","format-standard","has-post-thumbnail","category-692","category-no-mas-impunidad"],"_links":{"self":[{"href":"https:\/\/redsemlac.com\/semmexico\/wp-json\/wp\/v2\/posts\/37316","targetHints":{"allow":["GET"]}}],"collection":[{"href":"https:\/\/redsemlac.com\/semmexico\/wp-json\/wp\/v2\/posts"}],"about":[{"href":"https:\/\/redsemlac.com\/semmexico\/wp-json\/wp\/v2\/types\/post"}],"author":[{"embeddable":true,"href":"https:\/\/redsemlac.com\/semmexico\/wp-json\/wp\/v2\/users\/3"}],"replies":[{"embeddable":true,"href":"https:\/\/redsemlac.com\/semmexico\/wp-json\/wp\/v2\/comments?post=37316"}],"version-history":[{"count":0,"href":"https:\/\/redsemlac.com\/semmexico\/wp-json\/wp\/v2\/posts\/37316\/revisions"}],"wp:featuredmedia":[{"embeddable":true,"href":"https:\/\/redsemlac.com\/semmexico\/wp-json\/wp\/v2\/media\/37317"}],"wp:attachment":[{"href":"https:\/\/redsemlac.com\/semmexico\/wp-json\/wp\/v2\/media?parent=37316"}],"wp:term":[{"taxonomy":"category","embeddable":true,"href":"https:\/\/redsemlac.com\/semmexico\/wp-json\/wp\/v2\/categories?post=37316"},{"taxonomy":"post_tag","embeddable":true,"href":"https:\/\/redsemlac.com\/semmexico\/wp-json\/wp\/v2\/tags?post=37316"}],"curies":[{"name":"wp","href":"https:\/\/api.w.org\/{rel}","templated":true}]}}