{"id":37313,"date":"2021-06-24T12:46:33","date_gmt":"2021-06-24T18:46:33","guid":{"rendered":"https:\/\/redsemlac.com\/semmexico\/?p=37313"},"modified":"2023-07-21T17:03:11","modified_gmt":"2023-07-21T22:03:11","slug":"claves-para-desarrollar-iniciativas-que-redisenen-la-sociedad-teniendo-en-cuenta-el-genero-y-la-igualdad","status":"publish","type":"post","link":"https:\/\/redsemlac.com\/semmexico\/claves-para-desarrollar-iniciativas-que-redisenen-la-sociedad-teniendo-en-cuenta-el-genero-y-la-igualdad\/","title":{"rendered":"Claves para desarrollar iniciativas que redise\u00f1en la sociedad teniendo en cuenta el g\u00e9nero y la igualdad"},"content":{"rendered":"\n<p class=\"wp-block-paragraph\">El encuentro tuvo como objetivo analizar el papel de la tecnolog\u00eda como factor clave en la accesibilidad de la sociedad<\/p>\n\n\n\n<p class=\"wp-block-paragraph\">Foro de expertas en accesibilidad e innovaci\u00f3n<\/p>\n\n\n\n<p class=\"wp-block-paragraph\"><a href=\"https:\/\/amecopress.net\/Redaccion-AmecoPress-944\">Redacci\u00f3n&nbsp;<\/a><\/p>\n\n\n\n<p class=\"wp-block-paragraph\">SemM\u00e9xico\/ AmecoPress, Madrid, 24 de junio, 2021.-&nbsp;<\/p>\n\n\n\n<p class=\"wp-block-paragraph\">Madrid, 21 jun. 21. AmecoPress.-&nbsp;Expertas en accesibilidad e innovaci\u00f3n dieron las claves para desarrollar iniciativas que redise\u00f1en la sociedad teniendo en cuenta el g\u00e9nero y la igualdad con el objetivo de eliminar las dificultades a las que se enfrentan la mujeres y ni\u00f1as con discapacidad en diferentes \u00e1reas de la vida y, concretamente, en relaci\u00f3n con la accesibilidad.<\/p>\n\n\n\n<p class=\"wp-block-paragraph\">As\u00ed se puso de manifiesto en el&nbsp;Foro de expertas en Accesibilidad e Innovaci\u00f3n, un proyecto impulsado por&nbsp;Fundaci\u00f3n ONCE&nbsp;y&nbsp;Real Patronato sobre Discapacidad, que cont\u00f3 con el apoyo del Comit\u00e9 Espa\u00f1ol de Representantes de Personas con Discapacidad (CERMI) y cuya tem\u00e1tica, en esta ocasi\u00f3n, fue propuesta por Fundaci\u00f3n CERMI Mujeres.<\/p>\n\n\n\n<p class=\"wp-block-paragraph\"><a href=\"https:\/\/amecopress.net\/IMG\/jpg\/accesibilidad1.jpg\"><\/a><br>Estos encuentros tienen como objetivo reunir a personas implicadas en la accesibilidad para analizar el papel de la tecnolog\u00eda como factor clave en la accesibilidad de la sociedad, y de qu\u00e9 forma la normalizaci\u00f3n a nivel europeo est\u00e1 trabajando para asegurar el acceso y participaci\u00f3n de la ciudadan\u00eda en el avance de la misma.<\/p>\n\n\n\n<p class=\"wp-block-paragraph\">En esta ocasi\u00f3n, cont\u00f3 con la participaci\u00f3n de la responsable en Derechos y Asesor\u00eda Jur\u00eddica de Confederaci\u00f3n ASPACE, \u00c1ngeles Blanco; la consultora externa de Fundaci\u00f3n CERMI Mujeres, Laura Seara; y la asesora experta del Consejo Nacional de la Discapacidad, dependiente del Ministerio de Derechos Sociales y Agenda 2030; Fefa \u00c1lvarez. Adem\u00e1s, la jornada fue moderada por el director general de Servimedia, Jos\u00e9 Manuel Gonz\u00e1lez Huesa.<\/p>\n\n\n\n<p class=\"wp-block-paragraph\">Concretamente, las expertas recordaron que la accesibilidad es universal tiene que estar dirigida a todas las personas \u201cen todas las circunstancias\u201d. Adem\u00e1s, se refirieron a la accesibilidad universal como un derecho y coincidieron en que, sin ella \u201cno se puede hablar del ejercicio de los derechos en pie de igualdad\u201d. En este sentido Fefa \u00c1lvarez lament\u00f3 que, aunque se haya avanzado en sensibilizaci\u00f3n sobre esta materia, \u201cfalta concreci\u00f3n pr\u00e1ctica, lo que demuestra que no existen los agentes y facilitadores para que sea una realidad\u201d.<\/p>\n\n\n\n<p class=\"wp-block-paragraph\"><strong>Barreras de acceso al \u00e1mbito sanitario y judicial<\/strong><strong><\/strong><\/p>\n\n\n\n<p class=\"wp-block-paragraph\">Durante el foro, se refirieron tambi\u00e9n a las barreras de acceso a la justicia y a la salud y a la importancia de los derechos sexuales y reproductivos.<\/p>\n\n\n\n<p class=\"wp-block-paragraph\">Con relaci\u00f3n a la justicia, Laura Seara, reconoci\u00f3 que la accesibilidad est\u00e1 tardando m\u00e1s en aplicar elementos tan relevantes como la Convenci\u00f3n Internacional sobre los Derechos de las Personas con Discapacidad. En este sentido, asegur\u00f3 que el acceso a la justicia sigue estando vetado para las mujeres con discapacidad.<\/p>\n\n\n\n<p class=\"wp-block-paragraph\">Con relaci\u00f3n a los derechos sexuales y reproductivos, \u00c1ngeles Blanco subray\u00f3 que el 90 por ciento&nbsp;&nbsp;de mujeres con par\u00e1lisis cerebral no acuden a servicios de ginecolog\u00eda y obstetricia porque existe \u201cuna falta de adaptaci\u00f3n de las consultas, que priva a las mujeres del ejercicio reproductivo y del estado de salud como mujer\u201d.<\/p>\n\n\n\n<p class=\"wp-block-paragraph\">Adem\u00e1s, puso de manifiesto que \u201cla educaci\u00f3n sexual de las mujeres es esencial ya que es la \u00fanica manera de prevenir esas violencias sexuales\u201d. Sin embargo, reivindic\u00f3 que esta educaci\u00f3n \u201cdebe darse bajo los criterios de accesibilidad universal\u201d. \u201cTenemos que articular la educaci\u00f3n sexual empleado lenguaje llano y lectura f\u00e1cil pero tambi\u00e9n incluyendo a una persona facilitadora y pictogramas\u201d, defendi\u00f3.<\/p>\n\n\n\n<p class=\"wp-block-paragraph\">De la misma manera, se refiri\u00f3 a los sistemas alternativos y aumentativos de la comunicaci\u00f3n puesto que, por ejemplo, la mayor\u00eda de las mujeres con par\u00e1lisis cerebral tienen dificultad con el lenguaje que normalmente no se entiende fuera de su entorno. As\u00ed, explic\u00f3 que estas mujeres \u201chablan o emplean escritura, pero tambi\u00e9n se comunican a trav\u00e9s de se\u00f1ales para poder hacerlo de forma inclusiva\u00bb. Adem\u00e1s, a\u00f1adi\u00f3 que \u201cun 25% de mujeres con par\u00e1lisis cerebral no tienen oralidad\u201d por lo que hay que tener en cuenta todas estas cuestiones ya que sino en tampoco podr\u00e1n ejercer sus derechos sexuales y reproductivos\u201d.<\/p>\n\n\n\n<p class=\"wp-block-paragraph\">Presencia mujeres activistas en movimiento feministas<\/p>\n\n\n\n<p class=\"wp-block-paragraph\">Por \u00faltimo, hicieron alusi\u00f3n al trabajo que han hecho las mujeres del movimiento de la discapacidad, que, seg\u00fan ellas, \u201chan visibilizado una realidad que hab\u00eda estado abandonada en el feminismo\u201d. La aparici\u00f3n de mujeres l\u00edderes con discapacidad se ha hecho visible y esto ha contribuido a que el \u00e1mbito del feminismo las incorpore en su propio movimiento, recalc\u00f3 la consultora externa de Fundaci\u00f3n CERMI Mujeres, Laura Seara.<\/p>\n\n\n\n<p class=\"wp-block-paragraph\">Adem\u00e1s, tambi\u00e9n coincidieron en la importancia de visibilizar la situaci\u00f3n de las mujeres con discapacidad en asociaciones vecinales, barrios y pueblos m\u00e1s peque\u00f1os para concienciar de la importancia de la accesibilidad.<\/p>\n\n\n\n<p class=\"wp-block-paragraph\">Foto: archivo AmecoPress.&nbsp;<br><\/p>\n","protected":false},"excerpt":{"rendered":"<p>El encuentro tuvo como objetivo analizar el papel de la tecnolog\u00eda como factor clave en la accesibilidad de la sociedad Foro de expertas en accesibilidad e innovaci\u00f3n Redacci\u00f3n&nbsp; SemM\u00e9xico\/ AmecoPress, Madrid, 24 de junio, 2021.-&nbsp; Madrid, 21 jun. 21. AmecoPress.-&nbsp;Expertas en accesibilidad e innovaci\u00f3n dieron las claves para desarrollar iniciativas que redise\u00f1en la sociedad teniendo [&hellip;]<\/p>\n","protected":false},"author":3,"featured_media":37314,"comment_status":"open","ping_status":"open","sticky":false,"template":"","format":"standard","meta":{"_monsterinsights_skip_tracking":false,"footnotes":""},"categories":[692,53],"tags":[],"class_list":["post-37313","post","type-post","status-publish","format-standard","has-post-thumbnail","category-692","category-internacional"],"_links":{"self":[{"href":"https:\/\/redsemlac.com\/semmexico\/wp-json\/wp\/v2\/posts\/37313","targetHints":{"allow":["GET"]}}],"collection":[{"href":"https:\/\/redsemlac.com\/semmexico\/wp-json\/wp\/v2\/posts"}],"about":[{"href":"https:\/\/redsemlac.com\/semmexico\/wp-json\/wp\/v2\/types\/post"}],"author":[{"embeddable":true,"href":"https:\/\/redsemlac.com\/semmexico\/wp-json\/wp\/v2\/users\/3"}],"replies":[{"embeddable":true,"href":"https:\/\/redsemlac.com\/semmexico\/wp-json\/wp\/v2\/comments?post=37313"}],"version-history":[{"count":0,"href":"https:\/\/redsemlac.com\/semmexico\/wp-json\/wp\/v2\/posts\/37313\/revisions"}],"wp:featuredmedia":[{"embeddable":true,"href":"https:\/\/redsemlac.com\/semmexico\/wp-json\/wp\/v2\/media\/37314"}],"wp:attachment":[{"href":"https:\/\/redsemlac.com\/semmexico\/wp-json\/wp\/v2\/media?parent=37313"}],"wp:term":[{"taxonomy":"category","embeddable":true,"href":"https:\/\/redsemlac.com\/semmexico\/wp-json\/wp\/v2\/categories?post=37313"},{"taxonomy":"post_tag","embeddable":true,"href":"https:\/\/redsemlac.com\/semmexico\/wp-json\/wp\/v2\/tags?post=37313"}],"curies":[{"name":"wp","href":"https:\/\/api.w.org\/{rel}","templated":true}]}}