{"id":37310,"date":"2021-06-24T11:13:35","date_gmt":"2021-06-24T17:13:35","guid":{"rendered":"https:\/\/redsemlac.com\/semmexico\/?p=37310"},"modified":"2023-07-21T17:03:11","modified_gmt":"2023-07-21T22:03:11","slug":"gioconda-belli-sobre-nicaragua-no-se-ha-visto-una-dictadura-como-esta-en-latinoamerica-en-anos","status":"publish","type":"post","link":"https:\/\/redsemlac.com\/semmexico\/gioconda-belli-sobre-nicaragua-no-se-ha-visto-una-dictadura-como-esta-en-latinoamerica-en-anos\/","title":{"rendered":"Gioconda Belli sobre Nicaragua: No se ha visto una dictadura como esta en Latinoam\u00e9rica en a\u00f1os"},"content":{"rendered":"\n<p class=\"wp-block-paragraph\">SemM\u00e9xico\/Aristegui Noticias. 24 de junio de 2021.- La poeta y novelista Gioconda Belli pidi\u00f3 a la comunidad internacional que no olviden a Nicaragua y que ayuden al pa\u00eds a detener la dictadura que est\u00e1 atravesando. Belli dijo que el r\u00e9gimen de Daniel Ortega es algo que no se ha visto en Am\u00e9rica Latina en muchos a\u00f1os atr\u00e1s.<\/p>\n\n\n\n<p class=\"wp-block-paragraph\"><a href=\"https:\/\/omny.fm\/shows\/aristegui\/gioconda-belli-sobre-nicaragua-no-se-ha-visto-una\">Escucha el audio<\/a><\/p>\n","protected":false},"excerpt":{"rendered":"<p>SemM\u00e9xico\/Aristegui Noticias. 24 de junio de 2021.- La poeta y novelista Gioconda Belli pidi\u00f3 a la comunidad internacional que no olviden a Nicaragua y que ayuden al pa\u00eds a detener la dictadura que est\u00e1 atravesando. Belli dijo que el r\u00e9gimen de Daniel Ortega es algo que no se ha visto en Am\u00e9rica Latina en muchos [&hellip;]<\/p>\n","protected":false},"author":3,"featured_media":37311,"comment_status":"open","ping_status":"open","sticky":false,"template":"","format":"standard","meta":{"_monsterinsights_skip_tracking":false,"footnotes":""},"categories":[692,53],"tags":[],"class_list":["post-37310","post","type-post","status-publish","format-standard","has-post-thumbnail","category-692","category-internacional"],"_links":{"self":[{"href":"https:\/\/redsemlac.com\/semmexico\/wp-json\/wp\/v2\/posts\/37310","targetHints":{"allow":["GET"]}}],"collection":[{"href":"https:\/\/redsemlac.com\/semmexico\/wp-json\/wp\/v2\/posts"}],"about":[{"href":"https:\/\/redsemlac.com\/semmexico\/wp-json\/wp\/v2\/types\/post"}],"author":[{"embeddable":true,"href":"https:\/\/redsemlac.com\/semmexico\/wp-json\/wp\/v2\/users\/3"}],"replies":[{"embeddable":true,"href":"https:\/\/redsemlac.com\/semmexico\/wp-json\/wp\/v2\/comments?post=37310"}],"version-history":[{"count":0,"href":"https:\/\/redsemlac.com\/semmexico\/wp-json\/wp\/v2\/posts\/37310\/revisions"}],"wp:featuredmedia":[{"embeddable":true,"href":"https:\/\/redsemlac.com\/semmexico\/wp-json\/wp\/v2\/media\/37311"}],"wp:attachment":[{"href":"https:\/\/redsemlac.com\/semmexico\/wp-json\/wp\/v2\/media?parent=37310"}],"wp:term":[{"taxonomy":"category","embeddable":true,"href":"https:\/\/redsemlac.com\/semmexico\/wp-json\/wp\/v2\/categories?post=37310"},{"taxonomy":"post_tag","embeddable":true,"href":"https:\/\/redsemlac.com\/semmexico\/wp-json\/wp\/v2\/tags?post=37310"}],"curies":[{"name":"wp","href":"https:\/\/api.w.org\/{rel}","templated":true}]}}