{"id":37300,"date":"2021-06-24T10:54:54","date_gmt":"2021-06-24T16:54:54","guid":{"rendered":"https:\/\/redsemlac.com\/semmexico\/?p=37300"},"modified":"2023-07-21T17:03:11","modified_gmt":"2023-07-21T22:03:11","slug":"aprueban-paridad-de-genero-en-gabinete-de-gobierno-de-hidalgo","status":"publish","type":"post","link":"https:\/\/redsemlac.com\/semmexico\/aprueban-paridad-de-genero-en-gabinete-de-gobierno-de-hidalgo\/","title":{"rendered":"Aprueban paridad de g\u00e9nero en gabinete de gobierno de Hidalgo"},"content":{"rendered":"\n<p class=\"wp-block-paragraph\">Avalan generar&nbsp;&nbsp;pol\u00edticas y protocolos espec\u00edficos para prevenir el acoso laboral<\/p>\n\n\n\n<p class=\"wp-block-paragraph\">Ignacio Garc\u00eda<\/p>\n\n\n\n<p class=\"wp-block-paragraph\">SemM\u00e9xico, Pachuca, Hidalgo, 24 de junio, 2021.- Por unanimidad, los diputados del Congreso local aprobaron la reforma a la Ley Org\u00e1nica de la Administraci\u00f3n P\u00fablica estatal para garantizar el principio de paridad de g\u00e9nero en los puestos p\u00fablicos del gobierno estatal, para que sean incluidas las mujeres en igualdad de condiciones.<\/p>\n\n\n\n<p class=\"wp-block-paragraph\">El diputado local del Movimiento de Regeneraci\u00f3n Nacional (Morena), Salvador Sosa Arroyo, refiri\u00f3 que esta reforma fue presentada por diferentes diputadas en el pleno legislativo, las cuales fueron discutidas e integradas en la comisi\u00f3n de Legislaci\u00f3n y Puntos Constitucionales que fueron aprobadas y que obliga al gobernador del estado a elegir su gabinete bajo el principio de paridad de g\u00e9nero.<\/p>\n\n\n\n<p class=\"wp-block-paragraph\">De acuerdo con el legislador morenista, en la reforma los espacios p\u00fablicos que est\u00e9n vacantes en la administraci\u00f3n p\u00fablica estatal deber\u00e1n ser contemplados bajo la paridad de g\u00e9nero, en tanto que cuenten con el perfil de idoneidad y experiencia para desempe\u00f1arse en sus distintos encargos.<\/p>\n\n\n\n<p class=\"wp-block-paragraph\">En la misma modificaci\u00f3n avalada tambi\u00e9n se contempl\u00f3 que se generen pol\u00edticas y protocolos espec\u00edficos para prevenir el acoso laboral, principalmente para las mujeres, adem\u00e1s de que no podr\u00e1n formar parte de la administraci\u00f3n p\u00fablica estatal aquellas personas que hayan incurrido en alguna moratoria de pago de pensi\u00f3n familiar.<\/p>\n\n\n\n<p class=\"wp-block-paragraph\">Por su parte, la diputada local independiente Areli Miranda Ayala refiri\u00f3 que esta modificaci\u00f3n brinda espacios necesarios para que las mujeres puedan participar de forma m\u00e1s activa en la administraci\u00f3n p\u00fablica, que forma parte de una de las necesidades que se requieren en el gobierno estatal.<\/p>\n\n\n\n<p class=\"wp-block-paragraph\">En la actualidad de las 18 secretar\u00edas estatales, s\u00f3lo cuatro son ocupadas por mujeres, por lo que se encuentra lejos de la paridad de g\u00e9nero, aunado a que dos de estos puestos son de encargadas de despachos pero no son titulares de las secretar\u00edas de Cultura y de Medio Ambiente y Recursos Naturales estatal.<\/p>\n","protected":false},"excerpt":{"rendered":"<p>Avalan generar&nbsp;&nbsp;pol\u00edticas y protocolos espec\u00edficos para prevenir el acoso laboral Ignacio Garc\u00eda SemM\u00e9xico, Pachuca, Hidalgo, 24 de junio, 2021.- Por unanimidad, los diputados del Congreso local aprobaron la reforma a la Ley Org\u00e1nica de la Administraci\u00f3n P\u00fablica estatal para garantizar el principio de paridad de g\u00e9nero en los puestos p\u00fablicos del gobierno estatal, para que [&hellip;]<\/p>\n","protected":false},"author":3,"featured_media":37301,"comment_status":"open","ping_status":"open","sticky":false,"template":"","format":"standard","meta":{"_monsterinsights_skip_tracking":false,"footnotes":""},"categories":[692,50],"tags":[],"class_list":["post-37300","post","type-post","status-publish","format-standard","has-post-thumbnail","category-692","category-congreso"],"_links":{"self":[{"href":"https:\/\/redsemlac.com\/semmexico\/wp-json\/wp\/v2\/posts\/37300","targetHints":{"allow":["GET"]}}],"collection":[{"href":"https:\/\/redsemlac.com\/semmexico\/wp-json\/wp\/v2\/posts"}],"about":[{"href":"https:\/\/redsemlac.com\/semmexico\/wp-json\/wp\/v2\/types\/post"}],"author":[{"embeddable":true,"href":"https:\/\/redsemlac.com\/semmexico\/wp-json\/wp\/v2\/users\/3"}],"replies":[{"embeddable":true,"href":"https:\/\/redsemlac.com\/semmexico\/wp-json\/wp\/v2\/comments?post=37300"}],"version-history":[{"count":0,"href":"https:\/\/redsemlac.com\/semmexico\/wp-json\/wp\/v2\/posts\/37300\/revisions"}],"wp:featuredmedia":[{"embeddable":true,"href":"https:\/\/redsemlac.com\/semmexico\/wp-json\/wp\/v2\/media\/37301"}],"wp:attachment":[{"href":"https:\/\/redsemlac.com\/semmexico\/wp-json\/wp\/v2\/media?parent=37300"}],"wp:term":[{"taxonomy":"category","embeddable":true,"href":"https:\/\/redsemlac.com\/semmexico\/wp-json\/wp\/v2\/categories?post=37300"},{"taxonomy":"post_tag","embeddable":true,"href":"https:\/\/redsemlac.com\/semmexico\/wp-json\/wp\/v2\/tags?post=37300"}],"curies":[{"name":"wp","href":"https:\/\/api.w.org\/{rel}","templated":true}]}}