{"id":37279,"date":"2021-06-23T13:50:00","date_gmt":"2021-06-23T19:50:00","guid":{"rendered":"https:\/\/redsemlac.com\/semmexico\/?p=37279"},"modified":"2023-07-21T17:03:12","modified_gmt":"2023-07-21T22:03:12","slug":"abatir-la-brecha-digital-de-genero-e-incorporar-a-las-mujeres-a-la-economia-digital-carlos-moran-secretaria-de-comunicaciones","status":"publish","type":"post","link":"https:\/\/redsemlac.com\/semmexico\/abatir-la-brecha-digital-de-genero-e-incorporar-a-las-mujeres-a-la-economia-digital-carlos-moran-secretaria-de-comunicaciones\/","title":{"rendered":"Abatir la brecha digital de g\u00e9nero e incorporar a las mujeres a la econom\u00eda digital: Carlos Mor\u00e1n, Secretar\u00eda de Comunicaciones"},"content":{"rendered":"\n<ul class=\"wp-block-list\"><li><strong>43.1 millones de mujeres son usuarias de internet revela la encuesta ENDUTIH 2020<\/strong><\/li><li><strong>An\u00e1lisis de INEGI: 25 millones de j\u00f3venes est\u00e1n expuesto a grupos criminales<\/strong><\/li><\/ul>\n\n\n\n<p class=\"wp-block-paragraph\"><strong>Elda Montiel<\/strong><\/p>\n\n\n\n<p class=\"wp-block-paragraph\">SemM\u00e9xico, Cd. de M\u00e9xico, 22 de junio 2021.- La apropiaci\u00f3n de la tecnolog\u00eda por parte de las mujeres con 43.1 millones de usuarias en internet hace necesario abatir la brecha digital de g\u00e9nero, expres\u00f3 Carlos Moran Moguel, subsecretario de Transporte de la Secretaria de Comunicaciones.<\/p>\n\n\n\n<p class=\"wp-block-paragraph\">\u201cSi queremos que el pa\u00eds tenga \u00e9xito en su desarrollo econ\u00f3mico pol\u00edtico y social de cara al futuro resulta insoslayable incorporar a todas las mujeres a la mayor brevedad a la econom\u00eda digital. Apoyarlas a que eleven sus conocimientos es una necesidad del gobierno, de la industria, de la academia y de la sociedad civil\u201d, acot\u00f3. &nbsp;&nbsp;<\/p>\n\n\n\n<p class=\"wp-block-paragraph\">As\u00ed se expres\u00f3 en la presentaci\u00f3n de la Encuesta Nacional sobre Disponibilidad y Uso de Tecnolog\u00edas de la Informaci\u00f3n en los Hogares (ENDUTIH) 2020, por parte del Instituto Nacional de Estad\u00edstica y Geograf\u00eda (INEGI), en colaboraci\u00f3n con la Secretar\u00eda de Comunicaciones y Transportes (SCT) y el Instituto Federal de Telecomunicaciones (IFT).<br><br>Mor\u00e1n Moguel alert\u00f3 que el mayor rango de edades de los cibernautas va de 12 a 24 a\u00f1os, cerca de 25 millones de j\u00f3venes que est\u00e1n expuestos a grupos criminales, por lo que llamo a generar una robusta cultura de ciberseguridad que proteja tanto a los individuos como a los organismos p\u00fablicos e instituciones financieras.<\/p>\n\n\n\n<p class=\"wp-block-paragraph\">Enfatiz\u00f3 que los resultados de la ENDUTIH 2020 nos permiten constatar que ya somos 84.1 millones de usuarios de internet, el 96 por ciento se conecta por tel\u00e9fono inteligente y que el n\u00famero de usuarios de internet en el \u00e1mbito rural creci\u00f3 de 47.7 por ciento a m\u00e1s del 50 por ciento en el 2020, lo que llama a mantener la generaci\u00f3n de pol\u00edticas p\u00fablicas que promuevan acciones orientadas a aumentar la cobertura y penetraci\u00f3n de las redes de infraestructura de telecomunicaciones.&nbsp; &nbsp;<\/p>\n\n\n\n<p class=\"wp-block-paragraph\">Se refiri\u00f3 que la pandemia reformul\u00f3 los h\u00e1bitos de compra y financieros de muchas personas y es muy probable que estas tendencias sigan al alza.<\/p>\n\n\n\n<p class=\"wp-block-paragraph\">Abund\u00f3 que los resultados de ENIUTH nos convoca a&nbsp; tomar conciencia, ya que &nbsp;al analizar nuestra realidad &nbsp;es indispensable el uso inteligente y seguro de internet.<\/p>\n\n\n\n<p class=\"wp-block-paragraph\">Enfatiz\u00f3 que en esta nueva circunstancia es necesario que gobierno, academia y sociedad civil colaboren para reducir las brechas que dividen al pa\u00eds, tras calificar a la ENDIUTH como una herramienta indispensable para medir los avances de la inclusi\u00f3n digital universal y definir pol\u00edticas p\u00fablicas.<\/p>\n\n\n\n<p class=\"wp-block-paragraph\">Por otra parte, afirm\u00f3 que es prioridad del gobierno el incremento de la conectividad a internet en todo el territorio nacional.<\/p>\n\n\n\n<p class=\"wp-block-paragraph\">La informaci\u00f3n que proporciona la ENDUTIH a la secretaria a los gobiernos estatales, empresas y sociedad en su conjunto da mayor visibilidad a las alternativas para promover el acceso de m\u00e1s mexicanos a este servicio indispensable para abatir la brecha digital y aumentar los niveles de productividad y bienestar de la sociedad.<\/p>\n\n\n\n<h2 class=\"wp-block-heading\"><strong>La pandemia nos oblig\u00f3 a abrazar a las telecomunicaciones: Adolfo Cuevas<\/strong><\/h2>\n\n\n\n<p class=\"wp-block-paragraph\">Adolfo Cuevas, comisionado presidente del Instituto de Telecomunicaciones expres\u00f3 que la pandemia nos forz\u00f3 a abrazar las telecomunicaciones, a utilizarlas como medio de viabilidad a nivel personal y de empresas, ya que en el balance del a\u00f1o m\u00e1s de 2 millones de mexicanos accedieron a tel\u00e9fono m\u00f3vil.<\/p>\n\n\n\n<p class=\"wp-block-paragraph\">Por lo que llamo a asumir como una causa el dotar al mayor n\u00famero de mexicanos para que tengan acceso a la tecnolog\u00eda, pues se vio que incluso los hogares m\u00e1s pobres destinaron ingreso al acceso del tel\u00e9fono m\u00f3vil por necesidad, por lo que tenemos que forzar que ocurra mediante las pol\u00edticas p\u00fablicas, acot\u00f3.&nbsp;<\/p>\n\n\n\n<h2 class=\"wp-block-heading\"><strong>Celulares los m\u00e1s usados para conectarse a internet<\/strong><\/h2>\n\n\n\n<p class=\"wp-block-paragraph\">Destac\u00f3 el uso del semartphones, tel\u00e9fonos m\u00f3viles, que aument\u00f3 del 66.7 por ciento en 2015 a 92 por ciento en 2020.&nbsp; As\u00ed como el 58.8 por ciento de la poblaci\u00f3n de seis a\u00f1os y m\u00e1s que habita zonas rurales utiliza el tel\u00e9fono m\u00f3vil, cuando en 2017 era el 53.3 por ciento.<\/p>\n\n\n\n<p class=\"wp-block-paragraph\">El n\u00famero de usuarios que disponen y usan tel\u00e9fono m\u00f3vil aumento 2.0 por ciento al pasar de 86.5 millones en 2019 al 88.2 en 2020, equivale a 75.5 por ciento de la poblaci\u00f3n de 6 a\u00f1os o m\u00e1s.<\/p>\n\n\n\n<p class=\"wp-block-paragraph\">Nueve de cada diez usuarios de tel\u00e9fono celular disponen de un celular inteligente (Smartphone). Entre 2019 y 2020 los usuarios que s\u00f3lo dispusieron de celular inteligente registraron un crecimiento de 3.5 puntos porcentuales (88.1% a 91.6%).<br><br>La encuesta estima que, en 2020, de los usuarios que se conectan a internet mediante su celular, inteligente (Smartphone), se observa un aumento de quienes se conectan s\u00f3lo por Wi Fi, que pasaron de 9.4% en 2019 a 13.7% en 2020.<br><\/p>\n\n\n\n<h2 class=\"wp-block-heading\"><strong>Disminuy\u00f3 uso de la computadora en el trabajo y en las escuelas<\/strong><\/h2>\n\n\n\n<p class=\"wp-block-paragraph\">El uso de la computadora disminuyo de 51.3 por ciento en 2015 a 38 por ciento en 2020. Entre las principales razones est\u00e1 el no contar con habilidades para usarlas., la falta de acceso a una, el no necesitarla, y la falta de recursos econ\u00f3micos.<\/p>\n\n\n\n<p class=\"wp-block-paragraph\">De 2015 a 2020, crecieron los usuarios que realizan compras por internet, se multiplicaron casi 4 veces.<\/p>\n\n\n\n<p class=\"wp-block-paragraph\">Como resultado de la contingencia sanitaria actual, por primera vez desde 2015 el porcentaje de usuarios que utilizaron el internet en el trabajo y en la escuela se redujeron, en 35.9 por ciento en el trabajo, y en la escuela, 14.71 por ciento.<\/p>\n\n\n\n<p class=\"wp-block-paragraph\">De 2015 a 2020 el porcentaje de usuarios de internet se increment\u00f3 de 57.4 por ciento a 72 por ciento, lo que equivale a 21.6 millones m\u00e1s en este periodo, o bien, un promedio de casi 300 mil nuevos cada mes.<\/p>\n\n\n\n<p class=\"wp-block-paragraph\">Por lo que respecta a los hogares con internet, del 2015 al 2020, aumentaron de 12.8 millones (39.2 por ciento del total de hogares) a 21 millones (60.6 por ciento). Es decir 9 millones m\u00e1s de hogares.&nbsp;<\/p>\n\n\n\n<p class=\"wp-block-paragraph\">Los tres principales medios para la conexi\u00f3n de usuarios a internet en 2020 fueron: celular inteligente (Smartphone) con 96.0%, computadora port\u00e1til con 33.7% y con televisor con acceso a internet 22.2 por ciento.<br><br>Las principales actividades que realizan los usuarios de Internet en 2020 son comunicarse (93.8%), buscar informaci\u00f3n (91.0%) y acceder a redes sociales (89.0%).<\/p>\n\n\n\n<p class=\"wp-block-paragraph\">Respecto a la penetraci\u00f3n a nivel nacional, las entidades federativas que observaron los valores m\u00e1s altos en la proporci\u00f3n de usuarios de Internet fueron Nuevo Le\u00f3n con 84.5 porciento, Ciudad de M\u00e9xico con 84.4 por ciento, Baja California con 84.3 por ciento y Sonora con 82.9por ciento.<\/p>\n\n\n\n<p class=\"wp-block-paragraph\">&nbsp;Mientras que los estados que registraron los valores m\u00e1s bajos fueron Chiapas con 45.9 por ciento, Oaxaca con 55.0 por ciento y Veracruz con un 58.9 por ciento.<\/p>\n\n\n\n<p class=\"wp-block-paragraph\">La conferencia fue presidida por Julio Santaella, Presidente del INEGI y Arturo Blancas, director general de Estad\u00edsticas Econ\u00f3micas.<\/p>\n\n\n\n<p class=\"wp-block-paragraph\">Las estimaciones de la ENDUTIH 2020 permiten caracterizar el fen\u00f3meno de la disponibilidad y uso de las TIC a nivel nacional, \u00e1mbito urbano, \u00e1mbito rural, por estrato socioecon\u00f3mico y entidad federativa y sus resultados son comparables con los proporcionados por el INEGI a partir de 2015.<br><br><br><br><\/p>\n","protected":false},"excerpt":{"rendered":"<p>43.1 millones de mujeres son usuarias de internet revela la encuesta ENDUTIH 2020<\/p>\n","protected":false},"author":3,"featured_media":37280,"comment_status":"open","ping_status":"open","sticky":false,"template":"","format":"standard","meta":{"_monsterinsights_skip_tracking":false,"footnotes":""},"categories":[692,51],"tags":[],"class_list":["post-37279","post","type-post","status-publish","format-standard","has-post-thumbnail","category-692","category-ejecutivo"],"_links":{"self":[{"href":"https:\/\/redsemlac.com\/semmexico\/wp-json\/wp\/v2\/posts\/37279","targetHints":{"allow":["GET"]}}],"collection":[{"href":"https:\/\/redsemlac.com\/semmexico\/wp-json\/wp\/v2\/posts"}],"about":[{"href":"https:\/\/redsemlac.com\/semmexico\/wp-json\/wp\/v2\/types\/post"}],"author":[{"embeddable":true,"href":"https:\/\/redsemlac.com\/semmexico\/wp-json\/wp\/v2\/users\/3"}],"replies":[{"embeddable":true,"href":"https:\/\/redsemlac.com\/semmexico\/wp-json\/wp\/v2\/comments?post=37279"}],"version-history":[{"count":0,"href":"https:\/\/redsemlac.com\/semmexico\/wp-json\/wp\/v2\/posts\/37279\/revisions"}],"wp:featuredmedia":[{"embeddable":true,"href":"https:\/\/redsemlac.com\/semmexico\/wp-json\/wp\/v2\/media\/37280"}],"wp:attachment":[{"href":"https:\/\/redsemlac.com\/semmexico\/wp-json\/wp\/v2\/media?parent=37279"}],"wp:term":[{"taxonomy":"category","embeddable":true,"href":"https:\/\/redsemlac.com\/semmexico\/wp-json\/wp\/v2\/categories?post=37279"},{"taxonomy":"post_tag","embeddable":true,"href":"https:\/\/redsemlac.com\/semmexico\/wp-json\/wp\/v2\/tags?post=37279"}],"curies":[{"name":"wp","href":"https:\/\/api.w.org\/{rel}","templated":true}]}}