{"id":37276,"date":"2021-06-23T13:30:00","date_gmt":"2021-06-23T19:30:00","guid":{"rendered":"https:\/\/redsemlac.com\/semmexico\/?p=37276"},"modified":"2023-07-21T17:03:12","modified_gmt":"2023-07-21T22:03:12","slug":"aspiracionista-dia-del-padre","status":"publish","type":"post","link":"https:\/\/redsemlac.com\/semmexico\/aspiracionista-dia-del-padre\/","title":{"rendered":"ASPIRACIONISTA: D\u00eda del Padre"},"content":{"rendered":"\n<h2 class=\"wp-block-heading\">Opini\u00f3n<\/h2>\n\n\n\n<p class=\"wp-block-paragraph\"><strong>Mart\u00edn Mart\u00ednez Olvera, director de Ceprovysa<\/strong><\/p>\n\n\n\n<p class=\"wp-block-paragraph\">SemM\u00e9xico, Chilpancingo, Gro., 23 de junio, 2021.- Aprop\u00f3sito del D\u00eda del Padre que se conmemor\u00f3 este domingo,&nbsp; y la verdad no queriendo hablar m\u00e1s de pol\u00edtica luego de una elecci\u00f3n que debemos abordar de todas maneras en alg\u00fan momento, no pude evitar caer en la palabra que vertida por el Presidente de M\u00e9xico, Andr\u00e9s Manuel L\u00f3pez Obrador, nos condena a la mediocridad y reduce a\u00fan m\u00e1s la posible inspiraci\u00f3n que los padres de familia podamos ser para nuestros hijos e hijas.<\/p>\n\n\n\n<p class=\"wp-block-paragraph\">\u00bfQu\u00e9 pasa si los padres y las madres de familia dejamos de motivar a nuestros descendientes a salir adelante?, \u00bfincurrir\u00edamos en alguna responsabilidad legal?, o a\u00fan peor, \u00bfnos ubicar\u00edamos en la antesala del retroceso social y con ello, en la ca\u00f3tica condici\u00f3n de la anarqu\u00eda?<\/p>\n\n\n\n<p class=\"wp-block-paragraph\">Me causa escalofr\u00edo pensar que las famosas frases con las que se ha procurado impulsar programas sociales referentes a \u201crestaurar el tejido social\u201d, &nbsp;sea no para ayudar a la sociedad a impulsar el desarrollo social, econ\u00f3mico, cultural, sino relacionar la misma con una condici\u00f3n de conformismo donde impere la falta de valores, se generalice el libertinaje de actuar fuera de la ley y se condicione la vida a la d\u00e1diva.<\/p>\n\n\n\n<p class=\"wp-block-paragraph\">Me aterroriza que el ataque sistem\u00e1tico al pensamiento libre sea una forma de inhibirlo y considerarlo innecesario para un esquema social que pretende instaurarse y someta al silencio a partir de una concepci\u00f3n de \u201cestar en contra\u201d si se difiere al dogma de una transformaci\u00f3n que no ha tenido m\u00e1s \u00b4que yerros y que pretende ser una l\u00ednea pol\u00edtica asumida sin cuestionamiento.<\/p>\n\n\n\n<p class=\"wp-block-paragraph\">Llevado al chiste, repetir \u201caspiracionista\u201d es muy malo. Y no me atrevo ni a replicarlo ni a sonre\u00edr como acto de complicidad y aceptaci\u00f3n.<\/p>\n\n\n\n<p class=\"wp-block-paragraph\">Crec\u00ed con la ausencia de la presencia masculina en mi hogar. Era mi madre quien asumi\u00f3 las dos figuras y en ambas el impulso a salir adelante fue una constante aplicado con el comparativo del contexto social del momento donde el camino al trabajo y a la escuela constitu\u00edan la \u00fanica oportunidad para no caer en el vicio, en la conducta fuera de la ley que era relacionado con aquellos que hab\u00edan perdido o no hab\u00edan recibido el impulso a \u201caspirar\u201d a ser mejores que el com\u00fan.<\/p>\n\n\n\n<p class=\"wp-block-paragraph\">En este d\u00eda del padre, cuando asumo la figura con aquello que me hubiera gustado recibir de la voz paterna, pero combino con la imagen materna&nbsp; y con aquello que me permite la reflexi\u00f3n considerar como apropiado, no puedo dejar de lado considerar peligroso, es m\u00e1s, altamente peligrosa la expresi\u00f3n vertida por quien debe ser un inspirador para todo el pa\u00eds que gobierna.<\/p>\n\n\n\n<p class=\"wp-block-paragraph\">Si dejamos de aspirar en la doble moral que los medios reflejan de esa figura de poder, una declaraci\u00f3n vertida a las y los mexicanos radicados en este pa\u00eds, hasta parecer desali\u00f1ado como una acto de imitaci\u00f3n a ser masa, en tanto sus v\u00e1stagos mayores de edad dan cuenta en sus redes sociales de que son unos aspiracionistas que viven bien, entonces no habr\u00e1 duda de que se pretende reducir el pensamiento para gobernar masas de la que ser\u00e1 dif\u00edcil y costoso socialmente salir. \u00bfSurrealismo?<\/p>\n","protected":false},"excerpt":{"rendered":"<p> Aprop\u00f3sito del D\u00eda del Padre que se conmemor\u00f3 este domingo,  y la verdad no queriendo hablar m\u00e1s de pol\u00edtica luego de una elecci\u00f3n que debemos abordar de todas maneras<\/p>\n","protected":false},"author":3,"featured_media":37277,"comment_status":"open","ping_status":"open","sticky":false,"template":"","format":"standard","meta":{"_monsterinsights_skip_tracking":false,"footnotes":""},"categories":[692,110,35],"tags":[],"class_list":["post-37276","post","type-post","status-publish","format-standard","has-post-thumbnail","category-692","category-la-opinion-columnas","category-opinion"],"_links":{"self":[{"href":"https:\/\/redsemlac.com\/semmexico\/wp-json\/wp\/v2\/posts\/37276","targetHints":{"allow":["GET"]}}],"collection":[{"href":"https:\/\/redsemlac.com\/semmexico\/wp-json\/wp\/v2\/posts"}],"about":[{"href":"https:\/\/redsemlac.com\/semmexico\/wp-json\/wp\/v2\/types\/post"}],"author":[{"embeddable":true,"href":"https:\/\/redsemlac.com\/semmexico\/wp-json\/wp\/v2\/users\/3"}],"replies":[{"embeddable":true,"href":"https:\/\/redsemlac.com\/semmexico\/wp-json\/wp\/v2\/comments?post=37276"}],"version-history":[{"count":0,"href":"https:\/\/redsemlac.com\/semmexico\/wp-json\/wp\/v2\/posts\/37276\/revisions"}],"wp:featuredmedia":[{"embeddable":true,"href":"https:\/\/redsemlac.com\/semmexico\/wp-json\/wp\/v2\/media\/37277"}],"wp:attachment":[{"href":"https:\/\/redsemlac.com\/semmexico\/wp-json\/wp\/v2\/media?parent=37276"}],"wp:term":[{"taxonomy":"category","embeddable":true,"href":"https:\/\/redsemlac.com\/semmexico\/wp-json\/wp\/v2\/categories?post=37276"},{"taxonomy":"post_tag","embeddable":true,"href":"https:\/\/redsemlac.com\/semmexico\/wp-json\/wp\/v2\/tags?post=37276"}],"curies":[{"name":"wp","href":"https:\/\/api.w.org\/{rel}","templated":true}]}}