{"id":37273,"date":"2021-06-23T13:20:00","date_gmt":"2021-06-23T19:20:00","guid":{"rendered":"https:\/\/redsemlac.com\/semmexico\/?p=37273"},"modified":"2023-07-21T17:03:12","modified_gmt":"2023-07-21T22:03:12","slug":"buscan-el-cuerpo-de-activista-anticorrupcion-victima-de-desaparicion-forzada-fiscal-de-oaxaca","status":"publish","type":"post","link":"https:\/\/redsemlac.com\/semmexico\/buscan-el-cuerpo-de-activista-anticorrupcion-victima-de-desaparicion-forzada-fiscal-de-oaxaca\/","title":{"rendered":"Buscan el cuerpo de activista anticorrupci\u00f3n, v\u00edctima de desaparici\u00f3n forzada: Fiscal de Oaxaca"},"content":{"rendered":"\n<ul class=\"wp-block-list\"><li><strong>\u00abLa activista fue ejecutada; familia est\u00e1 enterada\u00bb<\/strong><\/li><li><strong>Claudia Uruchurtu dice la autoridad \u201cfue ejecutada y la familia est\u00e1 enterada\u201d<\/strong><\/li><\/ul>\n\n\n\n<p class=\"wp-block-paragraph\"><strong>Patricia Brise\u00f1o<\/strong><\/p>\n\n\n\n<p class=\"wp-block-paragraph\">SemM\u00e9xico, Oaxaca, &nbsp;Oax., 23 de junio, 2021.- &nbsp;Fuerzas federales y estatales de seguridad, en colaboraci\u00f3n con la Comisi\u00f3n Nacional de B\u00fasqueda de la Secretar\u00eda de Gobernaci\u00f3n buscan el cuerpo de la activista anticorrupci\u00f3n, Claudia Uruchurtu Cruz, inform\u00f3 el fiscal de Oaxaca, Arturo Peimbert Calvo.<\/p>\n\n\n\n<p class=\"wp-block-paragraph\">En declaraciones a la prensa el abogado, experto en derechos humanos,&nbsp; asegur\u00f3 que las v\u00edctimas indirectas (familia) est\u00e1 enteradas que la activista fue ejecutada.<\/p>\n\n\n\n<p class=\"wp-block-paragraph\">\u201cPor las investigaciones, sabemos que ella no se encuentra con vida\u201d, sostuvo. Y, reiter\u00f3, \u201cpara poder cerrar el ciclo completo es necesario encontrar el cuerpo de Claudia\u201d.<\/p>\n\n\n\n<p class=\"wp-block-paragraph\">Peimbert Calvo expuso que con este prop\u00f3sito se reinici\u00f3 la etapa de b\u00fasqueda y exploraci\u00f3n los d\u00edas 21, 22 y 23 de junio, que comprende el recorrido por diversas poblaciones del Distrito de Nochixtl\u00e1n, en la regi\u00f3n Mixteca.<\/p>\n\n\n\n<p class=\"wp-block-paragraph\">Asegur\u00f3 que el avance del caso&nbsp; a partir de las carpetas de investigaci\u00f3n 10367\/FMIX\/NOCHIXTL\u00c1N\/2021 y 10368\/FEDH\/FDPE\/2021 es evidente, con la detenci\u00f3n, y posterior, vinculaci\u00f3n a proceso de&nbsp; \u201cpr\u00e1cticamente todos los participantes tanto intelectuales como materiales\u201d.<\/p>\n\n\n\n<p class=\"wp-block-paragraph\">Mencion\u00f3 que la&nbsp; Unidad Especializada de Desaparici\u00f3n Forzada, de la Fiscal\u00eda del Estado, cuenta con la colaboraci\u00f3n de la Comisi\u00f3n Nacional de B\u00fasqueda, as\u00ed como agentes estatales de Investigaciones, Guardia Nacional y Ej\u00e9rcito mexicano.<\/p>\n\n\n\n<p class=\"wp-block-paragraph\">DATO<\/p>\n\n\n\n<p class=\"wp-block-paragraph\">La desaparici\u00f3n de&nbsp; Claudia., de 48 a\u00f1os de edad, sucedi\u00f3&nbsp; tras su participaci\u00f3n en una protesta afuera del Palacio Municipal de Nochixtl\u00e1n, el 26 de marzo pasado.<\/p>\n\n\n\n<p class=\"wp-block-paragraph\">&nbsp;El hecho&nbsp; alcanz\u00f3 trascendencia internacional debido a que dos de sus&nbsp; hermanas tienen la doble nacionalidad, mexicana y brit\u00e1nica, por lo que solicitaron la intervenci\u00f3n del Parlamento del Reino Unido.<\/p>\n\n\n\n<p class=\"wp-block-paragraph\">&nbsp;En su momento, Uruchurtu Cruz demand\u00f3 auditar los gastos de la alcaldesa, por presunto manejo indebido de los recursos p\u00fablicos a las arcas municipales.<\/p>\n\n\n\n<p class=\"wp-block-paragraph\">&nbsp;Por su probable participaci\u00f3n en la desaparici\u00f3n forzada de la activista se ejecut\u00f3&nbsp; orden de aprehensi\u00f3n en contra de la ex presidenta municipal de Asunci\u00f3n Nochixtl\u00e1n, Lizbeth Victoria Huerta. Junto con la edil se detuvo a dos hombres, entre ellos el asesor legal del Ayuntamiento.<\/p>\n","protected":false},"excerpt":{"rendered":"<p>\u00abLa activista fue ejecutada; familia est\u00e1 enterada\u00bb<\/p>\n","protected":false},"author":3,"featured_media":37274,"comment_status":"open","ping_status":"open","sticky":false,"template":"","format":"standard","meta":{"_monsterinsights_skip_tracking":false,"footnotes":""},"categories":[692,47,48],"tags":[],"class_list":["post-37273","post","type-post","status-publish","format-standard","has-post-thumbnail","category-692","category-no-mas-impunidad","category-no-mas-impunidad-no-mas-impunidad"],"_links":{"self":[{"href":"https:\/\/redsemlac.com\/semmexico\/wp-json\/wp\/v2\/posts\/37273","targetHints":{"allow":["GET"]}}],"collection":[{"href":"https:\/\/redsemlac.com\/semmexico\/wp-json\/wp\/v2\/posts"}],"about":[{"href":"https:\/\/redsemlac.com\/semmexico\/wp-json\/wp\/v2\/types\/post"}],"author":[{"embeddable":true,"href":"https:\/\/redsemlac.com\/semmexico\/wp-json\/wp\/v2\/users\/3"}],"replies":[{"embeddable":true,"href":"https:\/\/redsemlac.com\/semmexico\/wp-json\/wp\/v2\/comments?post=37273"}],"version-history":[{"count":0,"href":"https:\/\/redsemlac.com\/semmexico\/wp-json\/wp\/v2\/posts\/37273\/revisions"}],"wp:featuredmedia":[{"embeddable":true,"href":"https:\/\/redsemlac.com\/semmexico\/wp-json\/wp\/v2\/media\/37274"}],"wp:attachment":[{"href":"https:\/\/redsemlac.com\/semmexico\/wp-json\/wp\/v2\/media?parent=37273"}],"wp:term":[{"taxonomy":"category","embeddable":true,"href":"https:\/\/redsemlac.com\/semmexico\/wp-json\/wp\/v2\/categories?post=37273"},{"taxonomy":"post_tag","embeddable":true,"href":"https:\/\/redsemlac.com\/semmexico\/wp-json\/wp\/v2\/tags?post=37273"}],"curies":[{"name":"wp","href":"https:\/\/api.w.org\/{rel}","templated":true}]}}