{"id":37267,"date":"2021-06-23T11:40:07","date_gmt":"2021-06-23T17:40:07","guid":{"rendered":"https:\/\/redsemlac.com\/semmexico\/?p=37267"},"modified":"2023-07-21T17:03:12","modified_gmt":"2023-07-21T22:03:12","slug":"que-felix-salgado-macedonio-explique-a-las-mujeres-la-desaparicion-de-hospitales-y-servicios-como-el-de-la-mujer-indigena-de-tlapa-dirigente-sindical","status":"publish","type":"post","link":"https:\/\/redsemlac.com\/semmexico\/que-felix-salgado-macedonio-explique-a-las-mujeres-la-desaparicion-de-hospitales-y-servicios-como-el-de-la-mujer-indigena-de-tlapa-dirigente-sindical\/","title":{"rendered":"Que F\u00e9lix Salgado  Macedonio  explique  a las mujeres la desaparici\u00f3n de hospitales y servicios como el de la Mujer Ind\u00edgena de Tlapa: dirigente sindical"},"content":{"rendered":"\n<ul class=\"wp-block-list\"><li><strong>La&nbsp; eliminaci\u00f3n de los \u00f3rganos aut\u00f3nomos \u201cno ser\u00e1 mi responsabilidad\u201d, H\u00e9ctor Astudillo Flores<\/strong><\/li><li><strong>Revuelo en Guerrero por la suplantaci\u00f3n de funciones del senador acusado de violador<\/strong><\/li><\/ul>\n\n\n\n<p class=\"wp-block-paragraph\"><strong>Redacci\u00f3n<\/strong><strong><\/strong><\/p>\n\n\n\n<p class=\"wp-block-paragraph\">SemM\u00e9xico\/Ceprovysa, Chilpancingo, Guerrero,&nbsp; 23 de junio, 2021.- \u201c\u00bfQue le espera a los trabajadores?, \u00a1Que le espera a Guerrero!\u201d, dijo Socorro S\u00e1nchez, Dirigente de la Secci\u00f3n S\u00e9ptima del Sindicato \u00danico de Trabajadores al Servicio del Estado de Guerrero SUSPEG, que Integra a las y los servidores p\u00fablicos de la entidad, al conocer la declaraci\u00f3n de F\u00e9lix Salgado Macedonio sobre la desaparici\u00f3n de los organismos p\u00fablicos descentralizados, OPD\u2019s<\/p>\n\n\n\n<p class=\"wp-block-paragraph\">Al respecto &nbsp;el Gobernador H\u00e9ctor Astudillo Flores&nbsp; cuestionado sobre el anuncio de desaparecer los \u00d3rganos paraestatales,<br>realizado por F\u00e9lix Salgado Macedonio, Padre de Evelyn Salgado Pineda, a qui\u00e9n el IEPC-GRO entreg\u00f3 la constancia de Gobernadora Electa, y fue tajante \u201cya no ser\u00e1 mi responsabilidad\u201d.<\/p>\n\n\n\n<p class=\"wp-block-paragraph\">Socorro S\u00e1nchez habl\u00f3 con &nbsp;decisi\u00f3n se\u00f1al\u00f3 que la declaraci\u00f3n de F\u00e9lix Salgado Macedonio de desaparecer\u00e1n a los Organismos P\u00fablicos Descentralizados \u201ces aberrante\u201d.<\/p>\n\n\n\n<p class=\"wp-block-paragraph\">La dirigente agreg\u00f3 &nbsp;que el senador y no gobernador electo, &nbsp;primero debe aclarar en calidad de qu\u00e9 hico&nbsp; su declaraci\u00f3n y &nbsp;destac\u00f3 que a las y los trabajadores \u201cnos gustar\u00eda escuchar a Evelyn, a la Gobernadora electa\u201d y acota \u201cel Gobernador no se llama F\u00e9lix\u201d.<\/p>\n\n\n\n<p class=\"wp-block-paragraph\">Luego recomienda a quien vierte las declaraciones \u201clea, estudie, conozca\u201d porque sus declaraciones, dice est\u00e1n \u201csin l\u00f3gica\u201d.<\/p>\n\n\n\n<p class=\"wp-block-paragraph\">Socorro S\u00e1nchez Dirigente de la Secci\u00f3n S\u00e9ptima del SUSPEG, dice que como le explicar\u00e1n a las mujeres usuarias del Hospital de la Mujer Ind\u00edgena de Tlapa, o de cancerolog\u00eda, o de la Madre y el Ni\u00f1o Guerrerense, que ya estar\u00e1n m\u00e1s?.<\/p>\n\n\n\n<p class=\"wp-block-paragraph\">La Dirigente se\u00f1ala que con firmeza \u201cestoy lista para agarrar al toro por los cuernos\u201d preparada \u201cacad\u00e9mica y laboralmente\u201d, as\u00ed como los trabajadores que tienen fuerza y est\u00e1n unidos para trabajar con acuerdos o con bloqueos.<\/p>\n\n\n\n<p class=\"wp-block-paragraph\">Socorro S\u00e1nchez, Dirigente de la secci\u00f3n s\u00e9ptima del Sindicato Oficial, en declaraci\u00f3n radiof\u00f3nica, dice que est\u00e1n prepar\u00e1ndose por qu\u00e9 \u201cest\u00e1 de por medio el futuro de muchas familias de trabajadores\u201d<\/p>\n\n\n\n<h2 class=\"wp-block-heading\"><strong>El Gobernador en funciones<\/strong><\/h2>\n\n\n\n<p class=\"wp-block-paragraph\">Luego de afirmar que no es su responsabilidad, si acaso se hace lo que anunci\u00f3 F\u00e9lix Salgado Macedonio, el Gobernador Astudillo Flores reiter\u00f3 que F\u00e9lix \u201cmerece todo mi respeto\u201d, apunt\u00f3 \u201clo que hagan o dejen de hacer ser\u00e1 responsabilidad del nuevo gobierno, no m\u00edo\u201d.<\/p>\n\n\n\n<figure class=\"wp-block-image size-large\"><a href=\"https:\/\/redsemlac.com\/semmexico\/wp-content\/uploads\/2021\/06\/studillo.jpg\"><img decoding=\"async\" src=\"https:\/\/redsemlac.com\/semmexico\/wp-content\/uploads\/2021\/06\/studillo-1024x682.jpg\" alt=\"\" class=\"wp-image-37268\"\/><\/a><\/figure>\n\n\n\n<p class=\"wp-block-paragraph\">Sin embargo dijo que \u201csiempre debemos pensar en beneficiar al pueblo de Guerrero\u201d y que hay OPD\u2019S \u201csignificativos como el Hospital de la Madre y el Ni\u00f1o Guerrerense y los de agua potable\u201d.<\/p>\n\n\n\n<p class=\"wp-block-paragraph\">El Gobernador H\u00e9ctor Astudillo Flores tambi\u00e9n habl\u00f3 sobre la petici\u00f3n que le formulara el Senador F\u00e9lix Salgado Macedonio de adelantar para Julio el proceso de entrega-recepci\u00f3n, y no septiembre c\u00f3mo lo hab\u00eda anunciado el propio Mandatario Estatal.<\/p>\n\n\n\n<p class=\"wp-block-paragraph\">Dijo que antes se debe dialogar con quienes participaron en la elecci\u00f3n \u201cpara establecer entendimientos\u201d.<\/p>\n","protected":false},"excerpt":{"rendered":"<p>La  eliminaci\u00f3n de los \u00f3rganos aut\u00f3nomos \u201cno ser\u00e1 mi responsabilidad\u201d, H\u00e9ctor Astudillo Flores<\/p>\n","protected":false},"author":3,"featured_media":37269,"comment_status":"open","ping_status":"open","sticky":false,"template":"","format":"standard","meta":{"_monsterinsights_skip_tracking":false,"footnotes":""},"categories":[692,54],"tags":[],"class_list":["post-37267","post","type-post","status-publish","format-standard","has-post-thumbnail","category-692","category-mujeres"],"_links":{"self":[{"href":"https:\/\/redsemlac.com\/semmexico\/wp-json\/wp\/v2\/posts\/37267","targetHints":{"allow":["GET"]}}],"collection":[{"href":"https:\/\/redsemlac.com\/semmexico\/wp-json\/wp\/v2\/posts"}],"about":[{"href":"https:\/\/redsemlac.com\/semmexico\/wp-json\/wp\/v2\/types\/post"}],"author":[{"embeddable":true,"href":"https:\/\/redsemlac.com\/semmexico\/wp-json\/wp\/v2\/users\/3"}],"replies":[{"embeddable":true,"href":"https:\/\/redsemlac.com\/semmexico\/wp-json\/wp\/v2\/comments?post=37267"}],"version-history":[{"count":0,"href":"https:\/\/redsemlac.com\/semmexico\/wp-json\/wp\/v2\/posts\/37267\/revisions"}],"wp:featuredmedia":[{"embeddable":true,"href":"https:\/\/redsemlac.com\/semmexico\/wp-json\/wp\/v2\/media\/37269"}],"wp:attachment":[{"href":"https:\/\/redsemlac.com\/semmexico\/wp-json\/wp\/v2\/media?parent=37267"}],"wp:term":[{"taxonomy":"category","embeddable":true,"href":"https:\/\/redsemlac.com\/semmexico\/wp-json\/wp\/v2\/categories?post=37267"},{"taxonomy":"post_tag","embeddable":true,"href":"https:\/\/redsemlac.com\/semmexico\/wp-json\/wp\/v2\/tags?post=37267"}],"curies":[{"name":"wp","href":"https:\/\/api.w.org\/{rel}","templated":true}]}}