{"id":37260,"date":"2021-06-23T11:18:08","date_gmt":"2021-06-23T17:18:08","guid":{"rendered":"https:\/\/redsemlac.com\/semmexico\/?p=37260"},"modified":"2023-07-21T17:03:13","modified_gmt":"2023-07-21T22:03:13","slug":"paridad-no-pasa-de-candidaturas-mujeres-alcaldesas-seguiran-siendo-minoria","status":"publish","type":"post","link":"https:\/\/redsemlac.com\/semmexico\/paridad-no-pasa-de-candidaturas-mujeres-alcaldesas-seguiran-siendo-minoria\/","title":{"rendered":"Paridad no pasa de candidaturas; mujeres alcaldesas seguir\u00e1n siendo minor\u00eda"},"content":{"rendered":"\n<ul class=\"wp-block-list\"><li><strong>\u00danicamente 48 de los 212 pr\u00f3ximos Ayuntamientos estar\u00e1n encabezados por mujeres<\/strong><\/li><\/ul>\n\n\n\n<p class=\"wp-block-paragraph\"><strong>Apolinar Velazco\/ alcalorpolitico.com.<\/strong><\/p>\n\n\n\n<p class=\"wp-block-paragraph\">SemM\u00e9xico\/alcalorpolitico.com. Xalapa, Veracruz. 23 de junio 2021.- La reforma constitucional de 2019 para que haya paridad en todos los cargos de toma de decisiones p\u00fablicas, parece no haber tenido el impacto deseado en las Alcald\u00edas de Veracruz, ya que a partir de 2022 \u00fanicamente 48 de las 212 administraciones municipales estar\u00e1n encabezadas por mujeres.<\/p>\n\n\n\n<p class=\"wp-block-paragraph\">El Organismo P\u00fablico Local Electoral (OPLE) llev\u00f3 a cabo revisiones en las candidaturas presentadas por los partidos y coaliciones que se enfrentaron en los comicios del pasado 6 de junio, para que hubiese igual n\u00famero de abanderadas y abanderados al m\u00e1ximo cargo edilicio de los Ayuntamientos pero la ciudadan\u00eda se decant\u00f3 en las urnas por 163 hombres.<\/p>\n\n\n\n<p class=\"wp-block-paragraph\">Aunque se logr\u00f3, tras ajustes ordenados a los institutos pol\u00edticos, que las postulaciones fuesen 50% para el g\u00e9nero femenino y el otro 50% para el masculino, a partir del 1\u00b0 de enero del pr\u00f3ximo a\u00f1o habr\u00e1 en el Estado 11 alcaldesas menos que en la actualidad.<\/p>\n\n\n\n<p class=\"wp-block-paragraph\">Esto significa que el territorio veracruzano pasa de ser gobernado ahora por casi el 28% de mujeres (59 presidentas municipales) al 22.64% o un poco m\u00e1s, en caso de que el Ayuntamiento de Landero y Coss, donde existe un empate entre el contendiente de Todos por Veracruz y la postulada por la coalici\u00f3n PAN-PRI-PRD, le sea otorgado a ella.<\/p>\n\n\n\n<p class=\"wp-block-paragraph\">Si bien, las 48 ediles (o 49 si se suma la de Landero y Coss) significan una disminuci\u00f3n porcentual importante con respecto al periodo actual (2018-2021), tambi\u00e9n representan casi el doble de las 27 que gobernaron igual n\u00famero de municipios del 2014 al 2017 (el 12.73%).<\/p>\n\n\n\n<p class=\"wp-block-paragraph\">La organizaci\u00f3n del proceso electoral en curso estuvo marcada por la violencia pol\u00edtica de g\u00e9nero, las amenazas y los asesinatos de precandidatas, candidatas y pol\u00edticas en Veracruz y el pa\u00eds, lo que habr\u00eda inhibido la participaci\u00f3n de muchas mujeres ante el temor de ser las siguientes v\u00edctimas, seg\u00fan las dirigentes estatales de los partidos Unidad Ciudadana (UC), Cinthya Lobato Calder\u00f3n y Jaqueline Garc\u00eda Hern\u00e1ndez, de Fuerza por M\u00e9xico (FxM).<\/p>\n\n\n\n<p class=\"wp-block-paragraph\">Los datos oficiales, tras la conclusi\u00f3n de 211 de los 212 c\u00f3mputos municipales (en Jes\u00fas Carranza la Alcald\u00eda est\u00e1 disputada por dos hombres), revelan que la mayor cantidad de presidentas municipales pertenecen a la coalici\u00f3n MORENA-PT-PVEM con 24; seguidas por nueve que fueron postuladas \u00fanicamente por el Movimiento de Regeneraci\u00f3n Nacional y dos por el Verde Ecologista de M\u00e9xico.<\/p>\n\n\n\n<p class=\"wp-block-paragraph\">La alianza PAN-PRI-PRD permiti\u00f3 que siete mujeres sean las alcaldesas de sus municipios de 2022 a 2025; Acci\u00f3n Nacional en solitario aport\u00f3 tres m\u00e1s, el Revolucionario Institucional (PRI) una, al igual que el de la Revoluci\u00f3n Democr\u00e1tica (PRD) y Fuerza por M\u00e9xico, con una cada uno.<\/p>\n\n\n\n<p class=\"wp-block-paragraph\">Entre tanto, los partidos Movimiento Ciudadano (MC), del Trabajo (PT), Todos por Veracruz (TXV), Cardenista (PC), Unidad Ciudadana (UC), Encuentro Solidario (PES), Redes Sociales Progresistas (RSP) y \u00a1Podemos! no consiguieron Ayuntamientos con candidatas, todos sus triunfos fueron de hombres.<\/p>\n\n\n\n<p class=\"wp-block-paragraph\">A continuaci\u00f3n, la lista de las pr\u00f3ximas alcaldesas en el estado de Veracruz:<\/p>\n\n\n\n<p class=\"wp-block-paragraph\">MORENA-PT-PVEM<\/p>\n\n\n\n<p class=\"wp-block-paragraph\">&nbsp;&nbsp;&nbsp;&nbsp;&nbsp;&nbsp;&nbsp;&nbsp;&nbsp;&nbsp;&nbsp; 1.&nbsp;&nbsp;&nbsp;&nbsp;&nbsp;&nbsp;&nbsp;&nbsp; Acula &#8211; Roc\u00edo Cruz Dom\u00ednguez<\/p>\n\n\n\n<p class=\"wp-block-paragraph\">&nbsp;&nbsp;&nbsp;&nbsp;&nbsp;&nbsp;&nbsp;&nbsp;&nbsp;&nbsp;&nbsp; 2.&nbsp;&nbsp;&nbsp;&nbsp;&nbsp;&nbsp;&nbsp;&nbsp; Alvarado &#8211; Lizzete \u00c1lvarez Vera<\/p>\n\n\n\n<p class=\"wp-block-paragraph\">&nbsp;&nbsp;&nbsp;&nbsp;&nbsp;&nbsp;&nbsp;&nbsp;&nbsp;&nbsp;&nbsp; 3.&nbsp;&nbsp;&nbsp;&nbsp;&nbsp;&nbsp;&nbsp;&nbsp; Amatitl\u00e1n &#8211; Alma Rosa Clara Rodr\u00edguez<\/p>\n\n\n\n<p class=\"wp-block-paragraph\">&nbsp;&nbsp;&nbsp;&nbsp;&nbsp;&nbsp;&nbsp;&nbsp;&nbsp;&nbsp;&nbsp; 4.&nbsp;&nbsp;&nbsp;&nbsp;&nbsp;&nbsp;&nbsp;&nbsp; Chacaltianguis &#8211; Bertha Isabel Mu\u00f1oz Torres<\/p>\n\n\n\n<p class=\"wp-block-paragraph\">&nbsp;&nbsp;&nbsp;&nbsp;&nbsp;&nbsp;&nbsp;&nbsp;&nbsp;&nbsp;&nbsp; 5.&nbsp;&nbsp;&nbsp;&nbsp;&nbsp;&nbsp;&nbsp;&nbsp; Las Choapas &#8211; Mariela Hern\u00e1ndez Garc\u00eda<\/p>\n\n\n\n<p class=\"wp-block-paragraph\">&nbsp;&nbsp;&nbsp;&nbsp;&nbsp;&nbsp;&nbsp;&nbsp;&nbsp;&nbsp;&nbsp; 6.&nbsp;&nbsp;&nbsp;&nbsp;&nbsp;&nbsp;&nbsp;&nbsp; Huiloapan de Cuauht\u00e9moc &#8211; Lizeth M\u00e9ndez Rosas<\/p>\n\n\n\n<p class=\"wp-block-paragraph\">&nbsp;&nbsp;&nbsp;&nbsp;&nbsp;&nbsp;&nbsp;&nbsp;&nbsp;&nbsp;&nbsp; 7.&nbsp;&nbsp;&nbsp;&nbsp;&nbsp;&nbsp;&nbsp;&nbsp; Ixhuatl\u00e1n del Caf\u00e9 &#8211; Dora Ang\u00e9lica Galicia Contreras<\/p>\n\n\n\n<p class=\"wp-block-paragraph\">&nbsp;&nbsp;&nbsp;&nbsp;&nbsp;&nbsp;&nbsp;&nbsp;&nbsp;&nbsp;&nbsp; 8.&nbsp;&nbsp;&nbsp;&nbsp;&nbsp;&nbsp;&nbsp;&nbsp; Minatitl\u00e1n &#8211; Carmen Medel Palma<\/p>\n\n\n\n<p class=\"wp-block-paragraph\">&nbsp;&nbsp;&nbsp;&nbsp;&nbsp;&nbsp;&nbsp;&nbsp;&nbsp;&nbsp;&nbsp; 9.&nbsp;&nbsp;&nbsp;&nbsp;&nbsp;&nbsp;&nbsp;&nbsp; Mixtla de Altamirano &#8211; Norma Estela Hern\u00e1ndez S\u00e1nchez<\/p>\n\n\n\n<p class=\"wp-block-paragraph\">&nbsp;&nbsp;&nbsp;&nbsp;&nbsp;&nbsp;&nbsp;&nbsp;&nbsp;&nbsp;&nbsp; 10.&nbsp;&nbsp;&nbsp;&nbsp;&nbsp; Otatitl\u00e1n &#8211; Olga Yared Manzanilla Medina<\/p>\n\n\n\n<p class=\"wp-block-paragraph\">&nbsp;&nbsp;&nbsp;&nbsp;&nbsp;&nbsp;&nbsp;&nbsp;&nbsp;&nbsp;&nbsp; 11.&nbsp;&nbsp;&nbsp;&nbsp;&nbsp; Paso del Macho &#8211; Blanca Estela Hern\u00e1ndez Rodr\u00edguez<\/p>\n\n\n\n<p class=\"wp-block-paragraph\">&nbsp;&nbsp;&nbsp;&nbsp;&nbsp;&nbsp;&nbsp;&nbsp;&nbsp;&nbsp;&nbsp; 12.&nbsp;&nbsp;&nbsp;&nbsp; &nbsp;Pueblo Viejo &#8211; Valeria Nieto Reynoso<\/p>\n\n\n\n<p class=\"wp-block-paragraph\">&nbsp;&nbsp;&nbsp;&nbsp;&nbsp;&nbsp;&nbsp;&nbsp;&nbsp;&nbsp;&nbsp; 13.&nbsp;&nbsp;&nbsp;&nbsp;&nbsp; San Andr\u00e9s Tuxtla &#8211; Mar\u00eda Elena Solana Calzada<\/p>\n\n\n\n<p class=\"wp-block-paragraph\">&nbsp;&nbsp;&nbsp;&nbsp;&nbsp;&nbsp;&nbsp;&nbsp;&nbsp;&nbsp;&nbsp; 14.&nbsp;&nbsp;&nbsp;&nbsp;&nbsp; Sochiapa &#8211; Elizabeth Reyes Morales<\/p>\n\n\n\n<p class=\"wp-block-paragraph\">&nbsp;&nbsp;&nbsp;&nbsp;&nbsp;&nbsp;&nbsp;&nbsp;&nbsp;&nbsp;&nbsp; 15.&nbsp;&nbsp;&nbsp;&nbsp;&nbsp; Soledad de Doblado &#8211; Arantza Lizbeth Zamitiz Sosa<\/p>\n\n\n\n<p class=\"wp-block-paragraph\">&nbsp;&nbsp;&nbsp;&nbsp;&nbsp;&nbsp;&nbsp;&nbsp;&nbsp;&nbsp;&nbsp; 16.&nbsp;&nbsp;&nbsp;&nbsp;&nbsp; Tantima &#8211; Rosal\u00eda Mu\u00f1oz Mendo<\/p>\n\n\n\n<p class=\"wp-block-paragraph\">&nbsp;&nbsp;&nbsp;&nbsp;&nbsp;&nbsp;&nbsp;&nbsp;&nbsp;&nbsp;&nbsp; 17.&nbsp;&nbsp;&nbsp;&nbsp;&nbsp; Tecolutla &#8211; Gabriela Valdez Sant\u00e9s<\/p>\n\n\n\n<p class=\"wp-block-paragraph\">&nbsp;&nbsp;&nbsp;&nbsp;&nbsp;&nbsp;&nbsp;&nbsp;&nbsp;&nbsp;&nbsp; 18.&nbsp;&nbsp;&nbsp;&nbsp;&nbsp; Texhuacan &#8211; Mar\u00eda Regina Calixto Tello<\/p>\n\n\n\n<p class=\"wp-block-paragraph\">&nbsp;&nbsp;&nbsp;&nbsp;&nbsp;&nbsp;&nbsp;&nbsp;&nbsp;&nbsp;&nbsp; 19.&nbsp;&nbsp;&nbsp;&nbsp;&nbsp; Tlachichilco &#8211; Nancy Rueda Hern\u00e1ndez<\/p>\n\n\n\n<p class=\"wp-block-paragraph\">&nbsp;&nbsp;&nbsp;&nbsp;&nbsp;&nbsp;&nbsp;&nbsp;&nbsp;&nbsp;&nbsp; 20.&nbsp;&nbsp;&nbsp;&nbsp;&nbsp; Totutla &#8211; Nora Mar\u00eda Acosta Gamboa<\/p>\n\n\n\n<p class=\"wp-block-paragraph\">&nbsp;&nbsp;&nbsp;&nbsp;&nbsp;&nbsp;&nbsp;&nbsp;&nbsp;&nbsp;&nbsp; 21.&nbsp;&nbsp;&nbsp;&nbsp;&nbsp; Tuxtilla &#8211; Leidy del Carmen Vergara Andrade<\/p>\n\n\n\n<p class=\"wp-block-paragraph\">&nbsp;&nbsp;&nbsp;&nbsp;&nbsp;&nbsp;&nbsp;&nbsp;&nbsp;&nbsp;&nbsp; 22.&nbsp;&nbsp;&nbsp;&nbsp;&nbsp; Nanchital &#8211; Esmeralda Mora Zamudio<\/p>\n\n\n\n<p class=\"wp-block-paragraph\">&nbsp;&nbsp;&nbsp;&nbsp;&nbsp;&nbsp;&nbsp;&nbsp;&nbsp;&nbsp;&nbsp; 23.&nbsp;&nbsp;&nbsp;&nbsp;&nbsp; Santiago Sochiapa &#8211; Mar\u00eda Isela L\u00f3pez \u00c1lvarez<\/p>\n\n\n\n<p class=\"wp-block-paragraph\">&nbsp;&nbsp;&nbsp;&nbsp;&nbsp;&nbsp;&nbsp;&nbsp;&nbsp;&nbsp;&nbsp; 24.&nbsp;&nbsp;&nbsp;&nbsp;&nbsp; \u00c1lamo Temapache- Blanca Lilia Arrieta Pardo<\/p>\n\n\n\n<p class=\"wp-block-paragraph\">PAN-PRI-PRD<\/p>\n\n\n\n<p class=\"wp-block-paragraph\">&nbsp;&nbsp;&nbsp;&nbsp;&nbsp;&nbsp;&nbsp;&nbsp;&nbsp;&nbsp;&nbsp; 1.&nbsp;&nbsp;&nbsp;&nbsp;&nbsp;&nbsp;&nbsp;&nbsp; Acayucan &#8211; Rosalba Rodr\u00edguez Rodr\u00edguez<\/p>\n\n\n\n<p class=\"wp-block-paragraph\">&nbsp;&nbsp;&nbsp;&nbsp;&nbsp;&nbsp;&nbsp;&nbsp;&nbsp;&nbsp;&nbsp; 2.&nbsp;&nbsp;&nbsp;&nbsp;&nbsp;&nbsp;&nbsp;&nbsp; Calcahualco &#8211; Guadalupe Rosas Carrillo<\/p>\n\n\n\n<p class=\"wp-block-paragraph\">&nbsp;&nbsp;&nbsp;&nbsp;&nbsp;&nbsp;&nbsp;&nbsp;&nbsp;&nbsp;&nbsp; 3.&nbsp;&nbsp;&nbsp;&nbsp;&nbsp;&nbsp;&nbsp;&nbsp; Naranjal &#8211; Aleida Tepepa M\u00e1rquez<\/p>\n\n\n\n<p class=\"wp-block-paragraph\">&nbsp;&nbsp;&nbsp;&nbsp;&nbsp;&nbsp;&nbsp;&nbsp;&nbsp;&nbsp;&nbsp; 4.&nbsp;&nbsp;&nbsp;&nbsp;&nbsp;&nbsp;&nbsp;&nbsp; Tatatila &#8211; Mar\u00eda Luisa Salazar Mar\u00edn<\/p>\n\n\n\n<p class=\"wp-block-paragraph\">&nbsp;&nbsp;&nbsp;&nbsp;&nbsp;&nbsp;&nbsp;&nbsp;&nbsp;&nbsp;&nbsp; 5.&nbsp;&nbsp;&nbsp;&nbsp;&nbsp;&nbsp;&nbsp;&nbsp; Mariano Escobedo &#8211; Mar\u00eda Guadalupe Dur\u00e1n Alc\u00e1ntara<\/p>\n\n\n\n<p class=\"wp-block-paragraph\">&nbsp;&nbsp;&nbsp;&nbsp;&nbsp;&nbsp;&nbsp;&nbsp;&nbsp;&nbsp;&nbsp; 6.&nbsp;&nbsp;&nbsp;&nbsp;&nbsp;&nbsp;&nbsp;&nbsp; Santiago Tuxtla- Brianda Kristel Her\u00e1ndez Topete<\/p>\n\n\n\n<p class=\"wp-block-paragraph\">&nbsp;&nbsp;&nbsp;&nbsp;&nbsp;&nbsp;&nbsp;&nbsp;&nbsp;&nbsp;&nbsp; 7.&nbsp;&nbsp;&nbsp;&nbsp;&nbsp;&nbsp;&nbsp;&nbsp; Veracruz Puerto- Patricia Lobeira Rodr\u00edguez<\/p>\n\n\n\n<p class=\"wp-block-paragraph\">MORENA<\/p>\n\n\n\n<p class=\"wp-block-paragraph\">&nbsp;&nbsp;&nbsp;&nbsp;&nbsp;&nbsp;&nbsp;&nbsp;&nbsp;&nbsp;&nbsp; 1.&nbsp;&nbsp;&nbsp;&nbsp;&nbsp;&nbsp;&nbsp;&nbsp; Actopan &#8211; Mar\u00eda Esther L\u00f3pez Callejas<\/p>\n\n\n\n<p class=\"wp-block-paragraph\">&nbsp;&nbsp;&nbsp;&nbsp;&nbsp;&nbsp;&nbsp;&nbsp;&nbsp;&nbsp;&nbsp; 2.&nbsp;&nbsp;&nbsp;&nbsp;&nbsp;&nbsp;&nbsp;&nbsp; Omealca &#8211; Nallely Cort\u00e9s Jim\u00e9nez<\/p>\n\n\n\n<p class=\"wp-block-paragraph\">&nbsp;&nbsp;&nbsp;&nbsp;&nbsp;&nbsp;&nbsp;&nbsp;&nbsp;&nbsp;&nbsp; 3.&nbsp;&nbsp;&nbsp;&nbsp;&nbsp;&nbsp;&nbsp;&nbsp; Sayula de Alem\u00e1n &#8211; Lorena S\u00e1nchez Vargas<\/p>\n\n\n\n<p class=\"wp-block-paragraph\">&nbsp;&nbsp;&nbsp;&nbsp;&nbsp;&nbsp;&nbsp;&nbsp;&nbsp;&nbsp;&nbsp; 4.&nbsp;&nbsp;&nbsp;&nbsp;&nbsp;&nbsp;&nbsp;&nbsp; Tamiahua &#8211; Linda Guadalupe Rodr\u00edguez Torres<\/p>\n\n\n\n<p class=\"wp-block-paragraph\">&nbsp;&nbsp;&nbsp;&nbsp;&nbsp;&nbsp;&nbsp;&nbsp;&nbsp;&nbsp;&nbsp; 5.&nbsp;&nbsp;&nbsp;&nbsp;&nbsp;&nbsp;&nbsp;&nbsp; Tampico Alto &#8211; Vanessa L\u00f3pez Rangel<\/p>\n\n\n\n<p class=\"wp-block-paragraph\">&nbsp;&nbsp;&nbsp;&nbsp;&nbsp;&nbsp;&nbsp;&nbsp;&nbsp;&nbsp;&nbsp; 6.&nbsp;&nbsp;&nbsp;&nbsp;&nbsp;&nbsp;&nbsp;&nbsp; Texcatepec &#8211; Amalia S\u00e1nchez Alonso<\/p>\n\n\n\n<p class=\"wp-block-paragraph\">&nbsp;&nbsp;&nbsp;&nbsp;&nbsp;&nbsp;&nbsp;&nbsp;&nbsp;&nbsp;&nbsp; 7.&nbsp;&nbsp;&nbsp;&nbsp;&nbsp;&nbsp;&nbsp;&nbsp; Tlalnelhuayocan &#8211; Fanny Alejandra Mu\u00f1oz Alfonso<\/p>\n\n\n\n<p class=\"wp-block-paragraph\">&nbsp;&nbsp;&nbsp;&nbsp;&nbsp;&nbsp;&nbsp;&nbsp;&nbsp;&nbsp;&nbsp; 8.&nbsp;&nbsp;&nbsp;&nbsp;&nbsp;&nbsp;&nbsp;&nbsp; Tres Valles &#8211; Zulema del Carmen Aguilar Garc\u00eda<\/p>\n\n\n\n<p class=\"wp-block-paragraph\">&nbsp;&nbsp;&nbsp;&nbsp;&nbsp;&nbsp;&nbsp;&nbsp;&nbsp;&nbsp;&nbsp; 9.&nbsp;&nbsp;&nbsp;&nbsp;&nbsp;&nbsp;&nbsp;&nbsp; Manlio Fabio Altamirano &#8211; Ana Lilia Arrieta Guti\u00e9rrez<\/p>\n\n\n\n<p class=\"wp-block-paragraph\">PVEM<\/p>\n\n\n\n<p class=\"wp-block-paragraph\">&nbsp;&nbsp;&nbsp;&nbsp;&nbsp;&nbsp;&nbsp;&nbsp;&nbsp;&nbsp;&nbsp; 1.&nbsp;&nbsp;&nbsp;&nbsp;&nbsp;&nbsp;&nbsp;&nbsp; Tezonapa &#8211; Claudia Rosales Colina<\/p>\n\n\n\n<p class=\"wp-block-paragraph\">&nbsp;&nbsp;&nbsp;&nbsp;&nbsp;&nbsp;&nbsp;&nbsp;&nbsp;&nbsp;&nbsp; 2.&nbsp;&nbsp;&nbsp;&nbsp;&nbsp;&nbsp;&nbsp;&nbsp; Vega de Alatorre &#8211; Milen Cuevas Dom\u00ednguez<\/p>\n\n\n\n<p class=\"wp-block-paragraph\">PAN<\/p>\n\n\n\n<p class=\"wp-block-paragraph\">&nbsp;&nbsp;&nbsp;&nbsp;&nbsp;&nbsp;&nbsp;&nbsp;&nbsp;&nbsp;&nbsp; 1.&nbsp;&nbsp;&nbsp;&nbsp;&nbsp;&nbsp;&nbsp;&nbsp; La Perla &#8211; Ruth Garc\u00eda Meza<\/p>\n\n\n\n<p class=\"wp-block-paragraph\">&nbsp;&nbsp;&nbsp;&nbsp;&nbsp;&nbsp;&nbsp;&nbsp;&nbsp;&nbsp;&nbsp; 2.&nbsp;&nbsp;&nbsp;&nbsp;&nbsp;&nbsp;&nbsp;&nbsp; Xoxocotla &#8211; Celsa Rosales Carvajal<\/p>\n\n\n\n<p class=\"wp-block-paragraph\">&nbsp;&nbsp;&nbsp;&nbsp;&nbsp;&nbsp;&nbsp;&nbsp;&nbsp;&nbsp;&nbsp; 3.&nbsp;&nbsp;&nbsp;&nbsp;&nbsp;&nbsp;&nbsp;&nbsp; Tlalixcoyan- Elvia Illescas Loyo<\/p>\n\n\n\n<p class=\"wp-block-paragraph\">PRI<\/p>\n\n\n\n<p class=\"wp-block-paragraph\">&nbsp;&nbsp;&nbsp;&nbsp;&nbsp;&nbsp;&nbsp;&nbsp;&nbsp;&nbsp;&nbsp; 1.&nbsp;&nbsp; Tamal\u00edn- Erika Burgos Cenobio<\/p>\n\n\n\n<p class=\"wp-block-paragraph\">PRD<\/p>\n\n\n\n<p class=\"wp-block-paragraph\">&nbsp;&nbsp;&nbsp;&nbsp;&nbsp;&nbsp;&nbsp;&nbsp;&nbsp;&nbsp;&nbsp; 1. Colipa &#8211; Gabriela Alejandra Ortega Molina<\/p>\n\n\n\n<p class=\"wp-block-paragraph\">Fuerza por M\u00e9xico<\/p>\n\n\n\n<p class=\"wp-block-paragraph\">&nbsp;&nbsp;&nbsp;&nbsp;&nbsp;&nbsp;&nbsp;&nbsp;&nbsp;&nbsp;&nbsp; 1.&nbsp; Tenampa &#8211; Gloria S\u00e1nchez Reyes<\/p>\n","protected":false},"excerpt":{"rendered":"<p>La reforma constitucional de 2019 para que haya paridad en todos los cargos de toma de decisiones p\u00fablicas, parece no haber tenido el impacto deseado<\/p>\n","protected":false},"author":3,"featured_media":27038,"comment_status":"open","ping_status":"open","sticky":false,"template":"","format":"standard","meta":{"_monsterinsights_skip_tracking":false,"footnotes":""},"categories":[692,141],"tags":[],"class_list":["post-37260","post","type-post","status-publish","format-standard","has-post-thumbnail","category-692","category-elecciones-2020-2021"],"_links":{"self":[{"href":"https:\/\/redsemlac.com\/semmexico\/wp-json\/wp\/v2\/posts\/37260","targetHints":{"allow":["GET"]}}],"collection":[{"href":"https:\/\/redsemlac.com\/semmexico\/wp-json\/wp\/v2\/posts"}],"about":[{"href":"https:\/\/redsemlac.com\/semmexico\/wp-json\/wp\/v2\/types\/post"}],"author":[{"embeddable":true,"href":"https:\/\/redsemlac.com\/semmexico\/wp-json\/wp\/v2\/users\/3"}],"replies":[{"embeddable":true,"href":"https:\/\/redsemlac.com\/semmexico\/wp-json\/wp\/v2\/comments?post=37260"}],"version-history":[{"count":0,"href":"https:\/\/redsemlac.com\/semmexico\/wp-json\/wp\/v2\/posts\/37260\/revisions"}],"wp:featuredmedia":[{"embeddable":true,"href":"https:\/\/redsemlac.com\/semmexico\/wp-json\/wp\/v2\/media\/27038"}],"wp:attachment":[{"href":"https:\/\/redsemlac.com\/semmexico\/wp-json\/wp\/v2\/media?parent=37260"}],"wp:term":[{"taxonomy":"category","embeddable":true,"href":"https:\/\/redsemlac.com\/semmexico\/wp-json\/wp\/v2\/categories?post=37260"},{"taxonomy":"post_tag","embeddable":true,"href":"https:\/\/redsemlac.com\/semmexico\/wp-json\/wp\/v2\/tags?post=37260"}],"curies":[{"name":"wp","href":"https:\/\/api.w.org\/{rel}","templated":true}]}}