{"id":37254,"date":"2021-06-22T16:09:27","date_gmt":"2021-06-22T22:09:27","guid":{"rendered":"https:\/\/redsemlac.com\/semmexico\/?p=37254"},"modified":"2023-07-21T17:03:13","modified_gmt":"2023-07-21T22:03:13","slug":"eligen-a-titular-de-la-comision-de-busqueda-de-personas-desaparecidas-en-oaxaca","status":"publish","type":"post","link":"https:\/\/redsemlac.com\/semmexico\/eligen-a-titular-de-la-comision-de-busqueda-de-personas-desaparecidas-en-oaxaca\/","title":{"rendered":"Eligen a titular de la Comisi\u00f3n de B\u00fasqueda de Personas Desaparecidas en Oaxaca"},"content":{"rendered":"\n<ul class=\"wp-block-list\"><li><strong>Edilberta Cruz Regino ha colaborado en la Fiscal\u00eda de Morelos<\/strong><\/li><\/ul>\n\n\n\n<ul class=\"wp-block-list\"><li><strong>Hoy tom\u00f3 protesta ante diputaci\u00f3n local<\/strong><\/li><\/ul>\n\n\n\n<p class=\"wp-block-paragraph\"><strong>Soledad Jarqu\u00edn Edgar<\/strong><\/p>\n\n\n\n<p class=\"wp-block-paragraph\">SemM\u00e9xico, Oaxaca, 22 de junio, 2021.- &nbsp;Con 36 votos a favor fue electa Edilberta Cruz Regino, maestra en Criminolog\u00eda, \u201cla \u00fanica que obtuvo votos\u201d, se\u00f1al\u00f3 en la sesi\u00f3n la diputada Escarlet Guerra, a quien en su calidad de secretaria de la mesa directiva le toc\u00f3 contar los votos, por lo que de manera inmediata se le declar\u00f3 como titular de la Comisi\u00f3n estatal de B\u00fasqueda de Personas Desaparecidas del estado de Oaxaca.<\/p>\n\n\n\n<p class=\"wp-block-paragraph\">Es m\u00e9dica cirujana dentista y realiz\u00f3 una maestr\u00eda en Criminal\u00edstica, ha laborado como perito forense en la Fiscal\u00eda General del Estado de Morelos.<\/p>\n\n\n\n<p class=\"wp-block-paragraph\">Despu\u00e9s de leer el decreto, Edilberta Cruz Regino rindi\u00f3 la protesta de ley.<\/p>\n\n\n\n<figure class=\"wp-block-image size-large\"><a href=\"https:\/\/redsemlac.com\/semmexico\/wp-content\/uploads\/2021\/06\/Captura-de-pantalla-2021-06-22-a-las-14.47.50.png\"><img loading=\"lazy\" decoding=\"async\" width=\"790\" height=\"651\" src=\"https:\/\/redsemlac.com\/semmexico\/wp-content\/uploads\/2021\/06\/Captura-de-pantalla-2021-06-22-a-las-14.47.50.png\" alt=\"\" class=\"wp-image-37255\"\/><\/a><\/figure>\n\n\n\n<p class=\"wp-block-paragraph\">En Oaxaca de acuerdo con la organizaci\u00f3n civil Consorcio para el Di\u00e1logo Parlamentario y la Equidad Oaxaca, en Oaxaca durante la actual administraci\u00f3n gubernamental que encabeza Alejandro Murat han ocurrido 800 casos de desapariciones de mujeres.<\/p>\n\n\n\n<p class=\"wp-block-paragraph\">De acuerdo con datos hemerogr\u00e1ficos recuperados en la Plataforma, del 21 de marzo de 2020 al 21 de marzo de 2021, 401 mujeres hab\u00edan desaparecido lo que refleja un incremento del 64 por ciento -en comparaci\u00f3n con 244 casos que se registraron en el mismo periodo del a\u00f1o anterior, es decir del 21 de marzo de 2019 al 21 de marzo de 2020-.<\/p>\n\n\n\n<p class=\"wp-block-paragraph\">SEM\/sj<\/p>\n","protected":false},"excerpt":{"rendered":"<p>Con 36 votos a favor fue electa Edilberta Cruz Regino, maestra en Criminolog\u00eda, \u201cla \u00fanica que obtuvo votos\u201d, se\u00f1al\u00f3 en la sesi\u00f3n la diputada Escarlet Guerra<\/p>\n","protected":false},"author":3,"featured_media":37256,"comment_status":"open","ping_status":"open","sticky":false,"template":"","format":"standard","meta":{"_monsterinsights_skip_tracking":false,"footnotes":""},"categories":[692,50],"tags":[],"class_list":["post-37254","post","type-post","status-publish","format-standard","has-post-thumbnail","category-692","category-congreso"],"_links":{"self":[{"href":"https:\/\/redsemlac.com\/semmexico\/wp-json\/wp\/v2\/posts\/37254","targetHints":{"allow":["GET"]}}],"collection":[{"href":"https:\/\/redsemlac.com\/semmexico\/wp-json\/wp\/v2\/posts"}],"about":[{"href":"https:\/\/redsemlac.com\/semmexico\/wp-json\/wp\/v2\/types\/post"}],"author":[{"embeddable":true,"href":"https:\/\/redsemlac.com\/semmexico\/wp-json\/wp\/v2\/users\/3"}],"replies":[{"embeddable":true,"href":"https:\/\/redsemlac.com\/semmexico\/wp-json\/wp\/v2\/comments?post=37254"}],"version-history":[{"count":0,"href":"https:\/\/redsemlac.com\/semmexico\/wp-json\/wp\/v2\/posts\/37254\/revisions"}],"wp:featuredmedia":[{"embeddable":true,"href":"https:\/\/redsemlac.com\/semmexico\/wp-json\/wp\/v2\/media\/37256"}],"wp:attachment":[{"href":"https:\/\/redsemlac.com\/semmexico\/wp-json\/wp\/v2\/media?parent=37254"}],"wp:term":[{"taxonomy":"category","embeddable":true,"href":"https:\/\/redsemlac.com\/semmexico\/wp-json\/wp\/v2\/categories?post=37254"},{"taxonomy":"post_tag","embeddable":true,"href":"https:\/\/redsemlac.com\/semmexico\/wp-json\/wp\/v2\/tags?post=37254"}],"curies":[{"name":"wp","href":"https:\/\/api.w.org\/{rel}","templated":true}]}}