{"id":37248,"date":"2021-06-22T13:12:00","date_gmt":"2021-06-22T19:12:00","guid":{"rendered":"https:\/\/redsemlac.com\/semmexico\/?p=37248"},"modified":"2023-07-21T17:03:13","modified_gmt":"2023-07-21T22:03:13","slug":"romper-las-burbujas-informativas","status":"publish","type":"post","link":"https:\/\/redsemlac.com\/semmexico\/romper-las-burbujas-informativas\/","title":{"rendered":"Romper las burbujas informativas"},"content":{"rendered":"\n<h2 class=\"wp-block-heading\"><strong>Textura Violeta<\/strong><\/h2>\n\n\n\n<p class=\"wp-block-paragraph\"><strong>Drina Ergueta<\/strong><\/p>\n\n\n\n<p class=\"wp-block-paragraph\">SemM\u00e9xico. La Paz-Bolivia. 22 de junio de 2021.-Las personas tienden a juntarse con afines y parecer\u00eda que eso nos da sentido de pertenencia y seguridad, de orden, de que tenemos la raz\u00f3n y estamos adem\u00e1s m\u00e1s a gusto, eso pasa en el plano personal como tambi\u00e9n en el social. Las personas conforman grupos m\u00e1s grandes alrededor de pensamientos comunes, los cuales son casual o intencionadamente representados por medios de comunicaci\u00f3n. Se forman las burbujas informativas donde los medios dan a su p\u00fablico todo eso hacia lo que este est\u00e1 predispuesto a o\u00edr, leer y ver.<\/p>\n\n\n\n<p class=\"wp-block-paragraph\">Es posible, por ejemplo, que en La Paz, Bolivia, haya gente que lea un diario, como P\u00e1gina Siete, y no le interese leer La Raz\u00f3n, ya que no hallar\u00e1 lo que busca; de igual forma puede pasar en sentido contrario. En lo cotidiano tambi\u00e9n ocurre que cada quien tiene sus \u00e1reas de inter\u00e9s y en las redes sociales busca y recibe informaci\u00f3n sobre l\u00edneas ideol\u00f3gicas y pol\u00edticas, pasa tambi\u00e9n con el feminismo, cre\u00e1ndose burbujas informativas en estos espacios.<\/p>\n\n\n\n<p class=\"wp-block-paragraph\">Todo tiene cierta normalidad hasta que se producen hechos que son conflictivos o pol\u00e9micos, entonces se producen diferencias de opiniones y posiciones encontradas. En las redes sociales se crean verdaderas campa\u00f1as de odio que exacerban los \u00e1nimos y esto, de alguna manera, tambi\u00e9n se observa en los medios de comunicaci\u00f3n.<\/p>\n\n\n\n<p class=\"wp-block-paragraph\">Bolivia lleva a\u00f1os de enfrentamiento medi\u00e1tico en el \u00e1mbito pol\u00edtico a tal punto que se han llegado a catalogar a los medios como oficialistas u opositores en funci\u00f3n de la l\u00ednea y tono habitual en el que informan, lo que ha hecho un gran da\u00f1o a la profesi\u00f3n y al prestigio de la prensa que en los a\u00f1os 90 del siglo anterior ocupaba el segundo puesto como la instituci\u00f3n mejor valorada de la sociedad.<\/p>\n\n\n\n<p class=\"wp-block-paragraph\">El periodista y acad\u00e9mico Erick Torrico escribi\u00f3 en 2006 sobre la polarizaci\u00f3n de los medios y confirm\u00f3 en 2008 que eso hab\u00eda provocado un desprestigio en la profesi\u00f3n; Ra\u00fal Pe\u00f1aranda escribi\u00f3 m\u00e1s adelante sobre el control de los medios que hac\u00eda el gobierno y, en 2014, el periodista Fernando Molina se\u00f1ala que de la polarizaci\u00f3n se pas\u00f3 a una hegemon\u00eda medi\u00e1tica gubernamental y en 2020, junto a Susana Bejarano, escriben sobre la alineaci\u00f3n de los medios a los nuevos actores pol\u00edticos en el poder. Tambi\u00e9n, desde el gobierno de Evo Morales se difundi\u00f3 que se hab\u00eda conformado un \u201cc\u00e1rtel de la mentira\u201d entre varios medios y periodistas opositores.<\/p>\n\n\n\n<p class=\"wp-block-paragraph\">Es evidente que los medios se posicionan frente a alguna realidad, a veces de manera m\u00e1s notoria que otra, y que es posible que quienes ejercen el periodismo tambi\u00e9n. Es distinto hacerlo desde una columna de opini\u00f3n, donde hasta cierto punto est\u00e1 permitido hacer m\u00e1s cr\u00edtica respecto a seg\u00fan qu\u00e9 pol\u00edticas o hechos, y otra desde los otros g\u00e9neros period\u00edsticos en los que se espera cierta imparcialidad.<\/p>\n\n\n\n<p class=\"wp-block-paragraph\">La realidad es una, pero se la mira desde distintos \u00e1ngulos y posturas, por lo que es posible ver distintos elementos y con mayor o menor profundidad. Los medios pueden tomar una declaraci\u00f3n de un ministro, por ejemplo, y seg\u00fan las palabras que elijan dar a entender una cosa u otra. Tambi\u00e9n pueden colocar la noticia en la portada o en s\u00f3lo una p\u00e1gina interior. En el caso de las violencias machistas, por ejemplo, tambi\u00e9n pueden ser invisibles porque los medios no hablan de ellas y si lo hacen no las colocan en lugares relevantes. En fin.<\/p>\n\n\n\n<p class=\"wp-block-paragraph\">Bolivia lleva a\u00f1os en una polarizaci\u00f3n pol\u00edtica y social muy marcada que se refleja en los medios de comunicaci\u00f3n, se refleja no en las noticias contrastadas sino en que los medios mismos se han polarizado y en que se han conformado burbujas informativas, que son grupos sociales distintos que reciben informaci\u00f3n totalmente distinta uno del otro.<\/p>\n\n\n\n<p class=\"wp-block-paragraph\">Si bien es normal, hasta cierto punto, que los medios respondan a los intereses de su p\u00fablico y de sus propietarios, es preocupante que contribuyan a que la polarizaci\u00f3n llegue a extremos peligrosos. En una polarizaci\u00f3n hay dos partes y los medios, la gente que hace periodismo, deber\u00eda hacer posible que exista una permeabilidad de posturas en sus espacios.<\/p>\n\n\n\n<p class=\"wp-block-paragraph\">S\u00f3lo conociendo la posici\u00f3n del otro, sus razones y argumentos, es posible llegar a aproximar posturas a encontrar elementos comunes sobre los cuales seguir adelante, m\u00e1s a\u00fan en una situaci\u00f3n de pandemia como la actual.<\/p>\n","protected":false},"excerpt":{"rendered":"<p>Las personas tienden a juntarse con afines y parecer\u00eda que eso nos da sentido de pertenencia y seguridad, de orden, de que tenemos la raz\u00f3n y estamos adem\u00e1s m\u00e1s a gust<\/p>\n","protected":false},"author":3,"featured_media":8467,"comment_status":"open","ping_status":"open","sticky":false,"template":"","format":"standard","meta":{"_monsterinsights_skip_tracking":false,"footnotes":""},"categories":[692,77,35,102],"tags":[],"class_list":["post-37248","post","type-post","status-publish","format-standard","has-post-thumbnail","category-692","category-drina-ergueta","category-opinion","category-textura-violeta"],"_links":{"self":[{"href":"https:\/\/redsemlac.com\/semmexico\/wp-json\/wp\/v2\/posts\/37248","targetHints":{"allow":["GET"]}}],"collection":[{"href":"https:\/\/redsemlac.com\/semmexico\/wp-json\/wp\/v2\/posts"}],"about":[{"href":"https:\/\/redsemlac.com\/semmexico\/wp-json\/wp\/v2\/types\/post"}],"author":[{"embeddable":true,"href":"https:\/\/redsemlac.com\/semmexico\/wp-json\/wp\/v2\/users\/3"}],"replies":[{"embeddable":true,"href":"https:\/\/redsemlac.com\/semmexico\/wp-json\/wp\/v2\/comments?post=37248"}],"version-history":[{"count":0,"href":"https:\/\/redsemlac.com\/semmexico\/wp-json\/wp\/v2\/posts\/37248\/revisions"}],"wp:featuredmedia":[{"embeddable":true,"href":"https:\/\/redsemlac.com\/semmexico\/wp-json\/wp\/v2\/media\/8467"}],"wp:attachment":[{"href":"https:\/\/redsemlac.com\/semmexico\/wp-json\/wp\/v2\/media?parent=37248"}],"wp:term":[{"taxonomy":"category","embeddable":true,"href":"https:\/\/redsemlac.com\/semmexico\/wp-json\/wp\/v2\/categories?post=37248"},{"taxonomy":"post_tag","embeddable":true,"href":"https:\/\/redsemlac.com\/semmexico\/wp-json\/wp\/v2\/tags?post=37248"}],"curies":[{"name":"wp","href":"https:\/\/api.w.org\/{rel}","templated":true}]}}