{"id":37243,"date":"2021-06-22T12:51:00","date_gmt":"2021-06-22T18:51:00","guid":{"rendered":"https:\/\/redsemlac.com\/semmexico\/?p=37243"},"modified":"2023-07-21T17:03:13","modified_gmt":"2023-07-21T22:03:13","slug":"reclama-cepal-transparencia-en-el-impacto-de-medidas-gubernamentales-para-las-mujeres-en-tiempos-de-covid","status":"publish","type":"post","link":"https:\/\/redsemlac.com\/semmexico\/reclama-cepal-transparencia-en-el-impacto-de-medidas-gubernamentales-para-las-mujeres-en-tiempos-de-covid\/","title":{"rendered":"Reclama CEPAL transparencia en el impacto de medidas gubernamentales para las mujeres en tiempos de Covid"},"content":{"rendered":"\n<ul class=\"wp-block-list\"><li><strong>Retroceso de 18 a\u00f1os en la inserci\u00f3n laboral de las mujeres y 3 millones de empresas cerradas: Alicia B\u00e1rcena Ibarra<\/strong><\/li><li><strong>Reuni\u00f3n de la Alianza Global de Cuidados, para empujar iniciativa mexicana sin resolver en el Senado<\/strong><\/li><\/ul>\n\n\n\n<p class=\"wp-block-paragraph\"><strong>Elda Montiel<\/strong><\/p>\n\n\n\n<p class=\"wp-block-paragraph\">SemM\u00e9xico, Cd. de M\u00e9xico 22 de junio 2021.- Durante la pandemia hay un retroceso de 18 a\u00f1os en la participaci\u00f3n laboral&nbsp; de las mujeres en Am\u00e9rica Latina, afirm\u00f3 Alicia B\u00e1rcena Ibarra, al se\u00f1alar que &nbsp;\u201cHa habido una contundente salida de las mujeres del mercado laboral\u201d, y no hay informaci\u00f3n sobre las medidas gubernamentales y su impacto.<\/p>\n\n\n\n<p class=\"wp-block-paragraph\">Por ello &nbsp;plante\u00f3 que \u201cTenemos que seguir rompiendo el silencio estad\u00edstico para que la crisis del COVID-19 no siga profundizando los nudos estructurales de la desigualdad de g\u00e9nero\u201d, porque no se sabe que programas hicieron los pa\u00edses, c\u00f3mo impactaron a las mujeres. La Secretaria Ejecutiva de la Comisi\u00f3n Econ\u00f3mica para Am\u00e9rica Latina y el Caribe (CEPAL), dej\u00f3 en claro que lo que s\u00ed se sabe es que cerraron 3 millones de empresas.<\/p>\n\n\n\n<p class=\"wp-block-paragraph\">As\u00ed habl\u00f3 durante&nbsp; el encuentro virtual denominado Alianza Global por los Cuidados: Explorando y compartiendo compromisos y buenas experiencias, organizado por Instituto Nacional de las Mujeres (Inmujeres) de M\u00e9xico y ONU Mujeres, habida cuenta de que una reforma constitucional para crear el Sistema Nacional de Cuidados, est\u00e1 en los pendientes del Senado de la Rep\u00fablica, sin aprobarse.<\/p>\n\n\n\n<p class=\"wp-block-paragraph\">En la reuni\u00f3n estuvieron entre otras Phumzile Mlambo-Ngcuka, Directora Ejecutiva de ONU Mujeres,&nbsp; Nadine Gasman, Presidenta de Inmujeres,&nbsp; Antonia Morillas Gonz\u00e1lez, Directora General del Instituto de las Mujeres de Espa\u00f1a, otras funcionarias internacionales y representantes de los mecanismos para el adelanto de las mujeres, del sector empresarial y de la sociedad civil de la regi\u00f3n.<\/p>\n\n\n\n<p class=\"wp-block-paragraph\">La mexicana, B\u00e1rcena Ibarra alert\u00f3 que no se conoce el impacto de las medidas que est\u00e1n tomando hoy los pa\u00edses de la regi\u00f3n, no se sabe cu\u00e1ntas han beneficiado o afectado realmente a las mujeres, pero s\u00ed se sabe que se han cerrado 3 millones de empresas, y que se ha intensificado la sobrecarga de trabajo no remunerado y de cuidados sobre las mujeres, que ya dedicaban tres veces m\u00e1s tiempo que los hombres al trabajo dom\u00e9stico y de cuidados.<\/p>\n\n\n\n<p class=\"wp-block-paragraph\">\u201cHa habido una contundente salida de las mujeres del mercado laboral, tenemos un retroceso de 18 a\u00f1os en la inserci\u00f3n laboral de las mujeres\u201d acot\u00f3.<\/p>\n\n\n\n<p class=\"wp-block-paragraph\">Anunci\u00f3 que CEPAL estar\u00e1 contribuyendo a visibilizar el uso del tiempo, a contar lo que nadie contaba, a fortalecer e influir evidencias y datos de las pol\u00edticas p\u00fablicas al proponer en noviembre pr\u00f3ximo, en la Conferencia Estad\u00edstica de las Am\u00e9ricas, una gu\u00eda est\u00e1ndar sobre mediciones del uso del tiempo construida sobre los aprendizajes de los pa\u00edses de la Regi\u00f3n.<\/p>\n\n\n\n<p class=\"wp-block-paragraph\">Refiri\u00f3 que \u201cpor m\u00e1s de 18 a\u00f1os hemos construido una comunidad estad\u00edstica. Hoy en d\u00eda 19 pa\u00edses de Am\u00e9rica Latina cuentan con mediciones de uso del tiempo y 10 han valorizado econ\u00f3micamente el trabajo no remunerado de los hogares. En algunos casos hablamos de un volumen monetarizado que equivale a un cuarto del PBI, por ejemplo, en el caso de M\u00e9xico\u201d.<\/p>\n\n\n\n<p class=\"wp-block-paragraph\">Sostuvo que la inclusi\u00f3n de la econom\u00eda del cuidado en los planes de reactivaci\u00f3n y mitigaci\u00f3n ante la crisis del COVID-19 es algo urgente.<\/p>\n\n\n\n<p class=\"wp-block-paragraph\">Sin embargo, enfatiz\u00f3 que la CEPAL no solo propone transitar hacia una econom\u00eda del cuidado, sino hacia una sociedad del cuidado, que reconozca el papel central de las mujeres. Propone un ingreso b\u00e1sico para las mujeres que realizan trabajos no remunerados de cuidados, y&nbsp; reconocer y garantizar derechos como contrato,&nbsp; acceso a la salud y protecci\u00f3n social a las mujeres que est\u00e1n en el trabajo remunerador.&nbsp;&nbsp;&nbsp;<\/p>\n\n\n\n<p class=\"wp-block-paragraph\">\u201cHoy nos reunimos para subrayar la importancia de los cuidados. Urge superar la divisi\u00f3n sexual del trabajo, garantizar el cuidado como un derecho y un bien p\u00fablico, poner en pr\u00e1ctica sistemas integrales de cuidado, con inversiones espec\u00edficas, y que se le reconozca como un sector dinamizador, que genera empleos y contribuye a la econom\u00eda\u201d, sostuvo.<\/p>\n\n\n\n<p class=\"wp-block-paragraph\">Tambi\u00e9n ha habido una contundente salida de las mujeres del mercado de trabajo. \u201cTenemos un retroceso de m\u00e1s de 18 a\u00f1os en la inserci\u00f3n laboral de las mujeres\u201d, advirti\u00f3.<\/p>\n\n\n\n<p class=\"wp-block-paragraph\">\u201cTenemos que mirar las condiciones laborales, la certificaci\u00f3n y el reconocimiento de habilidades de los millones de mujeres que est\u00e1n en esta cadena de cuidados, mirando en particular la situaci\u00f3n de las mujeres migrantes\u201d.<\/p>\n\n\n\n<p class=\"wp-block-paragraph\">El objetivo de la Alianza por los Cuidados es lograr la autonom\u00eda econ\u00f3mica de las mujeres, fomentando la creaci\u00f3n de sistemas integrales de cuidados, promoviendo la transformaci\u00f3n de los roles de g\u00e9nero y acelerando una recuperaci\u00f3n econ\u00f3mica con igualdad tras la pandemia del COVID-19 mediante la implementaci\u00f3n de los compromisos asumidos y las acciones concretas en materia de cuidados.<\/p>\n\n\n\n<p class=\"wp-block-paragraph\">Respecto a soluciones innovadoras, B\u00e1rcena indic\u00f3 que la CEPAL est\u00e1 trabajando en la construcci\u00f3n de mapas georreferenciados y apoyando, por ejemplo, el dise\u00f1o y la implementaci\u00f3n del Sistema Distrital de Cuidados (SiDiCu) de la Alcald\u00eda Mayor de Bogot\u00e1.<\/p>\n\n\n\n<p class=\"wp-block-paragraph\">\u201cEsta pandemia nos mostr\u00f3 la importancia de la infraestructura de la vida. Necesitamos una sociedad que cuide al planeta, a las personas. Y esa sociedad tiene que cambiar su paradigma de desarrollo. Tenemos que alcanzar una distribuci\u00f3n equitativa del poder, de los recursos y del tiempo entre hombres y mujeres. Se trata de un cambio urgente, civilizatorio.<\/p>\n\n\n\n<p class=\"wp-block-paragraph\">El mundo y las mujeres no podemos esperar m\u00e1s. El tiempo es ahora. Reafirmamos el compromiso irrestricto de la CEPAL y nuestro trabajo permanente con la Alianza Global por los Cuidados\u201d.<\/p>\n\n\n\n<p class=\"wp-block-paragraph\">La Alianza Global por los Cuidados es una iniciativa promovida por el Gobierno de M\u00e9xico, a trav\u00e9s de Inmujeres, y ONU Mujeres, en el marco del&nbsp;Foro Generaci\u00f3n Igualdad&nbsp;(que comenz\u00f3 en marzo en M\u00e9xico y que concluir\u00e1 en Par\u00eds, Francia, del 30 de junio al 2 de julio de 2021).<\/p>\n\n\n\n<p class=\"wp-block-paragraph\">El evento cont\u00f3 con palabras inaugurales de Phumzile Mlambo-Ngcuka, Directora Ejecutiva de ONU Mujeres, y Nadine Gasman, Presidenta de Inmujeres.<\/p>\n\n\n\n<p class=\"wp-block-paragraph\">B\u00e1rcena dio inicio a la reuni\u00f3n de alto nivel, en el que intervinieron Antonia Morillas Gonz\u00e1lez, Directora General del Instituto de las Mujeres de Espa\u00f1a; Marcela Guerrero Campos, Ministra de la Condici\u00f3n de la Mujer de Costa Rica; y Mar\u00eda In\u00e9s Castillo, Ministra de Desarrollo Social de Panam\u00e1, entre otras funcionarias internacionales y representantes de los mecanismos para el adelanto de las mujeres, del sector empresarial y de la sociedad civil de la regi\u00f3n.<\/p>\n","protected":false},"excerpt":{"rendered":"<p>Retroceso de 18 a\u00f1os en la inserci\u00f3n laboral de las mujeres y 3 millones de empresas cerradas: Alicia B\u00e1rcena Ibarra<\/p>\n","protected":false},"author":3,"featured_media":37244,"comment_status":"open","ping_status":"open","sticky":false,"template":"","format":"standard","meta":{"_monsterinsights_skip_tracking":false,"footnotes":""},"categories":[692,54],"tags":[],"class_list":["post-37243","post","type-post","status-publish","format-standard","has-post-thumbnail","category-692","category-mujeres"],"_links":{"self":[{"href":"https:\/\/redsemlac.com\/semmexico\/wp-json\/wp\/v2\/posts\/37243","targetHints":{"allow":["GET"]}}],"collection":[{"href":"https:\/\/redsemlac.com\/semmexico\/wp-json\/wp\/v2\/posts"}],"about":[{"href":"https:\/\/redsemlac.com\/semmexico\/wp-json\/wp\/v2\/types\/post"}],"author":[{"embeddable":true,"href":"https:\/\/redsemlac.com\/semmexico\/wp-json\/wp\/v2\/users\/3"}],"replies":[{"embeddable":true,"href":"https:\/\/redsemlac.com\/semmexico\/wp-json\/wp\/v2\/comments?post=37243"}],"version-history":[{"count":0,"href":"https:\/\/redsemlac.com\/semmexico\/wp-json\/wp\/v2\/posts\/37243\/revisions"}],"wp:featuredmedia":[{"embeddable":true,"href":"https:\/\/redsemlac.com\/semmexico\/wp-json\/wp\/v2\/media\/37244"}],"wp:attachment":[{"href":"https:\/\/redsemlac.com\/semmexico\/wp-json\/wp\/v2\/media?parent=37243"}],"wp:term":[{"taxonomy":"category","embeddable":true,"href":"https:\/\/redsemlac.com\/semmexico\/wp-json\/wp\/v2\/categories?post=37243"},{"taxonomy":"post_tag","embeddable":true,"href":"https:\/\/redsemlac.com\/semmexico\/wp-json\/wp\/v2\/tags?post=37243"}],"curies":[{"name":"wp","href":"https:\/\/api.w.org\/{rel}","templated":true}]}}