{"id":37214,"date":"2021-06-21T16:59:47","date_gmt":"2021-06-21T22:59:47","guid":{"rendered":"https:\/\/redsemlac.com\/semmexico\/?p=37214"},"modified":"2023-07-21T17:03:14","modified_gmt":"2023-07-21T22:03:14","slug":"a-casi-siete-anos-siguen-impunes-hechos-registrados-eloxochitlan-de-flores-magon","status":"publish","type":"post","link":"https:\/\/redsemlac.com\/semmexico\/a-casi-siete-anos-siguen-impunes-hechos-registrados-eloxochitlan-de-flores-magon\/","title":{"rendered":"A casi siete a\u00f1os siguen impunes hechos registrados Eloxochitl\u00e1n de Flores Mag\u00f3n"},"content":{"rendered":"\n<ul class=\"wp-block-list\"><li><strong>Acusa Elisa Zepeda violaci\u00f3n a los derechos de las v\u00edctimas, por dilaci\u00f3n en la impartici\u00f3n de justicia<\/strong><\/li><\/ul>\n\n\n\n<ul class=\"wp-block-list\"><li><strong>Se liber\u00f3 a los agresores sin garant\u00eda de atenci\u00f3n a las v\u00edctimas<\/strong><\/li><\/ul>\n\n\n\n<p class=\"wp-block-paragraph\"><strong>Redacci\u00f3n<\/strong><\/p>\n\n\n\n<p class=\"wp-block-paragraph\">SemM\u00e9xico, Oaxaca, 21 de junio, 2021.- A siete a\u00f1os del asesinato de Manuel Zepeda Lagunas y de Gustavo Estrada, por el conflicto registrado en la comunidad de Eloxochitl\u00e1n de Flores Mag\u00f3n, en la regi\u00f3n de la Ca\u00f1ada, las v\u00edctimas directas e indirectas, denuncian la negaci\u00f3n de su derecho a la justicia, pronta y expedita, por parte de las autoridades responsables del caso.<\/p>\n\n\n\n<p class=\"wp-block-paragraph\">En entrevista, Elisa Zepeda Lagunas, quien es v\u00edctima de tentativa de homicidio y diversas agresiones, durante el conflicto registrado el 14 de diciembre de 2014 durante la Asamblea General Comunitaria, en la que se renovar\u00eda la autoridad de dicha poblaci\u00f3n, refiri\u00f3 que los responsables de la impartici\u00f3n de justicia act\u00faan con sesgo y bajo presi\u00f3n medi\u00e1tica.<\/p>\n\n\n\n<p class=\"wp-block-paragraph\">Denunci\u00f3 que no ha existido un debido proceso para las personas afectadas, ni se han garantizado las medidas de protecci\u00f3n y ayuda para las v\u00edctimas directas e indirectas, quienes a\u00fan son objeto de agresiones e intimidaciones.<\/p>\n\n\n\n<p class=\"wp-block-paragraph\">Adem\u00e1s de que, la actuaci\u00f3n de los tribunales se ha sesgado por la presi\u00f3n medi\u00e1tica a la que han recurrido los agresores, quienes -dijo- pretenden evadir sus responsabilidades en los cr\u00edmenes, con la bandera de luchadores sociales y presos pol\u00edticos.<\/p>\n\n\n\n<p class=\"wp-block-paragraph\">\u201cSe pretende descolocar las muertes, las agresiones, y los da\u00f1os. Se ha hecho o\u00eddos sordos a las exigencias de justicia de cada una de las v\u00edctimas, hasta este momento no existe garant\u00eda de no repetici\u00f3n\u201d, declar\u00f3 Zepeda Lagunas.<\/p>\n\n\n\n<p class=\"wp-block-paragraph\">Revel\u00f3 una serie de negligencias e irregularidades en el caso, entre ellas: la mala actuaci\u00f3n del Juez Mixto de Primera Instancia, quien sin sustancia jur\u00eddica y violando el debido proceso, tras una reposici\u00f3n procesal y horas antes de irse de vacaciones, orden\u00f3 la liberaci\u00f3n de Miguel P.B, en 2019, sin ninguna garant\u00eda a las v\u00edctimas.<\/p>\n\n\n\n<p class=\"wp-block-paragraph\">De igual manera, el mismo Juez Mixto de Primera Instancia, nuevamente sin sustento jur\u00eddico alguno, puso en libertad a Omar Hugo M.A, Herminio M.A, Fernando G.M, Jaime B.F, Alfredo Bola\u00f1os P. y Wilfrido S.H, pese a que estas personas fueron detenidas con el cuerpo sin vida de Manuel Zepeda Lagunas en la batea de la camioneta usada como patrulla municipal en la que era trasladado en diciembre del 2014.<\/p>\n\n\n\n<p class=\"wp-block-paragraph\">La v\u00edctima refieren que la liberaci\u00f3n de los agresores abona a la impunidad, por los cr\u00edmenes del 2014 en Eloxochitl\u00e1n de Flores Mag\u00f3n, prueba de ellos es que tras los recientes actos medi\u00e1ticos emprendidos por la familia de los agresores, que tambi\u00e9n son familiares directos de Elisa Zepeda Lagunas, el pasado 15 de junio del 2021, el II Tribunal Colegiado en materia penal, se declar\u00f3 incompetente para resolver el recurso de revisi\u00f3n que estos \u00faltimos promovieron ya que el juzgado cuarto les hab\u00eda negado el amparo.<\/p>\n\n\n\n<p class=\"wp-block-paragraph\">Elisa Zepeda Lagunas, indic\u00f3 que esta situaci\u00f3n es preocupante para las v\u00edctimas, porque se advierte la influencia de campa\u00f1as medi\u00e1ticas de los agresores en la decisi\u00f3n de los m\u00e1ximos \u00f3rganos jurisdiccionales de nuestro sistema de justicia.<\/p>\n\n\n\n<p class=\"wp-block-paragraph\">SEM\/sj<\/p>\n","protected":false},"excerpt":{"rendered":"<p>Acusa Elisa Zepeda violaci\u00f3n a los derechos de las v\u00edctimas, por dilaci\u00f3n en la impartici\u00f3n de justicia<\/p>\n","protected":false},"author":3,"featured_media":37215,"comment_status":"open","ping_status":"open","sticky":false,"template":"","format":"standard","meta":{"_monsterinsights_skip_tracking":false,"footnotes":""},"categories":[692,54],"tags":[],"class_list":["post-37214","post","type-post","status-publish","format-standard","has-post-thumbnail","category-692","category-mujeres"],"_links":{"self":[{"href":"https:\/\/redsemlac.com\/semmexico\/wp-json\/wp\/v2\/posts\/37214","targetHints":{"allow":["GET"]}}],"collection":[{"href":"https:\/\/redsemlac.com\/semmexico\/wp-json\/wp\/v2\/posts"}],"about":[{"href":"https:\/\/redsemlac.com\/semmexico\/wp-json\/wp\/v2\/types\/post"}],"author":[{"embeddable":true,"href":"https:\/\/redsemlac.com\/semmexico\/wp-json\/wp\/v2\/users\/3"}],"replies":[{"embeddable":true,"href":"https:\/\/redsemlac.com\/semmexico\/wp-json\/wp\/v2\/comments?post=37214"}],"version-history":[{"count":0,"href":"https:\/\/redsemlac.com\/semmexico\/wp-json\/wp\/v2\/posts\/37214\/revisions"}],"wp:featuredmedia":[{"embeddable":true,"href":"https:\/\/redsemlac.com\/semmexico\/wp-json\/wp\/v2\/media\/37215"}],"wp:attachment":[{"href":"https:\/\/redsemlac.com\/semmexico\/wp-json\/wp\/v2\/media?parent=37214"}],"wp:term":[{"taxonomy":"category","embeddable":true,"href":"https:\/\/redsemlac.com\/semmexico\/wp-json\/wp\/v2\/categories?post=37214"},{"taxonomy":"post_tag","embeddable":true,"href":"https:\/\/redsemlac.com\/semmexico\/wp-json\/wp\/v2\/tags?post=37214"}],"curies":[{"name":"wp","href":"https:\/\/api.w.org\/{rel}","templated":true}]}}