{"id":37154,"date":"2021-06-21T10:28:10","date_gmt":"2021-06-21T16:28:10","guid":{"rendered":"https:\/\/redsemlac.com\/semmexico\/?p=37154"},"modified":"2023-07-21T17:03:15","modified_gmt":"2023-07-21T22:03:15","slug":"cuba-discriminacion-hacia-la-vejez-otra-secuela-de-la-pandemia","status":"publish","type":"post","link":"https:\/\/redsemlac.com\/semmexico\/cuba-discriminacion-hacia-la-vejez-otra-secuela-de-la-pandemia\/","title":{"rendered":"Cuba: Discriminaci\u00f3n hacia la vejez, otra secuela de la pandemia"},"content":{"rendered":"\n<p class=\"wp-block-paragraph\"><strong>De la redacci\u00f3n<\/strong><\/p>\n\n\n\n<p class=\"wp-block-paragraph\">SemM\u00e9xico\/ SEMlac. La Habana. 21 de junio 2021.- &nbsp;Las diversas expresiones naturalizadas de discriminaci\u00f3n hacia las personas mayores y la vejez se han exacerbado en medio de la pandemia de covid-19.<\/p>\n\n\n\n<p class=\"wp-block-paragraph\">En ello coincidieron psic\u00f3logos, investigadores y participantes en el foro \u00abNo al edadismo\u00bb, organizado por la Asociaci\u00f3n Cubana de Naciones Unidas (ACNU) junto a la C\u00e1tedra del Adulto Mayor de la Universidad de La Habana (UH) y desarrollado en el perfil de Facebook de esta \u00faltima.<\/p>\n\n\n\n<p class=\"wp-block-paragraph\">La gesti\u00f3n ciudadana en este grupo etario, qu\u00e9 es el edadismo, de qu\u00e9 manera han vivido estas actitudes y c\u00f3mo no ser edadista durante el contexto de la crisis sanitaria actual fueron interrogantes que abrieron el debate el 15 de junio, con motivo del D\u00eda Mundial de Toma de Conciencia del Abuso y Maltrato a las Personas Mayores.<\/p>\n\n\n\n<p class=\"wp-block-paragraph\">De acuerdo con la Organizaci\u00f3n Mundial de la Salud (OMS), el edadismo o viejismo, como tambi\u00e9n se le conoce, puede adoptar muchas formas, como prejuicios, discriminaci\u00f3n y pol\u00edticas y pr\u00e1cticas institucionales que perpet\u00faan creencias estereotipadas sobre la llegada a la vejez.<\/p>\n\n\n\n<p class=\"wp-block-paragraph\">Un nuevo informe de las Naciones Unidas sobre el edadismo, publicado en marzo de 2021, calcula que una de cada dos personas en el mundo tiene actitudes edadistas, lo que empobrece la salud f\u00edsica y mental de las personas mayores, reduce su calidad de vida y cuesta cada a\u00f1o miles de millones de d\u00f3lares a la sociedad.<\/p>\n\n\n\n<p class=\"wp-block-paragraph\">Para la psic\u00f3loga Leela Laura Sanchez, \u00abexiste una raz\u00f3n muy potente para colocar los &#8216;viejismos&#8217; como foco de atenci\u00f3n en esta jornada\u00bb, dijo al referirse a esos comportamientos y actitudes que utilizan la edad para categorizar y dividir a las personas, provocando da\u00f1os, desventajas e injusticias.<\/p>\n\n\n\n<p class=\"wp-block-paragraph\">\u00abEn el escenario global de la crisis sanitaria se han develado las desigualdades y vulnerabilidades de la poblaci\u00f3n mayor, como un ciclo perpetuo de exclusi\u00f3n\u00bb, afirm\u00f3 S\u00e1nchez.<\/p>\n\n\n\n<p class=\"wp-block-paragraph\">A juicio de la psic\u00f3loga, \u00abqueda la misi\u00f3n, primero, de identificar y visibilizar: \u00bfqu\u00e9 actitud tengo hacia la vejez y el envejecimiento? \u00bfQu\u00e9 expresiones de discriminaci\u00f3n hacia las personas mayores percibo en mi contexto social inmediato?<\/p>\n\n\n\n<p class=\"wp-block-paragraph\">Luego, la experta recomienda cuestionar cr\u00edticamente: \u00bfpor qu\u00e9 se producen o reproduzco esas formas de maltrato hacia las personas mayores? \u00bfCu\u00e1les son las causas? Para, posteriormente, generar y crear estrategias para cambiar: \u00bfc\u00f3mo transformar esa parte de la realidad que atenta contra la integridad y bienestar de las personas mayores?, \u00bfqu\u00e9 acciones pro-sociales podr\u00edan pensarse para lograr una real deconstrucci\u00f3n de estereotipos y prejuicios en torno a las personas mayores, la vejez y el envejecimiento?\u00bb, coment\u00f3.<\/p>\n\n\n\n<p class=\"wp-block-paragraph\">\u00abEsa una de las tantas rutas a seguir para lograr un mundo m\u00e1s justo y amigable con las personas mayores\u00bb, reflexion\u00f3 en el debate Laura S\u00e1nchez.<\/p>\n\n\n\n<p class=\"wp-block-paragraph\">Desde la C\u00e1tedra del Adulto Mayor de la Universidad de La Habana se enfatiz\u00f3 en los desaf\u00edos en pandemia y luego de esta.<\/p>\n\n\n\n<p class=\"wp-block-paragraph\">\u00abSe ha desarrollado una narrativa edadista sobre la vejez, el envejecimiento y las personas mayores, que se subjetiviza en la mirada de muchos y con alto riesgo para el envejecimiento aut\u00f3nomo, activo, saludable y sostenible\u00bb, apunta el comentario de la c\u00e1tedra.<\/p>\n\n\n\n<h2 class=\"wp-block-heading\"><strong>Envejecer \u00aben pandemia\u00bb<\/strong><\/h2>\n\n\n\n<p class=\"wp-block-paragraph\">Seg\u00fan cifras de la Oficina Nacional de Estad\u00edsticas e Informaci\u00f3n (ONEI), en Cuba m\u00e1s de 20,8 por ciento de la poblaci\u00f3n tiene 60 a\u00f1os y m\u00e1s y el 15 por ciento de las personas mayores viven solas.<\/p>\n\n\n\n<p class=\"wp-block-paragraph\">Ante este escenario demogr\u00e1fico, emergen desaf\u00edos crecientes en el control de la pandemia provocada por el coronavirus SARS-CoV-2. Asimismo, se impone aguzar la mirada hacia otras realidades de este segmento poblacional en medio del contexto epidemi\u00f3logico y la crisis econ\u00f3mica, social y sanitaria generada por el virus.<\/p>\n\n\n\n<p class=\"wp-block-paragraph\">La forista Natalys Dinza apunt\u00f3 que el envejecimiento de la poblaci\u00f3n se considera hoy un fen\u00f3meno global y multigeneracional; sin embargo, no hab\u00eda sido tan notable hasta la aparici\u00f3n de la pandemia de coronavirus.<\/p>\n\n\n\n<p class=\"wp-block-paragraph\">\u00abLa covid-19 desnud\u00f3 graves desigualdades que padecen las personas mayores para el ejercicio de sus derechos. Los puntos m\u00e1s cr\u00edticos son el derecho al respeto por la autonom\u00eda personal, al autocuidado y el derecho a la asistencia sanitaria acorde a su condici\u00f3n\u00bb, coment\u00f3.<\/p>\n\n\n\n<p class=\"wp-block-paragraph\">La profesora de la Facultad de Psicolog\u00eda de la UH y presidenta de la C\u00e1tedra del Adulto Mayor de esta casa de altos estudios, Teresa Orosa, enfatiz\u00f3 que justamente \u00abla autonom\u00eda que se desarrolla desde que somos ni\u00f1os y contin\u00faa hasta el final de la vida, es ignorada hoy por muchas personas\u00bb.<\/p>\n\n\n\n<p class=\"wp-block-paragraph\">Dinza agreg\u00f3 que \u00abel coronavirus ha demostrado ser implacable con las personas mayores de 60 a\u00f1os, por causas vinculadas al normal proceso de envejecimiento, entre las cuales destaca la fragilidad de sus sistemas inmunes. De esta manera, tambi\u00e9n la pandemia pone en riesgo el derecho a una vejez activa y saludable, como una etapa m\u00e1s de la vida\u00bb.<\/p>\n\n\n\n<p class=\"wp-block-paragraph\">\u00abUn enfoque de derechos en el abordaje de la vejez constituye el marco propicio para impulsar acciones que favorezcan la autonom\u00eda, la independencia y el empoderamiento de las personas mayores\u00bb, consider\u00f3 por su parte Laura S\u00e1nchez.<\/p>\n\n\n\n<p class=\"wp-block-paragraph\">A favor del amor y la comprensi\u00f3n para las personas mayores convoc\u00f3 la forista Annabel Lafargue Wilmoth. \u00abCompartamos y valoremos su sabidur\u00eda, su experiencia y sus ganas de vivir, que son el impulso necesario para gestionar el futuro de la sociedad de forma creativa\u00bb, escribi\u00f3.<\/p>\n\n\n\n<p class=\"wp-block-paragraph\">En tanto, Orosa afirm\u00f3 que \u00ablas personas mayores gestionamos valores, cultura del buen envejecer, diversidad de estilos de afrontamientos a la vida y proyecci\u00f3n a futuro de nuestros hijos y nietos\u00bb.<\/p>\n\n\n\n<p class=\"wp-block-paragraph\">La usuaria Tere Iglesias manifest\u00f3 que el confinamiento y las tensiones econ\u00f3micas que la pandemia ha agregado a la vida cotidiana han impactado sensiblemente en esta poblaci\u00f3n. \u00abEl aislamiento social nos afecta psicol\u00f3gicamente\u00bb, apunt\u00f3.<\/p>\n\n\n\n<p class=\"wp-block-paragraph\">\u00abHa sido y es un periodo dif\u00edcil, unido al alto riesgo del contagio, m\u00e1s aun si se trata de personas mayores. Tambi\u00e9n impresiona la voluntad de atenci\u00f3n a los mayores en medio de tantas adversidades, lo cual es importante continuarlo en la actual etapa, cuando la pandemia a\u00fan no cede. Hay afectaciones emocionales en este grupo en el mundo entero, pues el aislamiento es duro tambi\u00e9n para nosotros, aunque todas las edades se han afectado\u00bb, ratific\u00f3 Orosa.<\/p>\n\n\n\n<h2 class=\"wp-block-heading\"><strong>Estereotipos silenciosos<\/strong><\/h2>\n\n\n\n<p class=\"wp-block-paragraph\">Varias reflexiones del debate apuntaron a la necesidad de identificar estereotipos que impactan en la subjetividad de este grupo etario y que tambi\u00e9n pueden desencadenar malos tratos, privar de autonom\u00eda y capacidad de decisi\u00f3n.<\/p>\n\n\n\n<p class=\"wp-block-paragraph\">\u00abLos m\u00e1s evidentes se derivan del lenguaje. Sin darnos cuenta, usamos expresiones tales como &#8216;abuelos, abuelas o abuelitos&#8217; en lugar de &#8216;personas mayores&#8217; y estamos faltando a la verdad, ya que no todos tienen nietos, vulneramos su identidad al aludir a una relaci\u00f3n de parentesco y ello se ha vuelto una costumbre cada vez m\u00e1s repetida entre la poblaci\u00f3n\u00bb, opin\u00f3 Dinza .<\/p>\n\n\n\n<p class=\"wp-block-paragraph\">\u00abHe registrado algunos ejemplos de edadismo en d\u00e9cimas, canciones y di\u00e1logo entre personas, incluyendo periodistas. Sobre todo, negar la edad o rechazar ese di\u00e1logo\u00bb, agreg\u00f3 la profesora de la C\u00e1tedra del Adulto Mayor de la UH, Miriam Mara\u00f1\u00f3n Santa Cruz.<\/p>\n\n\n\n<p class=\"wp-block-paragraph\">La educadora record\u00f3 que el pasado a\u00f1o la televisi\u00f3n cubana, en la revista matutina Buenos D\u00edas, abord\u00f3 c\u00f3mo la pandemia hab\u00eda disparado el infantilismo en el trato a las personas mayores, generando maltrato, lo cual marcaba un antes y un despu\u00e9s en la gerontolog\u00eda.<\/p>\n\n\n\n<p class=\"wp-block-paragraph\">\u00abHoy estamos en el foro de lucha contra el edadismo. Nos hemos incorporado al Decenio del Envejecimiento Saludable desde la educaci\u00f3n a lo largo de la vida\u00bb, apunt\u00f3 Mara\u00f1\u00f3n Santa Cruz.<\/p>\n\n\n\n<p class=\"wp-block-paragraph\">En su opini\u00f3n, \u00abla educaci\u00f3n es la v\u00eda fundamental para eliminar prejuicios y estereotipos heredados. La cultura gerontol\u00f3gica tiene que transversalizar la sociedad en su conjunto, para evitar injusticias\u00bb.<\/p>\n","protected":false},"excerpt":{"rendered":"<p>Las diversas expresiones naturalizadas de discriminaci\u00f3n hacia las personas mayores y la vejez se han exacerbado en medio de la pandemia de covid-19.<\/p>\n","protected":false},"author":3,"featured_media":37155,"comment_status":"open","ping_status":"open","sticky":false,"template":"","format":"standard","meta":{"_monsterinsights_skip_tracking":false,"footnotes":""},"categories":[692,53],"tags":[],"class_list":["post-37154","post","type-post","status-publish","format-standard","has-post-thumbnail","category-692","category-internacional"],"_links":{"self":[{"href":"https:\/\/redsemlac.com\/semmexico\/wp-json\/wp\/v2\/posts\/37154","targetHints":{"allow":["GET"]}}],"collection":[{"href":"https:\/\/redsemlac.com\/semmexico\/wp-json\/wp\/v2\/posts"}],"about":[{"href":"https:\/\/redsemlac.com\/semmexico\/wp-json\/wp\/v2\/types\/post"}],"author":[{"embeddable":true,"href":"https:\/\/redsemlac.com\/semmexico\/wp-json\/wp\/v2\/users\/3"}],"replies":[{"embeddable":true,"href":"https:\/\/redsemlac.com\/semmexico\/wp-json\/wp\/v2\/comments?post=37154"}],"version-history":[{"count":0,"href":"https:\/\/redsemlac.com\/semmexico\/wp-json\/wp\/v2\/posts\/37154\/revisions"}],"wp:featuredmedia":[{"embeddable":true,"href":"https:\/\/redsemlac.com\/semmexico\/wp-json\/wp\/v2\/media\/37155"}],"wp:attachment":[{"href":"https:\/\/redsemlac.com\/semmexico\/wp-json\/wp\/v2\/media?parent=37154"}],"wp:term":[{"taxonomy":"category","embeddable":true,"href":"https:\/\/redsemlac.com\/semmexico\/wp-json\/wp\/v2\/categories?post=37154"},{"taxonomy":"post_tag","embeddable":true,"href":"https:\/\/redsemlac.com\/semmexico\/wp-json\/wp\/v2\/tags?post=37154"}],"curies":[{"name":"wp","href":"https:\/\/api.w.org\/{rel}","templated":true}]}}