{"id":37144,"date":"2021-06-21T09:30:44","date_gmt":"2021-06-21T15:30:44","guid":{"rendered":"https:\/\/redsemlac.com\/semmexico\/?p=37144"},"modified":"2023-07-21T17:03:15","modified_gmt":"2023-07-21T22:03:15","slug":"empresas-internacionales-se-apoderaron-de-mas-de-36-mil-hectareas-de-tierra-en-chiapas","status":"publish","type":"post","link":"https:\/\/redsemlac.com\/semmexico\/empresas-internacionales-se-apoderaron-de-mas-de-36-mil-hectareas-de-tierra-en-chiapas\/","title":{"rendered":"Empresas internacionales se apoderaron de m\u00e1s de 36 mil hect\u00e1reas de tierra en Chiapas"},"content":{"rendered":"<p><span style=\"font-weight: 400;\">*Lo hacen de manera lenta, pero persistente: denuncia: Claudia Ramos Guill\u00e9n<\/span><\/p>\n<p><!--more--><\/p>\n<p><span style=\"font-weight: 400;\">Foto: Aldo Santiago L\u00f3pez<\/span><\/p>\n<p><span style=\"font-weight: 400;\">Y\u00e9ssica Morales&nbsp;<\/span><\/p>\n<p><span style=\"font-weight: 400;\">SemM\u00e9xico\/Chiapas Paralelo, Tuxtla Guti\u00e9rrez, Chiapas, 21 de junio 2021.-Comunidades mayas de Chiapas denuncian que la palma de aceite les arrebata el agua y las tierras.<\/span><\/p>\n<p><span style=\"font-weight: 400;\">Claudia Ramos Guillen, integrante de Agua y Vida, Mujeres, Derechos y Ambiente A. C. dio a conocer que, en Chiapas los datos acerca de la palma de aceite son ambiguos -en t\u00e9rminos de datos oficiales-, pero estas plantaciones representan el 70 por ciento de la sembrada en M\u00e9xico, sobre todo que se exporta para la parte central, con el fin de refinar los aceites.<\/span><\/p>\n<p><span style=\"font-weight: 400;\">Ramos Guillen mencion\u00f3 que estas plantaciones iniciaron en los cuarenta, con semilla tra\u00edda de Costa Rica, esta expansi\u00f3n se fue dando de manera paulatina, sin embargo, alrededor de 2006 \u2013 2007 tuvo un \u201cbum\u201d, sobre todo en la zona norte en los municipios de Benem\u00e9rito de las Am\u00e9ricas y Palenque, que se enlaza a Campeche, Tabasco, Veracruz y al Pet\u00e9n guatemalteco.<\/span><\/p>\n<p><span style=\"font-weight: 400;\">Encuentro \u201cLas mujeres por la soberan\u00eda alimentaria, la salud y la defensa de los territorios: tejiendo alternativas a la expansi\u00f3n de la palma aceitera en el Sureste de M\u00e9xico\u201d. Foto: Aldo Santiago L\u00f3pez.<\/span><\/p>\n<p><span style=\"font-weight: 400;\">Una mirada m\u00e1s regional de los procesos de expansi\u00f3n de este monocultivo y sobre todo lo que est\u00e1 pasando en estos territorios y en los cuerpos de las mujeres ante la expansi\u00f3n de procesos violentos de extracci\u00f3n, de despojo en los territorios, de extracci\u00f3n de agua, y bienes naturales comunes en nuestro estado, agreg\u00f3 Ramos Guillen.<\/span><\/p>\n<p><span style=\"font-weight: 400;\">Se\u00f1al\u00f3 que hay presencia de palma aceitera en la zona de La Encrucijada y en el Parque Nacional de Palenque, donde se habla de procesos de deforestaci\u00f3n, lo que es contradictorio pues al ser \u00c1reas Naturales Protegidas (ANP), tiene una pol\u00edtica de conservaci\u00f3n.<\/span><\/p>\n<p><span style=\"font-weight: 400;\">Es decir, por un lado, hay una pol\u00edtica de expansi\u00f3n de monocultivo o de ganader\u00eda, por otro las ANP llegan a funcionar como estrategias de control, y de decirle a la gente como va a manejar y ejercer la pol\u00edtica ambiental en el pa\u00eds asociado al cultivo de palma.<\/span><\/p>\n<p><span style=\"font-weight: 400;\">Hizo hincapi\u00e9 en el uso de paquete tecnol\u00f3gico, sobre todo el glifosato y de los dem\u00e1s fertilizantes, que generan suelos con mayor salinizaci\u00f3n y contaminaci\u00f3n de fuentes de agua, que no solo desecan las plantaciones, sino que es agua para procesar el aceite y la misma plantaci\u00f3n no permite que se infiltre por el sistema radicular de la planta que este sembrado en grandes extensiones de monocultivo.<\/span><\/p>\n<p><span style=\"font-weight: 400;\">Acentu\u00f3 que, en Chiapas hay once procesadoras de aceite, el modus operandi de las empresas es tener cerca de tres plantas procesadoras en las zonas de inter\u00e9s -norte y sur del estado-, las cuales est\u00e1n vinculadas a procesos de expansi\u00f3n y acaparamiento de peque\u00f1os productores, a quienes compran y arrendan tierras.<\/span><\/p>\n<p><span style=\"font-weight: 400;\">Lo anterior, genera gran presi\u00f3n sobre las zonas de abasto de cultivos y alimentos b\u00e1sicos como la milpa tradicional, ma\u00edz, y frijol, ya que afecta de manera directa las estrategias de las mujeres para la conservaci\u00f3n y cuidado de la vida.<\/span><\/p>\n<p><span style=\"font-weight: 400;\">Ramos Guillen a\u00f1adi\u00f3 que, estos proyectos est\u00e1n muy cerca de lugares de extracci\u00f3n de materias primas, como fueron las zonas econ\u00f3micas especiales y el Tren Maya que, nada m\u00e1s funciona para exacerbar el modelo de extracci\u00f3n que viven los territorios.<\/span><\/p>\n<p><span style=\"font-weight: 400;\">Acerca del Programa Sembrando Vida, mencion\u00f3 que no pueden imprecisar la estrategia de c\u00f3mo pasa de una plantaci\u00f3n de monocultivo de palma a una de hule, temas que podr\u00edan discutir sobre hacia d\u00f3nde va la pol\u00edtica del campo y en qu\u00e9 t\u00e9rminos la apoya.<\/span><\/p>\n<p><a href=\"https:\/\/redsemlac.com\/semmexico\/wp-content\/uploads\/2021\/06\/WhatsApp-Image-2021-06-21-at-10.23.16.jpeg\"><img loading=\"lazy\" decoding=\"async\" class=\"alignnone size-full wp-image-37147\" src=\"https:\/\/redsemlac.com\/semmexico\/wp-content\/uploads\/2021\/06\/WhatsApp-Image-2021-06-21-at-10.23.16.jpeg\" alt=\"\" width=\"909\" height=\"605\"><\/a><\/p>\n<p><span style=\"font-weight: 400;\">La pregunta ser\u00eda \u00bfQueremos transitar de un monocultivo a otro?, los efectos en los territorios y los cuerpos de las mujeres nos hace recordar una frase que nos comparte la compa\u00f1era Miranda de la Organizaci\u00f3n Fraternal Negra Hondure\u00f1a (OFRANEH):&nbsp; Para las grandes empresas nunca hemos dejado de ser una Rep\u00fablica bananera, mencion\u00f3 Ramos Guillen.<\/span><\/p>\n<p><span style=\"font-weight: 400;\">Explic\u00f3 que, es una frase dura porque les lleva hacer el an\u00e1lisis sobre todos los efectos que las plantaciones tienen, sobre en los territorios, los cuerpos de las mujeres y lo que significa en t\u00e9rminos del despojo de los bienes naturales comunes, est\u00e1 perdida de soberan\u00eda alimentaria, conocimientos, conflictos por el agua, da\u00f1os a la salud y al medio ambiente.<\/span><\/p>\n<p><span style=\"font-weight: 400;\">Comunidades mayas de Chiapas denuncian que la palma de aceite les arrebata el agua y las tierras.<\/span><\/p>\n<p><span style=\"font-weight: 400;\">A lo anterior, se suma el vertido de deshechos de las plantas procesadoras sobre los mantos de agua cercanos a las comunidades, los procesos de militarizaci\u00f3n, paramilitarizaci\u00f3n y la asociaci\u00f3n con el crimen organizado que genera m\u00e1s violencia y despojo sobre el cuerpo de las mujeres y que son funcionales al sistema patriarcal.<\/span><\/p>\n<p><span style=\"font-weight: 400;\">Puntualiz\u00f3 que, muchos derechos se ven violados, como es el: derecho a la informaci\u00f3n, derecho a la consulta, derecho al medio ambiente sano, derecho a la libre determinaci\u00f3n y el derecho al territorio.<\/span><\/p>\n<p><span style=\"font-weight: 400;\">Asimismo, las asambleas de las comunidades son representadas por varones, donde las mujeres no pueden decidir, muchas veces mencionan que \u201ctoman la decisi\u00f3n en familia\u201d, pero realmente la palabra, tenencia y decisi\u00f3n est\u00e1 en manos de ellos.<\/span><\/p>\n<p><a href=\"https:\/\/redsemlac.com\/semmexico\/wp-content\/uploads\/2021\/06\/Captura-de-pantalla-2021-06-21-a-las-10.26.11.png\"><img loading=\"lazy\" decoding=\"async\" class=\"alignnone size-full wp-image-37148\" src=\"https:\/\/redsemlac.com\/semmexico\/wp-content\/uploads\/2021\/06\/Captura-de-pantalla-2021-06-21-a-las-10.26.11.png\" alt=\"\" width=\"963\" height=\"666\"><\/a><\/p>\n<p><span style=\"font-weight: 400;\">Por \u00faltimo, mencion\u00f3 que la expansi\u00f3n del monocultivo de palma aceitera, no se puede pensar como plantaciones \u00fanicas, sino que es parte de un corredor que representan intereses geoestrat\u00e9gicos y geopol\u00edticos en la zona sureste de M\u00e9xico y hace parte de un bloque Mesoamericano con Guatemala y Honduras.<\/span><\/p>\n<p><span style=\"font-weight: 400;\">Esto porque tendemos a analizar los bloques cuando los efectos acumulativos, por ejemplo, la erosi\u00f3n del suelo o efecto de violencia en nuestro territorio son bastante fuertes, sobre todo si hablamos en la parte de Honduras en donde los procesos de violencia y desplazamiento de poblaciones vinculadas a procesos de despojo de tierras son m\u00e1s evidentes, finaliz\u00f3 Ramos Guillen.<\/span><\/p>\n<p><i><span style=\"font-weight: 400;\">*Esta nota fue realizada por CHIAPAS PARALELO, integrante de la Red de Periodistas de A Pie.&nbsp;<\/span><\/i><\/p>\n<p>&nbsp;<\/p>\n","protected":false},"excerpt":{"rendered":"<p>*Lo hacen de manera lenta, pero persistente: denuncia: Claudia Ramos Guill\u00e9n<\/p>\n","protected":false},"author":3,"featured_media":37145,"comment_status":"open","ping_status":"open","sticky":false,"template":"","format":"standard","meta":{"_monsterinsights_skip_tracking":false,"footnotes":""},"categories":[692,64],"tags":[],"class_list":["post-37144","post","type-post","status-publish","format-standard","has-post-thumbnail","category-692","category-para-saber"],"_links":{"self":[{"href":"https:\/\/redsemlac.com\/semmexico\/wp-json\/wp\/v2\/posts\/37144","targetHints":{"allow":["GET"]}}],"collection":[{"href":"https:\/\/redsemlac.com\/semmexico\/wp-json\/wp\/v2\/posts"}],"about":[{"href":"https:\/\/redsemlac.com\/semmexico\/wp-json\/wp\/v2\/types\/post"}],"author":[{"embeddable":true,"href":"https:\/\/redsemlac.com\/semmexico\/wp-json\/wp\/v2\/users\/3"}],"replies":[{"embeddable":true,"href":"https:\/\/redsemlac.com\/semmexico\/wp-json\/wp\/v2\/comments?post=37144"}],"version-history":[{"count":0,"href":"https:\/\/redsemlac.com\/semmexico\/wp-json\/wp\/v2\/posts\/37144\/revisions"}],"wp:featuredmedia":[{"embeddable":true,"href":"https:\/\/redsemlac.com\/semmexico\/wp-json\/wp\/v2\/media\/37145"}],"wp:attachment":[{"href":"https:\/\/redsemlac.com\/semmexico\/wp-json\/wp\/v2\/media?parent=37144"}],"wp:term":[{"taxonomy":"category","embeddable":true,"href":"https:\/\/redsemlac.com\/semmexico\/wp-json\/wp\/v2\/categories?post=37144"},{"taxonomy":"post_tag","embeddable":true,"href":"https:\/\/redsemlac.com\/semmexico\/wp-json\/wp\/v2\/tags?post=37144"}],"curies":[{"name":"wp","href":"https:\/\/api.w.org\/{rel}","templated":true}]}}