{"id":37136,"date":"2021-06-21T07:48:31","date_gmt":"2021-06-21T13:48:31","guid":{"rendered":"https:\/\/redsemlac.com\/semmexico\/?p=37136"},"modified":"2023-07-21T17:03:15","modified_gmt":"2023-07-21T22:03:15","slug":"sexualidades-desobedientes-olimpia-flores-ortiz-desobediencia-euphrasina","status":"publish","type":"post","link":"https:\/\/redsemlac.com\/semmexico\/sexualidades-desobedientes-olimpia-flores-ortiz-desobediencia-euphrasina\/","title":{"rendered":"Sexualidades desobedientes"},"content":{"rendered":"<p>&nbsp;<\/p>\n<p><b>Desobediencia&nbsp;<\/b><\/p>\n<p><b>SEXUALIDADES DESOBEDIENTES<\/b><\/p>\n<p><span style=\"font-weight: 400;\">Olimpia Flores Ortiz<\/span><\/p>\n<p><span style=\"font-weight: 400;\">SemM\u00e9xico, Zaachila, Oaxaca,&nbsp; 21 de junio 2021.- El orgullo de junio, el de las comunidades LGBT Plus, es el del autoreconocimiento como personas con plenos derechos que reclaman a la sociedad ese estatus. Es la defensa de su dignidad inherente.<\/span><\/p>\n<p><span style=\"font-weight: 400;\">Se enfatiza el orgullo, porque hay que anunciar en alto y con fuerza, la noticia de que son personas soberanas. El humanismo no ha abjurado de ser heteronormado: \u201ctanto no dijimos\u201d. Dice el dicho. Y el cierto feminismo colonizado y patrimonial, se pierde en la defensa de lo que considera suyo.&nbsp;&nbsp;<\/span><\/p>\n<p><span style=\"font-weight: 400;\">Conversemos con Paul B. Preciado vali\u00e9ndonos de fragmentos suyos de aqu\u00ed y de all\u00e1, que son de elocuencia rotunda.&nbsp;<\/span><\/p>\n<p>&nbsp;<\/p>\n<p><a href=\"https:\/\/redsemlac.com\/semmexico\/wp-content\/uploads\/2021\/06\/Captura-de-pantalla-2021-06-21-a-las-08.48.15-e1624283240533-3.png\"><img loading=\"lazy\" decoding=\"async\" class=\"size-full wp-image-37142 aligncenter\" src=\"https:\/\/redsemlac.com\/semmexico\/wp-content\/uploads\/2021\/06\/Captura-de-pantalla-2021-06-21-a-las-08.48.15-e1624283240533-3.png\" alt=\"\" width=\"413\" height=\"619\"><\/a><\/p>\n<p>&nbsp;<\/p>\n<p><span style=\"font-weight: 400;\">El mutante fil\u00f3sofo dice de s\u00ed: \u00abMi condici\u00f3n trans, es una nueva forma de uranismo. No soy un hombre. No soy una mujer. No soy heterosexual. No soy homosexual. Soy un disidente del sistema sexo-g\u00e9nero. Soy la multiplicidad del cosmos encerrada en un r\u00e9gimen epistemol\u00f3gico y pol\u00edtico binario, gritando delante de ustedes. Soy un uranista en los confines del capitalismo tecnocient\u00edfico.\u00bb<\/span><\/p>\n<p><span style=\"font-weight: 400;\">Urano es aqu\u00ed el planeta en el que Paul B. Preciado sue\u00f1a con tener un apartamento \u201cdonde vivir fuera de las relaciones de poder y de las taxonom\u00edas sexuales, de g\u00e9nero y raciales que la modernidad ha inventado.\u201d<\/span><\/p>\n<p><a href=\"https:\/\/www.anagrama-ed.es\/libro\/narrativas-hispanicas\/un-apartamento-en-urano-cronicas-del-cruce\/9788433998767\/NH_625\"><span style=\"font-weight: 400;\">https:\/\/www.anagrama-ed.es\/libro\/narrativas-hispanicas\/un-apartamento-en-urano-cronicas-del-cruce\/9788433998767\/NH_625<\/span><\/a><\/p>\n<p><span style=\"font-weight: 400;\">Hay un futurismo en esa tendencia que se sale del enga\u00f1o, vamos yendo hacia el reconocimiento universal del ser persona, sin clasificaci\u00f3n. Y las personas importaremos por el s\u00f3lo hecho de serlo. Todes Trashumantes. <\/span><a href=\"https:\/\/www.gentopia.org\/conocimiento\"><span style=\"font-weight: 400;\">https:\/\/www.gentopia.org\/conocimiento<\/span><\/a><span style=\"font-weight: 400;\"> , organizaci\u00f3n futurista. Ciertos contingentes de las nuevas generaciones se acogen a nuevas identidades.<\/span><\/p>\n<p><span style=\"font-weight: 400;\">Para esta nueva utop\u00eda que nos concibe como una especie en mutaci\u00f3n, no hay explicaci\u00f3n que justifique el hecho de convertir a los cuerpos en la propia c\u00e1rcel.&nbsp;<\/span><\/p>\n<p><span style=\"font-weight: 400;\">Preciado en el Manifiesto contrasexual desnuda el car\u00e1cter pol\u00edtico del acuerdo social basado en el binarismo sexual y de g\u00e9nero: \u201cLa contrasexualidad es, en primer lugar, un an\u00e1lisis cr\u00edtico de la diferencia de g\u00e9nero y de sexo, producto del contrato social heterocentrado, cuyas performatividades normativas han sido inscritas en los cuerpos como verdades biol\u00f3gicas.\u201d (Y teol\u00f3gicas) El contrato fundado en el concepto \u201cnatural\u201d binario de los sexos, tiene que ser sustituido por el pacto de las diferencias. \u201cEn el marco del contrato contrasexual, los cuerpos se reconocen a s\u00ed mismos no como hombres o mujeres sino como cuerpos hablantes, y reconocen a los otros como cuerpos hablantes\u201d., \u201cpara la muestra Yo soy el monstruo que os habla,\u201d dice.<\/span><\/p>\n<p><span style=\"font-weight: 400;\">En su intervenci\u00f3n en la Jornada N\u00ba 49 de la \u00c9cole de la Cause Freudienne1, Mujeres en Psicoan\u00e1lisis del 17 de noviembre de 2019 en Paris, Preciado en un encuentro internacional de psicoanalistas desde el principio anuncia de qu\u00e9 va a ir el asunto. Confronta al psicoan\u00e1lisis por sus tibiezas. Es decir que no suscriba el paradigma no binario como factor constituyente del sujeto y por lo tanto digno de desmontarse por el analizante. Sin que tenga por supuesto que suscribir el ideario pol\u00edtico de su analista. Le espeta su complicidad con la opresi\u00f3n de g\u00e9nero sobre las\/los\/les sujetos.<\/span><\/p>\n<p><a href=\"https:\/\/www.facebook.com\/psicoanalsitas.in\/posts\/2408360922810929\/\"><span style=\"font-weight: 400;\">https:\/\/www.facebook.com\/psicoanalsitas.in\/posts\/2408360922810929\/<\/span><\/a><\/p>\n<p><span style=\"font-weight: 400;\">El proceso de psicoan\u00e1lisis en el que la persona analizante acomode y enuncie su propia identidad sea cual sea, en rigor no debiera suponer desde el analista, un fundamento binario de la sexualidad y los comportamientos de g\u00e9nero. Es una violencia brutal la del sistema que se apropia de la psiquis de las personas para interpretarlas bajo taxonom\u00edas binarias y normas excluyentes. Y el psicoan\u00e1lisis no puede ser c\u00f3mplice de ese determinismo. Aventuro que el psicoan\u00e1lisis contiene en s\u00ed el germen de la transmutaci\u00f3n que ya se manifiesta.<\/span><\/p>\n<p><span style=\"font-weight: 400;\">\u201cBuen d\u00eda, queridas damas, queridos caballeros, de la Escuela de psicoanalistas de Francia, damas y caballeros de la Escuela de la Causa freudiana, y no s\u00e9 si vale la pena que diga tambi\u00e9n buen d\u00eda a todos aquellos que no son ni damas ni caballeros, porque creo que no hay entre ustedes alguien que haya renunciado legal y p\u00fablicamente a la diferencia sexual y que haya sido aceptado como psicoanalista (\u2026), despu\u00e9s de haber logrado exitosamente el pase. Hablo aqu\u00ed de un psicoanalista trans o no binario que haya sido admitido entre ustedes. Si existe, perm\u00edtanme enviar a ese mutante, inmediatamente, el saludo m\u00e1s caluroso.\u201d<\/span><\/p>\n<p><span style=\"font-weight: 400;\">M\u00e1s adelante segu\u00eda diciendo:<\/span><\/p>\n<p><span style=\"font-weight: 400;\">\u201cLes hablo, hoy, desde esa jaula elegida y redise\u00f1ada, del hombre trans, del cuerpo de g\u00e9nero no binario. Una jaula pol\u00edtica que es, en todo caso, mejor que la de los hombres o la de las mujeres, porque al menos reconoce su estatuto de jaula.\u201d<\/span><\/p>\n<p><span style=\"font-weight: 400;\">Y luego: \u201cEn primer lugar, me gustar\u00eda decirles que el r\u00e9gimen de la diferencia sexual, con el cual trabaja el psicoan\u00e1lisis, no es ni una naturaleza ni un orden simb\u00f3lico, sino una epistemolog\u00eda pol\u00edtica del cuerpo, y, como tal, es hist\u00f3rica y cambiante.\u201d Yo dir\u00eda que el r\u00e9gimen de la diferencia es un orden simb\u00f3lico de trasfondo pol\u00edtico cono el cual se justifica.<\/span><\/p>\n<p><span style=\"font-weight: 400;\">\u201cEn segundo lugar, quisiera informarles, en caso de que no lo sepan, que esta epistemolog\u00eda binaria y jer\u00e1rquica est\u00e1 en crisis a partir 1940. No solamente a causa de la respuesta ejercida por los movimientos pol\u00edticos de minor\u00edas disidentes, sino tambi\u00e9n por la aparici\u00f3n de nuevos datos morfol\u00f3gicos, cromos\u00f3micos y bio-qu\u00edmicos, que vuelven imposible la atribuci\u00f3n sexual binaria.\u201d<\/span><\/p>\n<p>&nbsp;<\/p>\n<p><span style=\"font-weight: 400;\">\u201cEn tercer lugar, me gustar\u00eda decirles que, agitada por estos profundos cambios, la epistemolog\u00eda de la diferencia sexual est\u00e1 en mutaci\u00f3n, y va a ceder lugar, probablemente durante los pr\u00f3ximos diez o veinte a\u00f1os, a una nueva epistemolog\u00eda.\u201d<\/span><\/p>\n<p><span style=\"font-weight: 400;\">La idea de la humanidad binaria -que es heteropatriarcal y colonial- consiste en una epistemolog\u00eda pol\u00edtica del cuerpo, por lo tanto, tiene necesariamente una l\u00f3gica temporal cambiante, es, dice Preciado \u201cuna cartograf\u00eda anat\u00f3mica, una econom\u00eda pol\u00edtica del cuerpo y una gesti\u00f3n colectiva de esta energ\u00eda reproductiva.\u201d El cuerpo colonizado, no es soberano. Y de esa colonialidad se hered\u00f3 la noci\u00f3n de que s\u00f3lo es soberana la sexualidad masculina; ninguna otra.<\/span><\/p>\n<p><span style=\"font-weight: 400;\">En esta separaci\u00f3n binaria de los humanos, Preciado ve una de las formas m\u00e1s elaboradas de violencia, exclusi\u00f3n y colonialismo.<\/span><\/p>\n<p><span style=\"font-weight: 400;\">Que el psicoan\u00e1lisis se ponga en jaque tiene su correlato en que todx sujeto puede ponerse en jaque sin sucumbir al asedio de la norma performativa.<\/span><\/p>\n<p><span style=\"font-weight: 400;\">El cambio est\u00e1 en marcha. Segmentos de la sociedad se movilizan y denuncian la violencia heteropatriarcal. Y se anuncian tambi\u00e9n nuevas pr\u00e1cticas de filiaci\u00f3n, de relaci\u00f3n amorosa, de identidad de g\u00e9nero, de objetivaci\u00f3n del deseo, del ejercicio de la sexualidad.<\/span><\/p>\n<p><span style=\"font-weight: 400;\">Tomemos postura expl\u00edcita<\/span><\/p>\n<p>https:\/\/www.facebook.com\/OlimpiaFloresMirabilia&nbsp;<\/p>\n<p><span style=\"font-weight: 400;\">Twitter: @euphrasina (amor por la elocuencia)<\/span><\/p>\n<p>&nbsp;<\/p>\n","protected":false},"excerpt":{"rendered":"<p>&nbsp; Desobediencia&nbsp; SEXUALIDADES DESOBEDIENTES Olimpia Flores Ortiz SemM\u00e9xico, Zaachila, Oaxaca,&nbsp; 21 de junio 2021.- El orgullo de junio, el de las comunidades LGBT Plus, es el del autoreconocimiento como personas con plenos derechos que reclaman a la sociedad ese estatus. Es la defensa de su dignidad inherente. Se enfatiza el orgullo, porque hay que anunciar [&hellip;]<\/p>\n","protected":false},"author":3,"featured_media":18201,"comment_status":"open","ping_status":"open","sticky":false,"template":"","format":"standard","meta":{"_monsterinsights_skip_tracking":false,"footnotes":""},"categories":[692,36,133,134],"tags":[],"class_list":["post-37136","post","type-post","status-publish","format-standard","has-post-thumbnail","category-692","category-columnistas","category-desobediencia","category-olimpia-flores-ortiz"],"_links":{"self":[{"href":"https:\/\/redsemlac.com\/semmexico\/wp-json\/wp\/v2\/posts\/37136","targetHints":{"allow":["GET"]}}],"collection":[{"href":"https:\/\/redsemlac.com\/semmexico\/wp-json\/wp\/v2\/posts"}],"about":[{"href":"https:\/\/redsemlac.com\/semmexico\/wp-json\/wp\/v2\/types\/post"}],"author":[{"embeddable":true,"href":"https:\/\/redsemlac.com\/semmexico\/wp-json\/wp\/v2\/users\/3"}],"replies":[{"embeddable":true,"href":"https:\/\/redsemlac.com\/semmexico\/wp-json\/wp\/v2\/comments?post=37136"}],"version-history":[{"count":0,"href":"https:\/\/redsemlac.com\/semmexico\/wp-json\/wp\/v2\/posts\/37136\/revisions"}],"wp:featuredmedia":[{"embeddable":true,"href":"https:\/\/redsemlac.com\/semmexico\/wp-json\/wp\/v2\/media\/18201"}],"wp:attachment":[{"href":"https:\/\/redsemlac.com\/semmexico\/wp-json\/wp\/v2\/media?parent=37136"}],"wp:term":[{"taxonomy":"category","embeddable":true,"href":"https:\/\/redsemlac.com\/semmexico\/wp-json\/wp\/v2\/categories?post=37136"},{"taxonomy":"post_tag","embeddable":true,"href":"https:\/\/redsemlac.com\/semmexico\/wp-json\/wp\/v2\/tags?post=37136"}],"curies":[{"name":"wp","href":"https:\/\/api.w.org\/{rel}","templated":true}]}}