{"id":37123,"date":"2021-06-20T11:37:08","date_gmt":"2021-06-20T17:37:08","guid":{"rendered":"https:\/\/redsemlac.com\/semmexico\/?p=37123"},"modified":"2023-07-21T17:03:15","modified_gmt":"2023-07-21T22:03:15","slug":"vinculan-a-proceso-a-presunto-feminicida-de-nicole","status":"publish","type":"post","link":"https:\/\/redsemlac.com\/semmexico\/vinculan-a-proceso-a-presunto-feminicida-de-nicole\/","title":{"rendered":"Vinculan a proceso a presunto feminicida de Nicole"},"content":{"rendered":"<p><span style=\"font-weight: 400;\">*La familia&nbsp; de la v\u00edctima exige pena m\u00e1xima&nbsp;<\/span><\/p>\n<p><!--more--><span style=\"font-weight: 400;\">Ignacio Garc\u00eda<\/span><\/p>\n<p><span style=\"font-weight: 400;\">SemM\u00e9xico, Pachuca, Hidalgo, 20 de junio, 2021.-La Procuradur\u00eda General de Justicia del Estado de Hidalgo (PGJEH) inform\u00f3 que un juez de control penal vincul\u00f3 a proceso al presunto feminicida de la menor Nicole de siete a\u00f1os de edad ocurrido el pasado 2 de marzo.<\/span><\/p>\n<p><span style=\"font-weight: 400;\">De acuerdo con la PGJEH, el juez de control de Tizayuca determin\u00f3 que existieron elementos suficientes para vincular a proceso al presunto responsable de la muerte de la menor de edad y estableci\u00f3 un plazo de tres meses para terminar la investigaci\u00f3n complementaria.<\/span><\/p>\n<p><span style=\"font-weight: 400;\">El presunto feminicida permanece en reclusi\u00f3n en el interior del Centro de Readaptaci\u00f3n Social (Cereso) de Tizayuca desde el pasado 8 de marzo, debido a que fue se\u00f1alado por el secuestro de la menor, por lo que la autoridad judicial identific\u00f3 elementos suficientes para configurar el delito de feminicidio.<\/span><\/p>\n<p><span style=\"font-weight: 400;\">Los familiares de la v\u00edctima exigieron justicia por el caso y demandaron que el presunto responsable sea sentenciado a la pena m\u00e1xima por los delitos de secuestro y feminicidio, ya que aseguraron que actu\u00f3 de forma intencional para sustraer a la menor de edad.<\/span><\/p>\n<p><span style=\"font-weight: 400;\">El pasado 2 de marzo, Nicole jugaba en su bicicleta en el interior del fraccionamiento Rancho Don Antonio Qumam en Tizayuca, donde fue raptada, presuntamente por uno de los vecinos, por lo que los padres de la menor interpusieron la denuncia correspondiente y fue hasta el 8 de marzo, cuando fue localizado su cuerpo sin vida en la comunidad de Tepojaco en ese mismo municipio.<\/span><\/p>\n<p><span style=\"font-weight: 400;\">Seg\u00fan los familiares de la menor, existe un video en el que se aprecia que el sujeto platic\u00f3 con la infante, por lo que supuestamente la invit\u00f3 a jugar a su casa y la menor de ocho a\u00f1os de edad acept\u00f3 la invitaci\u00f3n y fue la \u00faltima vez que fue vista.<\/span><\/p>\n<p>&nbsp;<\/p>\n<p><span style=\"font-weight: 400;\">Al respecto, diferentes organizaciones civiles exigieron justicia por el caso y demandaron que el responsable sea sentenciado con la pena m\u00e1xima, mientras que exigieron a las autoridades estatales reforzar la vigilancia en el interior de los fraccionamientos del municipio.<\/span><\/p>\n<p>&nbsp;<\/p>\n","protected":false},"excerpt":{"rendered":"<p>*La familia&nbsp; de la v\u00edctima exige pena m\u00e1xima&nbsp;<\/p>\n","protected":false},"author":3,"featured_media":37124,"comment_status":"open","ping_status":"open","sticky":false,"template":"","format":"standard","meta":{"_monsterinsights_skip_tracking":false,"footnotes":""},"categories":[692,49,54],"tags":[],"class_list":["post-37123","post","type-post","status-publish","format-standard","has-post-thumbnail","category-692","category-desde","category-mujeres"],"_links":{"self":[{"href":"https:\/\/redsemlac.com\/semmexico\/wp-json\/wp\/v2\/posts\/37123","targetHints":{"allow":["GET"]}}],"collection":[{"href":"https:\/\/redsemlac.com\/semmexico\/wp-json\/wp\/v2\/posts"}],"about":[{"href":"https:\/\/redsemlac.com\/semmexico\/wp-json\/wp\/v2\/types\/post"}],"author":[{"embeddable":true,"href":"https:\/\/redsemlac.com\/semmexico\/wp-json\/wp\/v2\/users\/3"}],"replies":[{"embeddable":true,"href":"https:\/\/redsemlac.com\/semmexico\/wp-json\/wp\/v2\/comments?post=37123"}],"version-history":[{"count":0,"href":"https:\/\/redsemlac.com\/semmexico\/wp-json\/wp\/v2\/posts\/37123\/revisions"}],"wp:featuredmedia":[{"embeddable":true,"href":"https:\/\/redsemlac.com\/semmexico\/wp-json\/wp\/v2\/media\/37124"}],"wp:attachment":[{"href":"https:\/\/redsemlac.com\/semmexico\/wp-json\/wp\/v2\/media?parent=37123"}],"wp:term":[{"taxonomy":"category","embeddable":true,"href":"https:\/\/redsemlac.com\/semmexico\/wp-json\/wp\/v2\/categories?post=37123"},{"taxonomy":"post_tag","embeddable":true,"href":"https:\/\/redsemlac.com\/semmexico\/wp-json\/wp\/v2\/tags?post=37123"}],"curies":[{"name":"wp","href":"https:\/\/api.w.org\/{rel}","templated":true}]}}