{"id":37120,"date":"2021-06-20T08:24:08","date_gmt":"2021-06-20T14:24:08","guid":{"rendered":"https:\/\/redsemlac.com\/semmexico\/?p=37120"},"modified":"2023-07-21T17:02:15","modified_gmt":"2023-07-21T22:02:15","slug":"dia-mundial-de-las-personas-refugiadas","status":"publish","type":"post","link":"https:\/\/redsemlac.com\/semmexico\/dia-mundial-de-las-personas-refugiadas\/","title":{"rendered":"D\u00eda Mundial de las Personas Refugiadas"},"content":{"rendered":"<p><span style=\"font-weight: 400;\">\u201cLas mujeres huyen por lo que son, por ser mujeres\u201d<\/span><!--more--><\/p>\n<p><span style=\"font-weight: 400;\">Cada a\u00f1o, el 20 de junio se celebra el D\u00eda Mundial de las Personas Refugiadas<\/span><\/p>\n<p><span style=\"font-weight: 400;\">&nbsp;<\/span><a href=\"https:\/\/amecopress.net\/Andrea-de-Lucas\"><span style=\"font-weight: 400;\">Andrea de Lucas<\/span><\/a><\/p>\n<p><span style=\"font-weight: 400;\">SemM\u00e9xico\/Amecopress, Madrid, 20 de junio, 2021.- &nbsp;<\/span><i><span style=\"font-weight: 400;\">Un refugiado o una refugiada es una persona que \u201cdebido a fundados temores de ser perseguida por motivos de raza, religi\u00f3n, nacionalidad, pertenencia a un grupo social u opiniones pol\u00edticas se encuentra fuera del pa\u00eds de su nacionalidad y no puede acogerse a la protecci\u00f3n de dicho pa\u00eds\u201d. En 2019, antes de que la pandemia de COVID-19 asolara el planeta entero, se contabilizaron un total de 79,5 millones de personas desplazadas a la fuerza seg\u00fan datos de la Agencia de la ONU para los Refugiados (ACNUR).<\/span><\/i><\/p>\n<p><span style=\"font-weight: 400;\">En Espa\u00f1a, y conforme las cifras del Comisionado Espa\u00f1ol de Ayuda al Refugiado (CEAR), se presentaron ese mismo a\u00f1o un total de 118.264 solicitudes, m\u00e1s del doble que en 2018. De todas ellas, \u00fanicamente se llegaron a resolver 60.198 expedientes, donde tambi\u00e9n se suman algunos acumulados de otros a\u00f1os.<\/span><\/p>\n<p><span style=\"font-weight: 400;\">Hay que tener en cuenta que durante 2020 y 2021 el perfil la persona que solicita refugio en nuestro pa\u00eds ha cambiado, por las limitaciones de movilidad internacional que ha ocasionado la pandemia del coronavirus, y que ha hecho que muchas personas de Latinoam\u00e9rica, por ejemplo, no hayan podido salir de su pa\u00eds de origen a Europa. Este \u00faltimo a\u00f1o, las personas que m\u00e1s han llegado a las costas espa\u00f1olas lo han hecho desde \u00c1frica: Magreb, Marruecos y Argelia, es decir, quienes pod\u00edan salir de sus pa\u00edses por v\u00eda mar\u00edtima.<\/span><\/p>\n<p><span style=\"font-weight: 400;\">Refugiadas por G\u00e9nero<\/span><\/p>\n<p><span style=\"font-weight: 400;\">Dentro de todas las dificultades a las que se enfrentan las personas refugiadas que buscan asilo en otros pa\u00edses, hay que destacar la discriminaci\u00f3n, persecuci\u00f3n y violencia a la que se enfrentan las mujeres refugiadas por el simple hecho de ser mujeres.<\/span><\/p>\n<p><span style=\"font-weight: 400;\">Desde CEAR, Mar\u00eda \u00c1ngeles Plaza, coordinadora estatal de salud mental, nos cuenta que \u201clos motivos de persecuci\u00f3n son pr\u00e1cticamente los mismos para todas las mujeres del mundo\u201d como pueden ser los matrimonios concertados, la mutilaci\u00f3n genital femenina, la trata de personas, la violencia estructural contra las mujeres, la persecuci\u00f3n por diversidad sexual e identidad de g\u00e9nero a la que tambi\u00e9n se enfrenta todo el colectivo LGTBI, etc.<\/span><\/p>\n<p><span style=\"font-weight: 400;\">\u201cPrimero huyen de sistemas patriarcales, de la desigualdad de poder que existe en la mayor\u00eda de los pa\u00edses y de sistemas que legitiman, mantienen o perpet\u00faan la impunidad de la violencia de g\u00e9nero hacia las mujeres\u201d, recalca Plaza.<\/span><\/p>\n<p><span style=\"font-weight: 400;\">Otra de las diferencias del por qu\u00e9 hombres y mujeres huyen de sus pa\u00edses de origen, son las causas por las que se les persigue: \u201cMuchas veces decimos que los hombres huyen por lo que hacen, porque son activistas, porque son narcotraficantes, o porque luchan contra el narcotr\u00e1fico, por su profesi\u00f3n (\u2026) y la mayor\u00eda de las mujeres huyen por lo que son, es decir, porque son mujeres\u201d explica la coordinadora.<\/span><\/p>\n<p><span style=\"font-weight: 400;\">\u201cLuego adem\u00e1s hay mujeres que son activistas, periodistas, que tienen otros roles, pero la mayor\u00eda podemos decir que huyen de sistemas patriarcales donde no las permiten tener acceso a los mismos recursos que los hombres\u201d, matiza.<\/span><\/p>\n<p><span style=\"font-weight: 400;\">Pero, aunque el perfil las personas que piden refugio haya cambiado por la situaci\u00f3n de pandemia mundial, no significa que haya disminuido el n\u00famero de mujeres, en este caso, que necesiten asilo en otro pa\u00eds, simplemente se enfrentan a la dificultad de que no pueden llegar: \u201cLas mujeres de Venezuela, por ejemplo, huyen a Colombia porque es donde pueden acceder, y las mujeres de Centroam\u00e9rica muchas llegan a EE.UU, otras no\u201d, aclara Mar\u00eda \u00c1ngeles Plaza, a\u00f1adiendo que \u201clos procesos migratorios a veces son condicionados por d\u00f3nde puedes salvaguardar tu integridad f\u00edsica y psicol\u00f3gica, y la de tu familia\u201d.<\/span><\/p>\n<p><span style=\"font-weight: 400;\">\u201cLas redes sociales de apoyo son el mejor predictor de recuperaci\u00f3n de salud mental\u201d<\/span><\/p>\n<p><span style=\"font-weight: 400;\">Dentro del marco psicol\u00f3gico y de todas las problem\u00e1ticas que se encuentran las personas refugiadas, tanto mujeres como hombres, cuando llegan a su pa\u00eds de destino, la coordinadora estatal de salud mental comenta que \u201clas redes sociales son el mejor predictor de recuperaci\u00f3n de salud mental, y hay que facilitar a las personas ese contacto y ese v\u00ednculo de no aislamiento, vincularles con sus redes sociales de apoyo es una de las mejores intervenciones que podemos hacer de cara a mejorar la salud mental de las personas refugiadas\u201d.<\/span><\/p>\n<p><span style=\"font-weight: 400;\">\u201cEs verdad que el proceso de inclusi\u00f3n es dif\u00edcil pero nuestro objetivo siempre va a ser el empoderamiento, la no revictimizaci\u00f3n, el poder dar voz a esas personas y que sean protagonistas de su historia\u201d, nos cuenta Plaza, comentando adem\u00e1s que el proceso de empoderamiento para las mujeres refugiadas es muy importante: \u201cA estas mujeres que vienen de espacios vinculados al hogar donde no han podido desarrollar ciertas habilidades hay que dotarlas de recursos, porque tienen esas habilidades y se deben reforzar para darles autonom\u00eda\u201d.<\/span><\/p>\n<p><span style=\"font-weight: 400;\">Y es que al final, aunque las mujeres no tengan mayores dificultades para encontrar asilo al ser consideradas muchas veces colectivo vulnerable, lo m\u00e1s complicado es el proceso de inclusi\u00f3n por las diferentes barreras sociales: el idioma, la cultura, los recursos de los que disponen, etc.<\/span><\/p>\n<p><span style=\"font-weight: 400;\">\u201cLa inmigraci\u00f3n no viene por un efecto llamada, viene por un efecto salida, por buscar una vida mejor\u201d<\/span><\/p>\n<p><span style=\"font-weight: 400;\">Sobre esto, la asociaci\u00f3n M\u00e9dicos del Mundo analiz\u00f3 c\u00f3mo es el trato que reciben las personas migrantes al llegar a Espa\u00f1a, llegando a la conclusi\u00f3n de que no se le da la suficiente importancia a su salud mental, por lo que todas las patolog\u00edas previas que tienen se acaban agravando.<\/span><\/p>\n<p><span style=\"font-weight: 400;\">En este contexto, la presidenta de la asociaci\u00f3n, Nieves Turienzo, explic\u00f3 en la presentaci\u00f3n de su informe que \u201cla falta de informaci\u00f3n provoca empeoramiento de la ansiedad, y los recursos que existen tanto en Canarias como en Melilla no son suficientes\u201d, recalcando algo muy importante: \u201cLa inmigraci\u00f3n no viene por un efecto llamada, viene por un efecto salida, por buscar una vida mejor como han hecho muchos espa\u00f1oles que han salido durante muchos a\u00f1os al exterior\u201d.<\/span><\/p>\n<p><span style=\"font-weight: 400;\">Por otro lado, Judith Garc\u00eda Padilla, abogada del servicio jur\u00eddico de la Asociaci\u00f3n Comisi\u00f3n Cat\u00f3lica Espa\u00f1ola de Migraciones (Accem), nos explica que muchas mujeres refugiadas huyen porque en su pa\u00eds de origen \u201cni si quiera est\u00e1 penado de forma espec\u00edfica la violencia contra las mujeres, o porque incluso est\u00e1ndolo, el Estado no es capaz de darles una protecci\u00f3n\u201d.<\/span><\/p>\n<p><span style=\"font-weight: 400;\">Adem\u00e1s, recalca que las mujeres refugiadas deben estar en espacios seguros en los que \u201cno compartan espacios con hombres, porque pueden haber sufrido determinadas formas de violencia en las que se pueden sentir inc\u00f3modas o pueden tener cierto temor a compartir espacios con ellos\u201d. Por ello, el procedimiento a seguir cuando llegan al pa\u00eds de destino es intentar que \u201csean espacios lo m\u00e1s seguros posibles, c\u00f3modos y adaptados a las circunstancias de cada mujer\u201d.<\/span><\/p>\n<p><span style=\"font-weight: 400;\"><\/p>\n<p><\/span><\/p>\n<p>&nbsp;<\/p>\n","protected":false},"excerpt":{"rendered":"<p>\u201cLas mujeres huyen por lo que son, por ser mujeres\u201d<\/p>\n","protected":false},"author":3,"featured_media":37121,"comment_status":"open","ping_status":"open","sticky":false,"template":"","format":"standard","meta":{"_monsterinsights_skip_tracking":false,"footnotes":""},"categories":[692,49,54],"tags":[],"class_list":["post-37120","post","type-post","status-publish","format-standard","has-post-thumbnail","category-692","category-desde","category-mujeres"],"_links":{"self":[{"href":"https:\/\/redsemlac.com\/semmexico\/wp-json\/wp\/v2\/posts\/37120","targetHints":{"allow":["GET"]}}],"collection":[{"href":"https:\/\/redsemlac.com\/semmexico\/wp-json\/wp\/v2\/posts"}],"about":[{"href":"https:\/\/redsemlac.com\/semmexico\/wp-json\/wp\/v2\/types\/post"}],"author":[{"embeddable":true,"href":"https:\/\/redsemlac.com\/semmexico\/wp-json\/wp\/v2\/users\/3"}],"replies":[{"embeddable":true,"href":"https:\/\/redsemlac.com\/semmexico\/wp-json\/wp\/v2\/comments?post=37120"}],"version-history":[{"count":0,"href":"https:\/\/redsemlac.com\/semmexico\/wp-json\/wp\/v2\/posts\/37120\/revisions"}],"wp:featuredmedia":[{"embeddable":true,"href":"https:\/\/redsemlac.com\/semmexico\/wp-json\/wp\/v2\/media\/37121"}],"wp:attachment":[{"href":"https:\/\/redsemlac.com\/semmexico\/wp-json\/wp\/v2\/media?parent=37120"}],"wp:term":[{"taxonomy":"category","embeddable":true,"href":"https:\/\/redsemlac.com\/semmexico\/wp-json\/wp\/v2\/categories?post=37120"},{"taxonomy":"post_tag","embeddable":true,"href":"https:\/\/redsemlac.com\/semmexico\/wp-json\/wp\/v2\/tags?post=37120"}],"curies":[{"name":"wp","href":"https:\/\/api.w.org\/{rel}","templated":true}]}}