{"id":37118,"date":"2021-06-19T18:37:17","date_gmt":"2021-06-20T00:37:17","guid":{"rendered":"https:\/\/redsemlac.com\/semmexico\/?p=37118"},"modified":"2023-07-21T17:02:15","modified_gmt":"2023-07-21T22:02:15","slug":"empoderamiento-un-ejemplo-a-proposito-del-trabajo-domestico","status":"publish","type":"post","link":"https:\/\/redsemlac.com\/semmexico\/empoderamiento-un-ejemplo-a-proposito-del-trabajo-domestico\/","title":{"rendered":"\u00bfEmpoderamiento? un ejemplo a prop\u00f3sito del trabajo dom\u00e9stico"},"content":{"rendered":"<p>*En lo individual una no puede empoderar a otra mujer, ni tampoco de ello se puede jactar el gobierno o las instituciones.<\/p>\n<p><!--more--><\/p>\n<p>Desde la mano izquierda.<\/p>\n<p>SemM\u00e9xico. Cd de M\u00e9xico, 19 de junio de 2021.- El diccionario de la Real Academia define la palabra empoderamiento como la acci\u00f3n y el efecto de empoderar: hacer poderoso o fuerte a un individuo o grupo social desfavorecido. Es urgente partir de aqu\u00ed, porque desde hace tiempo las acciones gubernamentales y sociales han hecho usura de este verbo, \u00edntimamente ligado al feminismo; haci\u00e9ndole pasar por cualquier cosa.<\/p>\n<p>M\u00e9xico es en esto muestra irrefutable, las pol\u00edticas p\u00fablicas que tienen el objetivo de \u201cempoderar\u201d pasan por las clases de corte y confecci\u00f3n o la cocina, el cuidado de personas de la tercera edad, la entrega de elementos m\u00ednimos para la cr\u00eda de animales, la peque\u00f1a agricultura y por supuesto los apoyos econ\u00f3micos con cierta periodicidad.<\/p>\n<p>Es dable considerar que estas acciones desde el Estado pretendan genuinamente mejorar la calidad de vida de las familias a trav\u00e9s de la adquisici\u00f3n de conocimientos y bienes a las mujeres que se hacen cargo de ellas, o en el peor de los casos abusar como pasa cada vez m\u00e1s en nuestro pa\u00eds, de la necesidad ajena a fin de comprar o manipular voluntades. Pero nada de esto es empoderamiento.<\/p>\n<p>En lo individual una no puede empoderar a otra mujer, ni tampoco de ello se puede jactar el gobierno o las instituciones. La adquisici\u00f3n de poder requiere indispensablemente de la concienciaci\u00f3n de quienes somos las mujeres y la relevancia del papel que representamos en las distintas esferas que conforman nuestra vida. Lo que si se puede hacer es facilitar las condiciones para ello, encaminar la participaci\u00f3n de una mujer o un colectivo en torno a sus intereses y necesidades y fomentar la organizaci\u00f3n para la exigencia de derechos.<\/p>\n<p>Piense en el caso de las trabajadoras dom\u00e9sticas. Est\u00e1n dadas desde hace d\u00e9cadas las circunstancias injustas de sus condiciones laborales que llegan a caer en la explotaci\u00f3n, la violencia y la trata, dada la aplicaci\u00f3n de estereotipos de g\u00e9nero para la divisi\u00f3n sexual del trabajo, este grupo lo conforman a nivel mundial en un 76.2% mujeres dedicadas a las tareas de limpieza, elaboraci\u00f3n de alimentos o cuidados de ni\u00f1os adultos mayores y personas con discapacidad.<\/p>\n<p>As\u00ed, una perspectiva apunta a no incentivar la continuaci\u00f3n de estos espacios de trabajo en tanto debiera fomentarse con determinada fuerza una mayor diversidad de opciones laborales, otros en cambio se decantan por otorgar un marco jur\u00eddico que formalice la relaci\u00f3n y aporte prestaciones de seguridad social. En este caso no s\u00f3lo pueden y deben potenciarse ambas visiones, sino, adem\u00e1s, considerando que cada vez habr\u00e1 m\u00e1s personas dependientes debido al envejecimiento de la poblaci\u00f3n, tambi\u00e9n es urgente que los hombres se integren a estas tareas y cumplan con la responsabilidad que les corresponde dentro de sus familias.<\/p>\n<p>Hagamos un \u00e9nfasis, la pandemia de coronavirus caus\u00f3 da\u00f1os econ\u00f3micos graves y provoc\u00f3 la p\u00e9rdida de empleos, sobre todo los informales como este, en el m\u00e1s reciente informe de la Organizaci\u00f3n Internacional del Trabajo refiere: \u201cEn comparaci\u00f3n con el \u00faltimo trimestre de 2019, en el segundo trimestre de 2020 el n\u00famero de trabajadores dom\u00e9sticos disminuy\u00f3 entre un 5 y un 20 por ciento en la mayor\u00eda de los pa\u00edses europeos cubiertos, y en alrededor del 50 por ciento en Am\u00e9rica Latina y el Caribe\u201d.<\/p>\n<p>Alg\u00fan esfuerzo al respecto viene d\u00e1ndose en M\u00e9xico para este grupo, muestra de ello dio el Instituto Mexicano del Seguro Social al iniciar la segunda fase de un programa voluntario para afiliar a las trabajadoras del hogar http:\/\/www.imss.gob.mx\/personas-trabajadoras-hogar y que puedan acceder a servicios m\u00e9dicos, entre otras prestaciones para ellas y sus familiares directos al igual que sucede con otros empleos.<\/p>\n<p>Precisamente en la b\u00fasqueda de brindar formalidad y seguridades, la Conferencia General de la OIT cuenta con el Convenio C189 destinado a la adopci\u00f3n por parte de los Estados, de pol\u00edticas afines a promover principios y derechos en este \u00e1mbito, como la libertad de asociaci\u00f3n y sindical, la eliminaci\u00f3n de todas las formas de trabajo forzoso, la abolici\u00f3n del trabajo infantil, la eliminaci\u00f3n de la discriminaci\u00f3n, as\u00ed como la protecci\u00f3n contra el abuso y la violencia. Dicho instrumento entrar\u00e1 en vigor para M\u00e9xico el 3 de julio de este a\u00f1o y requiere adem\u00e1s de reformas legales, el reconocimiento y disposici\u00f3n de la sociedad para facilitar un acceso pleno.<\/p>\n<p>Volvemos al punto, en este v\u00ednculo habitualmente dado a la conmiseraci\u00f3n o al buen\u00edsmo moral de profundas ra\u00edces discriminatorias, podemos caer en el error de pensar que somos nosotras quienes empoderamos a las mujeres y no es as\u00ed, proveemos condiciones para ese trayecto, en el caso del gobierno en estricto cumplimiento a sus obligaciones y a nivel individual porque es lo debido en coherencia con un actuar \u00e9tico ni m\u00e1s ni menos. A m\u00e1s ver.<\/p>\n<p>Claudia Almaguer<br \/>\n@Almagzur<\/p>\n","protected":false},"excerpt":{"rendered":"<p>*En lo individual una no puede empoderar a otra mujer, ni tampoco de ello se puede jactar el gobierno o las instituciones.<\/p>\n","protected":false},"author":3,"featured_media":30045,"comment_status":"open","ping_status":"open","sticky":false,"template":"","format":"standard","meta":{"_monsterinsights_skip_tracking":false,"footnotes":""},"categories":[692,131,36,35],"tags":[],"class_list":["post-37118","post","type-post","status-publish","format-standard","has-post-thumbnail","category-692","category-claudia-almaguer","category-columnistas","category-opinion"],"_links":{"self":[{"href":"https:\/\/redsemlac.com\/semmexico\/wp-json\/wp\/v2\/posts\/37118","targetHints":{"allow":["GET"]}}],"collection":[{"href":"https:\/\/redsemlac.com\/semmexico\/wp-json\/wp\/v2\/posts"}],"about":[{"href":"https:\/\/redsemlac.com\/semmexico\/wp-json\/wp\/v2\/types\/post"}],"author":[{"embeddable":true,"href":"https:\/\/redsemlac.com\/semmexico\/wp-json\/wp\/v2\/users\/3"}],"replies":[{"embeddable":true,"href":"https:\/\/redsemlac.com\/semmexico\/wp-json\/wp\/v2\/comments?post=37118"}],"version-history":[{"count":0,"href":"https:\/\/redsemlac.com\/semmexico\/wp-json\/wp\/v2\/posts\/37118\/revisions"}],"wp:featuredmedia":[{"embeddable":true,"href":"https:\/\/redsemlac.com\/semmexico\/wp-json\/wp\/v2\/media\/30045"}],"wp:attachment":[{"href":"https:\/\/redsemlac.com\/semmexico\/wp-json\/wp\/v2\/media?parent=37118"}],"wp:term":[{"taxonomy":"category","embeddable":true,"href":"https:\/\/redsemlac.com\/semmexico\/wp-json\/wp\/v2\/categories?post=37118"},{"taxonomy":"post_tag","embeddable":true,"href":"https:\/\/redsemlac.com\/semmexico\/wp-json\/wp\/v2\/tags?post=37118"}],"curies":[{"name":"wp","href":"https:\/\/api.w.org\/{rel}","templated":true}]}}