{"id":3710,"date":"2019-03-05T21:44:25","date_gmt":"2019-03-05T21:44:25","guid":{"rendered":"https:\/\/redsemlac.com\/semmexico\/?p=3710"},"modified":"2023-07-21T14:47:05","modified_gmt":"2023-07-21T19:47:05","slug":"otros-temas-como-el-huachicol-han-hecho-que-los-legisladores-dejaran-de-lado-temas-prioritarios","status":"publish","type":"post","link":"https:\/\/redsemlac.com\/semmexico\/otros-temas-como-el-huachicol-han-hecho-que-los-legisladores-dejaran-de-lado-temas-prioritarios\/","title":{"rendered":"Otros temas como el huachicol, han hecho que los legisladores dejaran de lado temas prioritarios."},"content":{"rendered":"\n<p class=\"wp-block-paragraph\"><a href=\"https:\/\/www.semmexico.com\/gallery-post.php?id=7093#\">Redacci\u00f3n<\/a><\/p>\n\n\n\n<p class=\"wp-block-paragraph\">SemM\u00e9xico\/CCO Noticias. Cd. de M\u00e9xico. 5 de febrero de 2019.- Magdalena N\u00fa\u00f1ez Monreal, Comisionada Pol\u00edtica del Partido del Trabajo en la Ciudad de M\u00e9xico se\u00f1al\u00f3 que los delitos como el abuso sexual, la violencia contra menores, feminicidio, robo a casa habitaci\u00f3n, desaparici\u00f3n forzada y robo a transporte de carga, deben ser considerados delitos graves.<\/p>\n\n\n\n<p class=\"wp-block-paragraph\">En comunicado de prensa, agreg\u00f3 que \u00e9stos il\u00edcitos afectan a los habitantes de la Ciudad de M\u00e9xico, por lo que \u201csin lugar a dudas deben ser considerados en la legislaci\u00f3n para no tener derecho a fianza y se puedan castigar tan severamente como lo ameriten\u201d, acot\u00f3.<\/p>\n\n\n\n<p class=\"wp-block-paragraph\">Dijo que de no resultar como delitos graves, casos como la desaparici\u00f3n forzada de los 43 estudiantes de Ayotzinapa, la muerte de mujeres y ni\u00f1as en todo el territorio nacional y el abuso sexual contra menores, seguir\u00e1n creciendo y se convertir\u00e1n en temas de impunidad.<\/p>\n\n\n\n<p class=\"wp-block-paragraph\">Lament\u00f3 que otros temas como el huachicol, hayan hecho que los legisladores dejaran de lado temas prioritarios. Ante ello, anunci\u00f3 que sostendr\u00e1 reuniones con los legisladores encargados de dictaminar el tema y con el grupo parlamentario del PT.<\/p>\n\n\n\n<p class=\"wp-block-paragraph\">Finalmente, manifest\u00f3 que la Asociaci\u00f3n de Empresarios progresistas de M\u00e9xico le hicieron llegar su posici\u00f3n y est\u00e1n \u201crotundamente en contra de haber quitado estos delitos de la legislaci\u00f3n como graves\u201d.<br><\/p>\n","protected":false},"excerpt":{"rendered":"<p>Redacci\u00f3n SemM\u00e9xico\/CCO Noticias. Cd. de M\u00e9xico. 5 de febrero de 2019.- Magdalena N\u00fa\u00f1ez Monreal, Comisionada Pol\u00edtica del Partido del Trabajo en la Ciudad de M\u00e9xico se\u00f1al\u00f3 que los delitos como el abuso sexual, la violencia contra menores, feminicidio, robo a casa habitaci\u00f3n, desaparici\u00f3n forzada y robo a transporte de carga, deben ser considerados delitos graves. [&hellip;]<\/p>\n","protected":false},"author":3,"featured_media":3711,"comment_status":"open","ping_status":"open","sticky":false,"template":"","format":"standard","meta":{"_monsterinsights_skip_tracking":false,"footnotes":""},"categories":[690,50],"tags":[],"class_list":["post-3710","post","type-post","status-publish","format-standard","has-post-thumbnail","category-690","category-congreso"],"_links":{"self":[{"href":"https:\/\/redsemlac.com\/semmexico\/wp-json\/wp\/v2\/posts\/3710","targetHints":{"allow":["GET"]}}],"collection":[{"href":"https:\/\/redsemlac.com\/semmexico\/wp-json\/wp\/v2\/posts"}],"about":[{"href":"https:\/\/redsemlac.com\/semmexico\/wp-json\/wp\/v2\/types\/post"}],"author":[{"embeddable":true,"href":"https:\/\/redsemlac.com\/semmexico\/wp-json\/wp\/v2\/users\/3"}],"replies":[{"embeddable":true,"href":"https:\/\/redsemlac.com\/semmexico\/wp-json\/wp\/v2\/comments?post=3710"}],"version-history":[{"count":0,"href":"https:\/\/redsemlac.com\/semmexico\/wp-json\/wp\/v2\/posts\/3710\/revisions"}],"wp:featuredmedia":[{"embeddable":true,"href":"https:\/\/redsemlac.com\/semmexico\/wp-json\/wp\/v2\/media\/3711"}],"wp:attachment":[{"href":"https:\/\/redsemlac.com\/semmexico\/wp-json\/wp\/v2\/media?parent=3710"}],"wp:term":[{"taxonomy":"category","embeddable":true,"href":"https:\/\/redsemlac.com\/semmexico\/wp-json\/wp\/v2\/categories?post=3710"},{"taxonomy":"post_tag","embeddable":true,"href":"https:\/\/redsemlac.com\/semmexico\/wp-json\/wp\/v2\/tags?post=3710"}],"curies":[{"name":"wp","href":"https:\/\/api.w.org\/{rel}","templated":true}]}}