{"id":37083,"date":"2021-06-18T18:30:35","date_gmt":"2021-06-19T00:30:35","guid":{"rendered":"https:\/\/redsemlac.com\/semmexico\/?p=37083"},"modified":"2023-07-21T17:02:16","modified_gmt":"2023-07-21T22:02:16","slug":"el-estado-se-equivoca-con-la-militarizacion-dice-yndira-sandoval-sanchez-al-recibir-disculpa-publica-de-autoridades-de-guerrero","status":"publish","type":"post","link":"https:\/\/redsemlac.com\/semmexico\/el-estado-se-equivoca-con-la-militarizacion-dice-yndira-sandoval-sanchez-al-recibir-disculpa-publica-de-autoridades-de-guerrero\/","title":{"rendered":"El Estado se equivoca con la militarizaci\u00f3n, dice  Yndira Sandoval S\u00e1nchez al recibir disculpa p\u00fablica de autoridades de Guerrero"},"content":{"rendered":"\n<p class=\"wp-block-paragraph\">No hay violencia m\u00e1s destemplada que la que ejercen las instituciones: Lorena Villavicencio<\/p>\n\n\n\n<p class=\"wp-block-paragraph\">V\u00edctima del sistema patriarcal, se\u00f1al\u00f3 Guadalupe Almaguer<\/p>\n\n\n\n<p class=\"wp-block-paragraph\">Elda Montiel&nbsp;<\/p>\n\n\n\n<p class=\"wp-block-paragraph\">SemM\u00e9xico, Cd. de M\u00e9xico, 18 de junio 2021.- Yndira Sandoval S\u00e1nchez, feminista y defensora de los derechos humanos le se\u00f1al\u00f3 al Estado que se equivoca si cree que militarizando al pa\u00eds y debilitando instancias como el mecanismo de protecci\u00f3n, a la comisi\u00f3n nacional de v\u00edctimas,&nbsp;&nbsp;a los fideicomisos y todas las instancias que garantizan los derechos humanos, porque son las mismas armas con las que en la calle se mata a las mujeres.<\/p>\n\n\n\n<p class=\"wp-block-paragraph\">Al aceptar la disculpa p\u00fablica por parte del presidente municipal de Tlapa, Guerrero como reparaci\u00f3n del da\u00f1o por la tortura sexual de que fue v\u00edctima hace cuatro a\u00f1os por agentes municipales, se\u00f1al\u00f3 que a las mujeres en este pa\u00eds se les quiere reducir y s\u00f3lo cuentan si son asesinadas desaparecidas.&nbsp;<\/p>\n\n\n\n<p class=\"wp-block-paragraph\">Precis\u00f3 que aceptaba la disculpa p\u00fablica porque cree en las instituciones y porque est\u00e1 segura que lleg\u00f3 el momento de otro orden pol\u00edtico y social y que \u00e9ste s\u00f3lo se consolida con las mujeres, con las organizaciones de la sociedad civil y con la voluntad y la garant\u00eda de todas las instituciones del Estado de reconocer los derechos humanos de todas las personas.&nbsp;&nbsp;<\/p>\n\n\n\n<p class=\"wp-block-paragraph\">Exhort\u00f3 a las mujeres a que nunca se callen ni claudiquen cuando resulten v\u00edctimas ni cuando el agresor sea el Estado, como en su caso.<\/p>\n\n\n\n<p class=\"wp-block-paragraph\">\u201cA m\u00ed me violo el Estado y me hice justicia yo\u201d, acot\u00f3.&nbsp;<\/p>\n\n\n\n<p class=\"wp-block-paragraph\">Como activista y feminista, expres\u00f3 que seguir\u00e1 trabajando para que ning\u00fan agresor llegue al poder en ninguno de los tres niveles de gobierno, y expres\u00f3 su deseo de inaugurar la Escuela de defensoras y defensores de los derechos humanos al que se comprometi\u00f3 el municipio de Tlapa a instalar con el nombre de \u201cSeguridad, Justicia y Paz\u201d.<\/p>\n\n\n\n<p class=\"wp-block-paragraph\">As\u00ed como impulsar\u00e1&nbsp;&nbsp;en todo el pa\u00eds, la iniciativa que presentar\u00e1 la presidencia municipal de Tlapa para que se reforme el&nbsp;C\u00f3digo Penal del Estado de Guerrero, para que toda violencia sexual contra las mujeres cometida por agentes del Estado en especial por integrantes de las fuerzas p\u00fablicas o castrenses sean tipificadas, reconocidas, investigadas y sancionadas como tortura sexual.&nbsp;<\/p>\n\n\n\n<p class=\"wp-block-paragraph\">El presidente municipal Dionicio Mercedes Pichardo Garc\u00eda dio cumplimiento a la disculpa p\u00fablica a Yndira Sandoval S\u00e1nchez dando cumplimiento a la Recomendaci\u00f3n 63\/2019 emitida por la CNDH en materia de tortura sexual.<\/p>\n\n\n\n<p class=\"wp-block-paragraph\">Se compromete a colaborar ampliamente para que se investigue la participaci\u00f3n de&nbsp;las y los servidores p\u00fablicos involucrados, as\u00ed como dem\u00e1s elementos de la&nbsp;Polic\u00eda Municipal en los hechos violatorios a derechos humanos&nbsp;y que en su caso se haga la denuncia ante la Fiscal\u00eda Estatal.<\/p>\n\n\n\n<p class=\"wp-block-paragraph\">Reconoci\u00f3 a Yndira Sandoval S\u00e1nchez&nbsp;por ser una&nbsp;mujer y una defensora de derechos humanos valiosa y necesaria para nuestra sociedad, y expreso que la disculpa p\u00fablica no resarce todos los agravios en su contra, pero convencido de que la justicia restaurativa es una alternativa para salvaguardar su dignidad y honorabilidad.&nbsp;<\/p>\n\n\n\n<p class=\"wp-block-paragraph\">Luego&nbsp;&nbsp;hizo un reclamo a los medios de comunicaci\u00f3n para que&nbsp;no sean c\u00f3mplices ni veh\u00edculos potenciales de violencia contra las mujeres, y que la \u00e9tica sea colocando en el centro a los derechos humanos.<\/p>\n\n\n\n<p class=\"wp-block-paragraph\">Detallo que el estado de ebriedad en los t\u00e9rminos de los derechos humanos es \u201cestado de indefensi\u00f3n\u201d y que las mujeres tienen derecho al goce y a la resaca, lo cual utilizaron los medios como tribunales medi\u00e1ticos para subestimar su caso jur\u00eddicamente y mermar la importancia de los hechos.&nbsp;&nbsp;<\/p>\n\n\n\n<p class=\"wp-block-paragraph\">La diputada Guadalupe Almaguer Pardo, secretaria de la Comisi\u00f3n de Igualdad Sustantiva de la C\u00e1mara de Diputados, destac\u00f3 que&nbsp;Yndira Sandoval&nbsp;&nbsp;a pesar de sus conocimientos y ser defensora se top\u00f3 con la pesadilla que representa este&nbsp;&nbsp;sistema patriarcal,&nbsp;&nbsp;con el que se tuvo que enfrentar a un&nbsp;&nbsp;proceso victimizante, con violaciones al debido proceso y la debida diligencia, gener\u00e1ndole distintos agravios, en su vida personal, familiar, laboral, social y pol\u00edtica, as\u00ed como un desmedido nivel de criminalizaci\u00f3n y estigmatizaci\u00f3n que la coloc\u00f3, hasta la fecha, en una situaci\u00f3n de riesgo.<\/p>\n\n\n\n<p class=\"wp-block-paragraph\">Abundo que Yndira logra que esto sea un mensaje de exigencia para la implementaci\u00f3n sustantiva de medidas de no repetici\u00f3n y que toda violencia sexual contra mujeres realizada por elementos del Estado, debe ser considerada, investigada y sancionada como tortura sexual, y sobre todo, se resalta la importancia de creer siempre en la palabra de las v\u00edctimas.<\/p>\n\n\n\n<p class=\"wp-block-paragraph\">\u201cSu lucha nos deja la lecci\u00f3n que ninguna mujer deber\u00eda enfrentarse a estas violaciones y menos por parte del Estado\u201d, acoto.&nbsp;<\/p>\n\n\n\n<p class=\"wp-block-paragraph\">La diputada Lorena Villavicencio Ayala, Coordinadora de la Subcomisi\u00f3n de Justicia para la Atenci\u00f3n a Casos de violencia contra las mujeres de la C\u00e1mara de Diputados se pronunci\u00f3 contra la militarizaci\u00f3n de la vida p\u00fablica y la seguridad ciudadana, porque consider\u00f3 que no hay violencia m\u00e1s destemplada que la que ejercen las instituciones y la de quienes en nombre de la seguridad torturan a muchas mujeres en este pa\u00eds.<\/p>\n\n\n\n<p class=\"wp-block-paragraph\">A Yndira Sandoval le reconoci\u00f3 su persistencia que logro un perd\u00f3n que deber\u00eda multiplicarse en forma de eco en todo el pa\u00eds, por todas y cada una de las mujeres v\u00edctimas de distintas violencias que atentan contra su dignidad, integridad, libertad, derechos y vida.&nbsp;<\/p>\n\n\n\n<p class=\"wp-block-paragraph\">Consider\u00f3 que en este pa\u00eds deber\u00edan pedir perd\u00f3n todos los gobernantes por su incapacidad de proteger a las mujeres y ni\u00f1as, lo mismo que las fiscal\u00edas y el poder judicial por negar el derecho a la justicia.<\/p>\n\n\n\n<p class=\"wp-block-paragraph\">\u201cLo lograste Yndira, ahora corresponde que logremos que la verdad, la reparaci\u00f3n del da\u00f1o y la disculpa p\u00fablica sean los pilares de la Justicia que todas tenemos derecho y aspiramos. Sin ella, los derechos humanos se esfuman\u201d. \u201cMi reconocimiento por no cansarte y no ceder\u201d.&nbsp;<\/p>\n\n\n\n<p class=\"wp-block-paragraph\">Tu viviste la violencia de cuerpos de seguridad, la violencia por denunciarla, la violencia de la Fiscal\u00eda quien no s\u00f3lo lo se neg\u00f3 actuar, sino adem\u00e1s lanz\u00f3 una campa\u00f1a de estigmatizaci\u00f3n en contra tuya, se\u00f1alo.&nbsp;<\/p>\n\n\n\n<p class=\"wp-block-paragraph\">La legisladora Villavicencio reconoci\u00f3 a la Comisi\u00f3n Nacional de Derechos Humanos (CNDH) que se distingui\u00f3 por su autonom\u00eda al abrir la puerta para que este perd\u00f3n fuera posible, y que espera que esto refuerce la capacidad de la actual Comisi\u00f3n, en la defensa de las v\u00edctimas.&nbsp;<\/p>\n\n\n\n<p class=\"wp-block-paragraph\">Tambi\u00e9n reconoci\u00f3 la importante labor de Nira C\u00e1rdenas de ONU y el Mecanismo de Protecci\u00f3n de Defensores de Derechos Humanos y Periodistas.<\/p>\n\n\n\n<p class=\"wp-block-paragraph\">En el acto protocolario estuvieron presentes,\u00a0Luciana Monta\u00f1o titular de la Coordinaci\u00f3n de Seguimiento a Recomendaciones y Asuntos Jur\u00eddicos de la Comisi\u00f3n Nacional de Derechos Humanos,\u00a0\u00a0la se\u00f1ora Nira C\u00e1rdenas Oliva, oficial de Derechos Humanos y Coordinadora de la Unidad de G\u00e9nero de la Oficina M\u00e9xico de la alta Comisionada de las Naciones Unidas.\u00a0<\/p>\n\n\n\n<p class=\"wp-block-paragraph\">Hace cuatro a\u00f1os SemM\u00e9xico public\u00f3 lo siguiente:<\/p>\n\n\n\n<figure class=\"wp-block-embed is-type-wp-embed is-provider-semmexico wp-block-embed-semmexico\"><div class=\"wp-block-embed__wrapper\">\n<blockquote class=\"wp-embedded-content\" data-secret=\"ExUzLrKrmr\"><a href=\"https:\/\/redsemlac.com\/semmexico\/yndirasomostodas\/\">#YndiraSomosTodas<\/a><\/blockquote><iframe loading=\"lazy\" class=\"wp-embedded-content\" sandbox=\"allow-scripts\" security=\"restricted\" style=\"position: absolute; visibility: hidden;\" title=\"\u00ab#YndiraSomosTodas\u00bb \u2014 SemM\u00e9xico\" src=\"https:\/\/redsemlac.com\/semmexico\/yndirasomostodas\/embed\/#?secret=0eNRz3vAmW#?secret=ExUzLrKrmr\" data-secret=\"ExUzLrKrmr\" width=\"600\" height=\"338\" frameborder=\"0\" marginwidth=\"0\" marginheight=\"0\" scrolling=\"no\"><\/iframe>\n<\/div><\/figure>\n","protected":false},"excerpt":{"rendered":"<p>No hay violencia m\u00e1s destemplada que la que ejercen las instituciones: Lorena Villavicencio V\u00edctima del sistema patriarcal, se\u00f1al\u00f3 Guadalupe Almaguer Elda Montiel&nbsp; SemM\u00e9xico, Cd. de M\u00e9xico, 18 de junio 2021.- Yndira Sandoval S\u00e1nchez, feminista y defensora de los derechos humanos le se\u00f1al\u00f3 al Estado que se equivoca si cree que militarizando al pa\u00eds y debilitando [&hellip;]<\/p>\n","protected":false},"author":3,"featured_media":37084,"comment_status":"open","ping_status":"open","sticky":false,"template":"","format":"standard","meta":{"_monsterinsights_skip_tracking":false,"footnotes":""},"categories":[692,54],"tags":[],"class_list":["post-37083","post","type-post","status-publish","format-standard","has-post-thumbnail","category-692","category-mujeres"],"_links":{"self":[{"href":"https:\/\/redsemlac.com\/semmexico\/wp-json\/wp\/v2\/posts\/37083","targetHints":{"allow":["GET"]}}],"collection":[{"href":"https:\/\/redsemlac.com\/semmexico\/wp-json\/wp\/v2\/posts"}],"about":[{"href":"https:\/\/redsemlac.com\/semmexico\/wp-json\/wp\/v2\/types\/post"}],"author":[{"embeddable":true,"href":"https:\/\/redsemlac.com\/semmexico\/wp-json\/wp\/v2\/users\/3"}],"replies":[{"embeddable":true,"href":"https:\/\/redsemlac.com\/semmexico\/wp-json\/wp\/v2\/comments?post=37083"}],"version-history":[{"count":0,"href":"https:\/\/redsemlac.com\/semmexico\/wp-json\/wp\/v2\/posts\/37083\/revisions"}],"wp:featuredmedia":[{"embeddable":true,"href":"https:\/\/redsemlac.com\/semmexico\/wp-json\/wp\/v2\/media\/37084"}],"wp:attachment":[{"href":"https:\/\/redsemlac.com\/semmexico\/wp-json\/wp\/v2\/media?parent=37083"}],"wp:term":[{"taxonomy":"category","embeddable":true,"href":"https:\/\/redsemlac.com\/semmexico\/wp-json\/wp\/v2\/categories?post=37083"},{"taxonomy":"post_tag","embeddable":true,"href":"https:\/\/redsemlac.com\/semmexico\/wp-json\/wp\/v2\/tags?post=37083"}],"curies":[{"name":"wp","href":"https:\/\/api.w.org\/{rel}","templated":true}]}}